{"id":117395,"date":"2025-09-09T13:19:12","date_gmt":"2025-09-09T17:19:12","guid":{"rendered":"https:\/\/www.ludwig-van.com\/toronto\/?p=117395"},"modified":"2025-09-10T08:00:02","modified_gmt":"2025-09-10T12:00:02","slug":"interview-director-amy-lane-canadian-opera-companys-romeo-et-juliette","status":"publish","type":"post","link":"https:\/\/www.ludwig-van.com\/toronto\/2025\/09\/09\/interview-director-amy-lane-canadian-opera-companys-romeo-et-juliette\/","title":{"rendered":"INTERVIEW | Director Amy Lane On The Canadian Opera Company\u2019s Rom\u00e9o Et Juliette"},"content":{"rendered":"<figure id=\"attachment_117397\" aria-describedby=\"caption-attachment-117397\" style=\"width: 1200px\" class=\"wp-caption aligncenter\"><img decoding=\"async\" loading=\"lazy\" class=\"size-full wp-image-117397\" src=\"https:\/\/www.ludwig-van.com\/toronto\/wp-content\/uploads\/sites\/2\/2025\/09\/Copy-of-INTERVIEW-28.jpg\" alt=\"A scene from Rom\u00e9o et Juliette, Malm\u00f6 Opera, 2022 (Photo: \u00a9 Jonas Persson)\" width=\"1200\" height=\"628\" srcset=\"https:\/\/www.ludwig-van.com\/toronto\/wp-content\/uploads\/sites\/2\/2025\/09\/Copy-of-INTERVIEW-28.jpg 1200w, https:\/\/www.ludwig-van.com\/toronto\/wp-content\/uploads\/sites\/2\/2025\/09\/Copy-of-INTERVIEW-28-300x157.jpg 300w, https:\/\/www.ludwig-van.com\/toronto\/wp-content\/uploads\/sites\/2\/2025\/09\/Copy-of-INTERVIEW-28-1024x536.jpg 1024w, https:\/\/www.ludwig-van.com\/toronto\/wp-content\/uploads\/sites\/2\/2025\/09\/Copy-of-INTERVIEW-28-768x402.jpg 768w\" sizes=\"(max-width: 1200px) 100vw, 1200px\" \/><figcaption id=\"caption-attachment-117397\" class=\"wp-caption-text\">A scene from Rom\u00e9o et Juliette, Malm\u00f6 Opera, 2022 (Photo: \u00a9 Jonas Persson)<\/figcaption><\/figure>\n<p>The Canadian Opera Company will present Gounod\u2019s Rom\u00e9o et Juliette, bringing the romantic tragedy back to the company after a hiatus of more than three decades. UK-based Amy Lane directs, with tenor Stephen Costello and soprano Kseniia Proshina in the title roles.<\/p>\n<p>The COC production, a rental from Malm\u00f6 Opera, sets the feuding families in New York City during the Gilded Age, opening on New Year\u2019s Eve 1889. The wealthy Capulet family have invited everyone who is anyone to a fabulous circus-themed party, where Capulet daughter Juliette meets Rom\u00e9o.<\/p>\n<p>Rom\u00e9o, however, is part of the immigrant Montague family, enemies of the Capulets, and the two families are grappling over business, and who will dominate the darker side of the city.<\/p>\n<p>It\u2019s an intriguing set up for the classic tale of love, vengeance, and tragedy. The COC\u2019s production takes the stage from September 27 to October 18.<\/p>\n<p>We spoke to director Amy Lane about the opera.<\/p>\n<figure id=\"attachment_117398\" aria-describedby=\"caption-attachment-117398\" style=\"width: 1200px\" class=\"wp-caption aligncenter\"><img decoding=\"async\" loading=\"lazy\" class=\"size-full wp-image-117398\" src=\"https:\/\/www.ludwig-van.com\/toronto\/wp-content\/uploads\/sites\/2\/2025\/09\/Amy-Lane-2022-Martin-Paulsson-Malmo-Opera.jpg\" alt=\"Director Amy Lane (Photo: Martin Paulsson, Malm\u00f6 Opera 2022)\" width=\"1200\" height=\"1601\" srcset=\"https:\/\/www.ludwig-van.com\/toronto\/wp-content\/uploads\/sites\/2\/2025\/09\/Amy-Lane-2022-Martin-Paulsson-Malmo-Opera.jpg 1200w, https:\/\/www.ludwig-van.com\/toronto\/wp-content\/uploads\/sites\/2\/2025\/09\/Amy-Lane-2022-Martin-Paulsson-Malmo-Opera-225x300.jpg 225w, https:\/\/www.ludwig-van.com\/toronto\/wp-content\/uploads\/sites\/2\/2025\/09\/Amy-Lane-2022-Martin-Paulsson-Malmo-Opera-768x1025.jpg 768w, https:\/\/www.ludwig-van.com\/toronto\/wp-content\/uploads\/sites\/2\/2025\/09\/Amy-Lane-2022-Martin-Paulsson-Malmo-Opera-1151x1536.jpg 1151w\" sizes=\"(max-width: 1200px) 100vw, 1200px\" \/><figcaption id=\"caption-attachment-117398\" class=\"wp-caption-text\">Director Amy Lane (Photo: Martin Paulsson, Malm\u00f6 Opera 2022)<\/figcaption><\/figure>\n<h2>Director Amy Lane<\/h2>\n<p>As a young singer, Amy Lane performed in the UK with The Royal Opera, English National Opera, British Youth Opera, and Opera Holland Park.<\/p>\n<p>The native of London kick started her career behind the scenes in stage management, and worked for several years in productions in the city&#8217;s fabled West End. She joined The Royal Opera in 2005, and became involved in more than 25 productions. She has directed for both the stage and videos.<\/p>\n<p>Her work has become known for its bold take on design, and use of projections. She adds a modern take to traditional opera repertoire.<\/p>\n<p>The award-winning opera director has worked extensively with The Royal Opera House, Longborough Festival Opera, Welsh National Opera, English National Opera, Opera North and Royal Liverpool Philharmonic Orchestra, as well as internationally with companies such as Le Chatelet in Paris, Royal Danish Opera in Copenhagen and the Bregenz Festival in Austria. Amy was the Head Staff Director at The Royal Opera Covent Garden for five years, and is the Artistic Director of the Copenhagen Opera Festival.<\/p>\n<p>Toronto audiences are already familiar with her work. She took over the COC\u2019s revival of Kasper Holten\u2019s Don Giovianni in winter 2024, and directed the COC\u2019s fall 2024 production of Faust.<\/p>\n<h3>Amy Lane: The Interview<\/h3>\n<p>\u201cThe theme is quite simple. It&#8217;s love, and love conquering all barriers, all divides,\u201d Lane says of the opera.<\/p>\n<p>She\u2019s got a sympathetic view of the titular characters.<\/p>\n<p>\u201cThey&#8217;re such tiny beings in this huge world of their parents.\u201d The setting, New York City, helps to reinforce the idea of two people in a much bigger world. They\u2019re caught up in a feud which has spun out of control.<\/p>\n<p>\u201cThey are the catalysts,\u201d she says. \u201cThey are change makers, unfortunately, only through their demise.\u201d<\/p>\n<p>The real tragedy is that change can only happen through such violent events, and their young ages and vulnerability are integral to the process.<\/p>\n<p>\u201cIt takes youth to rid ourselves with what we&#8217;ve carried for so long,\u201d Amy says. \u201cIt&#8217;s fascinating who says what, and who provokes.\u201d Juliette is the one who brings the situation to a head. \u201cShe really pushes the story along.\u201d<\/p>\n<figure id=\"attachment_117399\" aria-describedby=\"caption-attachment-117399\" style=\"width: 1200px\" class=\"wp-caption aligncenter\"><img decoding=\"async\" loading=\"lazy\" class=\"size-full wp-image-117399\" src=\"https:\/\/www.ludwig-van.com\/toronto\/wp-content\/uploads\/sites\/2\/2025\/09\/romeo_juliette_malmo_opera_dag_2-19_web.jpg\" alt=\"Sehoon Moon as Rom\u00e9o and Kseniia Proshina as Juliette in Rom\u00e9o et Juliette, Malm\u00f6 Opera, 2022(Photo: \u00a9 Jonas Persson)\" width=\"1200\" height=\"800\" srcset=\"https:\/\/www.ludwig-van.com\/toronto\/wp-content\/uploads\/sites\/2\/2025\/09\/romeo_juliette_malmo_opera_dag_2-19_web.jpg 1200w, https:\/\/www.ludwig-van.com\/toronto\/wp-content\/uploads\/sites\/2\/2025\/09\/romeo_juliette_malmo_opera_dag_2-19_web-300x200.jpg 300w, https:\/\/www.ludwig-van.com\/toronto\/wp-content\/uploads\/sites\/2\/2025\/09\/romeo_juliette_malmo_opera_dag_2-19_web-1024x683.jpg 1024w, https:\/\/www.ludwig-van.com\/toronto\/wp-content\/uploads\/sites\/2\/2025\/09\/romeo_juliette_malmo_opera_dag_2-19_web-768x512.jpg 768w\" sizes=\"(max-width: 1200px) 100vw, 1200px\" \/><figcaption id=\"caption-attachment-117399\" class=\"wp-caption-text\">Sehoon Moon as Rom\u00e9o and Kseniia Proshina as Juliette in Rom\u00e9o et Juliette, Malm\u00f6 Opera, 2022<br \/>(Photo: \u00a9 Jonas Persson)<\/figcaption><\/figure>\n<h3>The Setting<\/h3>\n<p>\u201cWe&#8217;ve set it very specifically on New Year&#8217;s Eve in 1889,\u201d Lane explains. \u201cEverybody makes promises on New Year&#8217;s Eve.\u201d<\/p>\n<p>It\u2019s a moment of promise and potential.<\/p>\n<p>\u201cWhat interested us, was, of course, the feud between the families.\u201d<\/p>\n<p>As she points out, there are some differences between Gounod\u2019s opera and the Shakespearean play many are familiar with.<\/p>\n<p>\u201cWe don&#8217;t meet Lord Montague in the opera,\u201d she notes. \u201cWe were interested in what this feud is, and what this feud can be.\u201d<\/p>\n<p>Putting immigration, and a clash between newcomers and established residents, may put a timely spin on the story now, but the same was also true during the so-called Gilded Age.<\/p>\n<p>\u201cIt was really an interesting time,\u201d Lane says. She notes there was a huge influx of Italian immigrants to the US during the period. \u201cWhat happens if the Capulets are New Yorkers, and the Montagues are from Italy?\u201d<\/p>\n<p>Team Capulet has a huge presence in the city, whereas the Montagues are isolated, adding to the story\u2019s tensions. Ditto the star-crossed couple, who are alone in their desire to be united.<\/p>\n<p>\u201cThe tininess of Romeo and Juliet. If you can imaging two small souls growing up in a large city,\u201d she says, \u201cbut they want to make change.\u201d<\/p>\n<figure id=\"attachment_117400\" aria-describedby=\"caption-attachment-117400\" style=\"width: 1200px\" class=\"wp-caption aligncenter\"><img decoding=\"async\" loading=\"lazy\" class=\"size-full wp-image-117400\" src=\"https:\/\/www.ludwig-van.com\/toronto\/wp-content\/uploads\/sites\/2\/2025\/09\/romeo_juliette_malmo_opera_dag_2-75_web.jpg\" alt=\"Sehoon Moon as Rom\u00e9o and Kseniia Proshina as Juliette in Rom\u00e9o et Juliette, Malm\u00f6 Opera, 2022(Photo: \u00a9 Jonas Persson)\" width=\"1200\" height=\"800\" srcset=\"https:\/\/www.ludwig-van.com\/toronto\/wp-content\/uploads\/sites\/2\/2025\/09\/romeo_juliette_malmo_opera_dag_2-75_web.jpg 1200w, https:\/\/www.ludwig-van.com\/toronto\/wp-content\/uploads\/sites\/2\/2025\/09\/romeo_juliette_malmo_opera_dag_2-75_web-300x200.jpg 300w, https:\/\/www.ludwig-van.com\/toronto\/wp-content\/uploads\/sites\/2\/2025\/09\/romeo_juliette_malmo_opera_dag_2-75_web-1024x683.jpg 1024w, https:\/\/www.ludwig-van.com\/toronto\/wp-content\/uploads\/sites\/2\/2025\/09\/romeo_juliette_malmo_opera_dag_2-75_web-768x512.jpg 768w\" sizes=\"(max-width: 1200px) 100vw, 1200px\" \/><figcaption id=\"caption-attachment-117400\" class=\"wp-caption-text\">Sehoon Moon as Rom\u00e9o and Kseniia Proshina as Juliette in Rom\u00e9o et Juliette, Malm\u00f6 Opera, 2022<br \/>(Photo: \u00a9 Jonas Persson)<\/figcaption><\/figure>\n<h3>A Travelling Team<\/h3>\n<p>Opera and theatrical directors tend to work with the same creative team members over time. Lane\u2019s frequent collaborators include set and costume designer<strong> Emma Ryott<\/strong>, lighting designer <strong>Charlie Morgan Jones<\/strong>, and others have been travelling and creating together for years.<\/p>\n<p>\u201cIt&#8217;s a travelling team and a travelling family,\u201d Lane says. \u201cWe have a wonderful language among us, but we also have a wonderful way of challenging each other.\u201d<\/p>\n<p>Lane says she begins the process of working on a production on her own.<\/p>\n<p>\u201cI will sit with a piece a good time by myself.\u201d<\/p>\n<p>Once she\u2019s got some ideas to work with, she says she takes them to Emma Ryott, who will then both develop and challenge those initial thoughts.<\/p>\n<p>\u201cWe begin to build a world together.\u201d That\u2019s aided by Emma\u2019s library of reference books. Once the world of the production begins to take shape, the team expands to include a movement director, lighting designer, and others.<\/p>\n<p>\u201cWe all come over here, and we spend two to three solid days going through every single beat and bar,\u201d she says. \u201cThat&#8217;s right at the beginning of the process. It&#8217;s incredibly collaborative.\u201d<\/p>\n<p>It\u2019s also a rewarding process when you\u2019re working with the right people.<\/p>\n<p>\u201cI think Rom\u00e9o et Juliette is our 25th production,\u201d she says. Each addition to the team brings another element. \u201cIt&#8217;s never one person, one idea, one thought,\u201d Lane adds. \u201cA lot of the work of course seems hidden. [But] there is no opera that is existing without a stage management team.\u201d<\/p>\n<p>Lane praises the COC\u2019s own resident backstage team. \u201cAnd they are so essential to bringing our show to life,\u201d she says. \u201cWe are so looking forward to returning and working with this company.\u201d<\/p>\n<h3>Final Thoughts<\/h3>\n<p>It\u2019s also, of course, about the music.<\/p>\n<p>\u201cI just think this opera score is one of the most beautiful,\u201d Lane says. It will be the third time that she\u2019s worked on the same production. \u201cIt will never, ever be exactly the same,\u201d she says.<\/p>\n<p>\u201cThat&#8217;s one of the best things about returning to a production.\u201d<\/p>\n<ul>\n<li>Find tickets and performance information for the Canadian Opera Company\u2019s Gounod\u2019s Rom\u00e9o et Juliette, on stage from September 27 to October 18, 2025, [<strong><a href=\"https:\/\/www.coc.ca\/tickets\/2526-season\/romeo-et-juliette\" target=\"_blank\" rel=\"noopener\">HERE<\/a><\/strong>].<\/li>\n<\/ul>\n<p><strong><em>Are you looking to promote an <a href=\"https:\/\/www.ludwig-van.com\/toronto\/advertising\/\" target=\"_blank\" rel=\"noopener\"><span style=\"color: #0e101a\"><u>event<\/u><\/span><\/a>? Have a\u00a0<a href=\"https:\/\/www.ludwig-van.com\/toronto\/masthead\/\" target=\"_blank\" rel=\"noopener\"><u>news tip<\/u><\/a>? Need to know the best\u00a0<a href=\"https:\/\/www.ludwig-van.com\/toronto\/events\/\" target=\"_blank\" rel=\"noopener\"><u>events<\/u><\/a>\u00a0happening this weekend? Send us a\u00a0<\/em><\/strong><a href=\"mailto:anya@ludwig-van.com?subject=Let's%20chat\" target=\"_blank\" rel=\"noopener\"><strong><em><u>note<\/u>.<\/em><\/strong><br \/>\n<\/a><\/p>\n<h3 class=\"western\"><em><b>#LUDWIGVAN<\/b><\/em><\/h3>\n<p class=\"western\"><em>Get the daily arts news straight to your inbox.<\/em><\/p>\n<h3 class=\"western\"><em>Sign up for the Ludwig Van Toronto e-Blast! \u2014 local classical music and opera news straight to your inbox <\/em><a href=\"https:\/\/583e6ce0-dfd0-48be-8a33-61256b3c58e3.mlbtlr.com\/p2\/Fbd8jWoWQQ6CdBcLIvut3Q\/02E3cYaETqaj4Xm087cpSg?contactid=S3HHYfHY5rZv5f94S15MnA\" target=\"_blank\" rel=\"noopener\" data-saferedirecturl=\"https:\/\/www.google.com\/url?q=https:\/\/583e6ce0-dfd0-48be-8a33-61256b3c58e3.mlbtlr.com\/p2\/Fbd8jWoWQQ6CdBcLIvut3Q\/02E3cYaETqaj4Xm087cpSg?contactid%3DS3HHYfHY5rZv5f94S15MnA&amp;source=gmail&amp;ust=1695737525351000&amp;usg=AOvVaw0QTqKRwRJQFGK3KoJYigxX\">HERE<\/a>.<\/h3>\n","protected":false},"excerpt":{"rendered":"<p>Amy Lane directs the Canadian Opera Company&#8217;s production of Gounod\u2019s Rom\u00e9o et Juliette, bringing the romantic tragedy back to the company after more than 30 years.<\/p>\n","protected":false},"author":64,"featured_media":117397,"comment_status":"open","ping_status":"open","sticky":false,"template":"","format":"standard","meta":{"om_disable_all_campaigns":false,"jetpack_post_was_ever_published":false},"categories":[41660,29,43,4557,63],"tags":[42246,628],"yst_prominent_words":[16086,17934,6688,6886,17935,8026,34198],"acf":[],"jetpack_featured_media_url":"https:\/\/www.ludwig-van.com\/toronto\/wp-content\/uploads\/sites\/2\/2025\/09\/Copy-of-INTERVIEW-28.jpg","jetpack_sharing_enabled":true,"jetpack_shortlink":"https:\/\/wp.me\/p9bakr-uxt","amp_enabled":true,"_links":{"self":[{"href":"https:\/\/www.ludwig-van.com\/toronto\/wp-json\/wp\/v2\/posts\/117395"}],"collection":[{"href":"https:\/\/www.ludwig-van.com\/toronto\/wp-json\/wp\/v2\/posts"}],"about":[{"href":"https:\/\/www.ludwig-van.com\/toronto\/wp-json\/wp\/v2\/types\/post"}],"author":[{"embeddable":true,"href":"https:\/\/www.ludwig-van.com\/toronto\/wp-json\/wp\/v2\/users\/64"}],"replies":[{"embeddable":true,"href":"https:\/\/www.ludwig-van.com\/toronto\/wp-json\/wp\/v2\/comments?post=117395"}],"version-history":[{"count":10,"href":"https:\/\/www.ludwig-van.com\/toronto\/wp-json\/wp\/v2\/posts\/117395\/revisions"}],"predecessor-version":[{"id":117415,"href":"https:\/\/www.ludwig-van.com\/toronto\/wp-json\/wp\/v2\/posts\/117395\/revisions\/117415"}],"wp:featuredmedia":[{"embeddable":true,"href":"https:\/\/www.ludwig-van.com\/toronto\/wp-json\/wp\/v2\/media\/117397"}],"wp:attachment":[{"href":"https:\/\/www.ludwig-van.com\/toronto\/wp-json\/wp\/v2\/media?parent=117395"}],"wp:term":[{"taxonomy":"category","embeddable":true,"href":"https:\/\/www.ludwig-van.com\/toronto\/wp-json\/wp\/v2\/categories?post=117395"},{"taxonomy":"post_tag","embeddable":true,"href":"https:\/\/www.ludwig-van.com\/toronto\/wp-json\/wp\/v2\/tags?post=117395"},{"taxonomy":"yst_prominent_words","embeddable":true,"href":"https:\/\/www.ludwig-van.com\/toronto\/wp-json\/wp\/v2\/yst_prominent_words?post=117395"}],"curies":[{"name":"wp","href":"https:\/\/api.w.org\/{rel}","templated":true}]}}