{"id":11737,"date":"2013-04-20T07:04:14","date_gmt":"2013-04-20T12:04:14","guid":{"rendered":"https:\/\/www.ludwig-van.com\/?p=11737"},"modified":"2013-04-20T07:04:14","modified_gmt":"2013-04-20T12:04:14","slug":"saturday-indoors-with-jonas-kaufmans-parsifal-and-adam-laloums-schubert","status":"publish","type":"post","link":"https:\/\/www.ludwig-van.com\/toronto\/2013\/04\/20\/saturday-indoors-with-jonas-kaufmans-parsifal-and-adam-laloums-schubert\/","title":{"rendered":"Saturday indoors with Jonas Kaufmann&#8217;s Parsifal and Adam Laloum&#8217;s Schubert"},"content":{"rendered":"<figure id=\"attachment_11741\" aria-describedby=\"caption-attachment-11741\" style=\"width: 864px\" class=\"wp-caption aligncenter\"><a href=\"http:\/\/www.ludwig-van.com\/toronto\/wp-content\/uploads\/sites\/2\/2013\/04\/parsifal.jpg\"><img decoding=\"async\" loading=\"lazy\" class=\"size-full wp-image-11741\" alt=\"(Metropolitan Opera photo)\" src=\"http:\/\/www.ludwig-van.com\/toronto\/wp-content\/uploads\/sites\/2\/2013\/04\/parsifal.jpg\" width=\"864\" height=\"461\" srcset=\"https:\/\/www.ludwig-van.com\/toronto\/wp-content\/uploads\/sites\/2\/2013\/04\/parsifal.jpg 864w, https:\/\/www.ludwig-van.com\/toronto\/wp-content\/uploads\/sites\/2\/2013\/04\/parsifal-300x160.jpg 300w\" sizes=\"(max-width: 864px) 100vw, 864px\" \/><\/a><figcaption id=\"caption-attachment-11741\" class=\"wp-caption-text\">(Metropolitan Opera photo)<\/figcaption><\/figure>\n<p>Critics and audiences melted and gushed over tenor Jonas Kaufmann&#8217;s portrayal of Parsifal in Richard Wagner&#8217;s great opera. The live-in-HD Metropolitan Opera performance from March 2 is being reprised at Cineplex theatres today.<!--more--><\/p>\n<p>There is another reason to take refuge from the vestiges of winter: this high-Canadian-content production (the director is Montrealer Fran\u00e7ois Girard and the sets were designed by Torontonian Michael Levine) is coming to a future Canadian Opera Company season, fulfilling one of general director Alexander Neef&#8217;s fondest wishes from when he moved to Toronto.<\/p>\n<p>A great cast awaits. Besides Kaufmann, the Wagner It Boy of the decade, we have Katarina Dalayman as Kundry, Peter Mattei as Amfortas, Ren\u00e9 Pape as Gurnemanz and Evgeny Nikitin as Klingsor. The amazing Daniele Gatti conducts. The 6-hour Wagner-immersion starts at noon.<\/p>\n<p>For a list of participating theatres in the Toronto area, click <a href=\"http:\/\/www.cineplex.com\/Movies\/MovieDetails\/Parsifal-Wagner-German-w-e-s-t--ENCORE--Metropolitan-Opera.aspx?date=4-20-2013&amp;loc_cookie=TORONTO+-+ON&amp;tab=cineplex#Showtimes\" target=\"_blank\">here<\/a>.<\/p>\n<figure id=\"attachment_11746\" aria-describedby=\"caption-attachment-11746\" style=\"width: 720px\" class=\"wp-caption aligncenter\"><a href=\"http:\/\/www.ludwig-van.com\/toronto\/wp-content\/uploads\/sites\/2\/2013\/04\/wagner.jpg\"><img decoding=\"async\" loading=\"lazy\" class=\"size-full wp-image-11746\" alt=\"(New Yorker cartoon)\" src=\"http:\/\/www.ludwig-van.com\/toronto\/wp-content\/uploads\/sites\/2\/2013\/04\/wagner.jpg\" width=\"720\" height=\"479\" \/><\/a><figcaption id=\"caption-attachment-11746\" class=\"wp-caption-text\">(New Yorker cartoon)<\/figcaption><\/figure>\n<p>It&#8217;s a very Wagner sort of day when it comes to the Met. Today&#8217;s <em>Saturday Afternoon at the Opera<\/em> broadcast on CBC Radio 2 is <em>Siegfried<\/em>, starting at 11 a.m. Eastern.<\/p>\n<p>This is the third installment of a full run through Robert Lepage&#8217;s <em>Ring Cycle<\/em>. The conductor is Fabio Luisi. The title role is being sung by strapping Texan Jay Hunter Morris. Deborah Voigt is scheduled to sing Br\u00fcnhilde.<\/p>\n<p><a href=\"http:\/\/www.ludwig-van.com\/toronto\/wp-content\/uploads\/sites\/2\/2013\/04\/adam.jpeg\"><img decoding=\"async\" loading=\"lazy\" class=\"aligncenter size-full wp-image-11740\" alt=\"adam\" src=\"http:\/\/www.ludwig-van.com\/toronto\/wp-content\/uploads\/sites\/2\/2013\/04\/adam.jpeg\" width=\"597\" height=\"449\" srcset=\"https:\/\/www.ludwig-van.com\/toronto\/wp-content\/uploads\/sites\/2\/2013\/04\/adam.jpeg 597w, https:\/\/www.ludwig-van.com\/toronto\/wp-content\/uploads\/sites\/2\/2013\/04\/adam-300x225.jpeg 300w\" sizes=\"(max-width: 597px) 100vw, 597px\" \/><\/a><\/p>\n<p>Available on your personal computing device anytime from medici.tv is a lovely high-definition solo piano recital by rapidly rising French pianist Adam Laloum from the auditorium buried under the public square at the Louvre museum in Paris.<\/p>\n<p>The 26-year-old from southern France plays with an uncommon grace. The intense 19th century programme he offered at the Louvre on Wednesday juxtaposes very different styles of music from the the same ethnic and geographic source: Franz Schubert&#8217;s A Major <em>Piano Sonata No. 13<\/em>, D664, and Robert Schumann&#8217;s showy Op. 20 <em>Humoreske<\/em> (he was also supposed to play the Op. 119 pieces by Johannes Brahms, but those haven&#8217;t materialised online).<\/p>\n<p>You can find free streaming of the recital <a href=\"http:\/\/www.medici.tv\/#!\/adam-laloum-schubert-schumann-brahms-auditorium-du-louvre-2013\" target=\"_blank\">here<\/a>.<\/p>\n<p>Also available on medici.tv is a substantial concert from Montreal&#8217;s Maison symphonique featuring the Montreal Symphony, pianist Till Fellner and music director Kent Nagano.<\/p>\n<p>Fellner plays Beethoven&#8217;s <em>Piano Concerto No. 3<\/em>. We get a nice cameo by principal cellist Brian Manker in Rossini&#8217;s Overture to <em>Guillaume Tell<\/em>. The centrepiece of the programme is Bruckner&#8217;s <em>Symphony No. 6<\/em> &#8212; the Bruckner symphony for people who don&#8217;t like Bruckner symphonies. You&#8217;ll find the concert <a href=\"http:\/\/www.medici.tv\/#!\/kent-nagano-rossini-beethoven-bruckner-till-fellner-orchestre-symphonique-de-montreal\" target=\"_blank\">here<\/a>.<\/p>\n<p>For a truly inspired recording of the Bruckner work, check out Yannick N\u00e9zet-S\u00e9guin&#8217;s latest release with the Orchestra M\u00e9tropolitain from ATMA Classique <a href=\"http:\/\/www.atmaclassique.com\/Fr\/Albums\/AlbumInfo.aspx?AlbumID=1479\" target=\"_blank\">here<\/a>.<\/p>\n<p><em>John Terauds<\/em><\/p>\n<p>&nbsp;<\/p>\n<p>&nbsp;<\/p>\n","protected":false},"excerpt":{"rendered":"<p>Critics and audiences melted and gushed over tenor Jonas Kaufmann&#8217;s portrayal of Parsifal in Richard Wagner&#8217;s great opera. The live-in-HD Metropolitan Opera performance from March 2 is being reprised at Cineplex theatres today.<\/p>\n","protected":false},"author":2,"featured_media":11741,"comment_status":"open","ping_status":"open","sticky":false,"template":"","format":"standard","meta":{"om_disable_all_campaigns":false,"jetpack_post_was_ever_published":false},"categories":[3,76,19,36,42,43,47,60,1],"tags":[6451,169,338,792,1775,1858,2207,2271,2563,6468],"yst_prominent_words":[],"acf":[],"jetpack_featured_media_url":"https:\/\/www.ludwig-van.com\/toronto\/wp-content\/uploads\/sites\/2\/2013\/04\/parsifal.jpg","jetpack_sharing_enabled":true,"jetpack_shortlink":"https:\/\/wp.me\/p9bakr-33j","amp_enabled":true,"_links":{"self":[{"href":"https:\/\/www.ludwig-van.com\/toronto\/wp-json\/wp\/v2\/posts\/11737"}],"collection":[{"href":"https:\/\/www.ludwig-van.com\/toronto\/wp-json\/wp\/v2\/posts"}],"about":[{"href":"https:\/\/www.ludwig-van.com\/toronto\/wp-json\/wp\/v2\/types\/post"}],"author":[{"embeddable":true,"href":"https:\/\/www.ludwig-van.com\/toronto\/wp-json\/wp\/v2\/users\/2"}],"replies":[{"embeddable":true,"href":"https:\/\/www.ludwig-van.com\/toronto\/wp-json\/wp\/v2\/comments?post=11737"}],"version-history":[{"count":0,"href":"https:\/\/www.ludwig-van.com\/toronto\/wp-json\/wp\/v2\/posts\/11737\/revisions"}],"wp:featuredmedia":[{"embeddable":true,"href":"https:\/\/www.ludwig-van.com\/toronto\/wp-json\/wp\/v2\/media\/11741"}],"wp:attachment":[{"href":"https:\/\/www.ludwig-van.com\/toronto\/wp-json\/wp\/v2\/media?parent=11737"}],"wp:term":[{"taxonomy":"category","embeddable":true,"href":"https:\/\/www.ludwig-van.com\/toronto\/wp-json\/wp\/v2\/categories?post=11737"},{"taxonomy":"post_tag","embeddable":true,"href":"https:\/\/www.ludwig-van.com\/toronto\/wp-json\/wp\/v2\/tags?post=11737"},{"taxonomy":"yst_prominent_words","embeddable":true,"href":"https:\/\/www.ludwig-van.com\/toronto\/wp-json\/wp\/v2\/yst_prominent_words?post=11737"}],"curies":[{"name":"wp","href":"https:\/\/api.w.org\/{rel}","templated":true}]}}