{"id":116950,"date":"2025-08-22T12:54:21","date_gmt":"2025-08-22T16:54:21","guid":{"rendered":"https:\/\/www.ludwig-van.com\/toronto\/?p=116950"},"modified":"2025-08-22T15:00:37","modified_gmt":"2025-08-22T19:00:37","slug":"preview-apocryphonia-presents-across-channel-english-french-music-hundred-years-war-september-5","status":"publish","type":"post","link":"https:\/\/www.ludwig-van.com\/toronto\/2025\/08\/22\/preview-apocryphonia-presents-across-channel-english-french-music-hundred-years-war-september-5\/","title":{"rendered":"PREVIEW | Apocryphonia and Friends Of Music St. Thomas&#8217; Presents Across The Channel: English And French Music Of The Hundred Years&#8217; War September 5"},"content":{"rendered":"<figure id=\"attachment_116952\" aria-describedby=\"caption-attachment-116952\" style=\"width: 1200px\" class=\"wp-caption aligncenter\"><img decoding=\"async\" loading=\"lazy\" class=\"size-full wp-image-116952\" src=\"https:\/\/www.ludwig-van.com\/toronto\/wp-content\/uploads\/sites\/2\/2025\/08\/Copy-of-PREVIEW-2025-08-22T124334.725.jpg\" alt=\"The Kyrie from Guillaume de Machaut\u2019s Missa de Nostre Dame, composed around the mid-1300s (Public domain)\" width=\"1200\" height=\"628\" srcset=\"https:\/\/www.ludwig-van.com\/toronto\/wp-content\/uploads\/sites\/2\/2025\/08\/Copy-of-PREVIEW-2025-08-22T124334.725.jpg 1200w, https:\/\/www.ludwig-van.com\/toronto\/wp-content\/uploads\/sites\/2\/2025\/08\/Copy-of-PREVIEW-2025-08-22T124334.725-300x157.jpg 300w, https:\/\/www.ludwig-van.com\/toronto\/wp-content\/uploads\/sites\/2\/2025\/08\/Copy-of-PREVIEW-2025-08-22T124334.725-1024x536.jpg 1024w, https:\/\/www.ludwig-van.com\/toronto\/wp-content\/uploads\/sites\/2\/2025\/08\/Copy-of-PREVIEW-2025-08-22T124334.725-768x402.jpg 768w\" sizes=\"(max-width: 1200px) 100vw, 1200px\" \/><figcaption id=\"caption-attachment-116952\" class=\"wp-caption-text\">The Kyrie from Guillaume de Machaut\u2019s Missa de Nostre Dame, composed around the mid-1300s (Public domain)<\/figcaption><\/figure>\n<p>Toronto\u2019s eclectic Apocryphonia and Friends of Music St. Thomas&#8217; will present a concert of English and French music that spans the period of the Hundred Years\u2019 War \u2014 technically, a little longer at about 116 (1337\u20131453). Montr\u00e9al\u2019s Comtessa Medieval Ensemble and Toronto\u2019s Diapente Renaissance Vocal Quintet will perform both sacred and secular works from that era on September 5.<\/p>\n<p>Naturally, Western Europe was in a state of turmoil for this prolonged period, and the political environment sparked musical innovation.<\/p>\n<p>Along with the works of known composers like Machaut and Dufay, audiences will hear the work of anonymous masters in both the French and English styles of the era. The performance will reveal surprising links between the music of the political rivals.<\/p>\n<p>Music, as always, moves beyond borders.<\/p>\n<h2>The Program<\/h2>\n<p>The music ranges from the rhythmically intricate polyphony of the (largely) French Ars Nova music in the 14th century to the emergence of the Contenance Angloise, an English style of polyphony that is characterized by its harmonies, and the use of thirds and sixths, among other elements.<\/p>\n<p>The program includes music by:<\/p>\n<ul>\n<li>Guillaume de Machaut (c. 1300 \u2013 April 1377)<\/li>\n<li>Guillaume Dufay (5 August 1397 \u2013 27 November 1474)<\/li>\n<li>Leonel Power (c. 1380\u20131445)<\/li>\n<li>Solage (fl. late 14th c.)<\/li>\n<li>Antoine Busnois (c. 1430 \u2013 before 6 November 1492)<\/li>\n<li>Loyset Comp\u00e8re (c. 1445 \u2013 16 August 1518)<\/li>\n<li>Gilles Binchois (c. 1400 \u2013 20 September 1460)<\/li>\n<\/ul>\n<figure id=\"attachment_116954\" aria-describedby=\"caption-attachment-116954\" style=\"width: 1200px\" class=\"wp-caption aligncenter\"><img decoding=\"async\" loading=\"lazy\" class=\"size-full wp-image-116954\" src=\"https:\/\/www.ludwig-van.com\/toronto\/wp-content\/uploads\/sites\/2\/2025\/08\/Comtessa-medieval-ensemble.jpg\" alt=\"COMTESSA Medieval Ensembe (Photo courtesy of the artists)\" width=\"1200\" height=\"1199\" srcset=\"https:\/\/www.ludwig-van.com\/toronto\/wp-content\/uploads\/sites\/2\/2025\/08\/Comtessa-medieval-ensemble.jpg 1200w, https:\/\/www.ludwig-van.com\/toronto\/wp-content\/uploads\/sites\/2\/2025\/08\/Comtessa-medieval-ensemble-300x300.jpg 300w, https:\/\/www.ludwig-van.com\/toronto\/wp-content\/uploads\/sites\/2\/2025\/08\/Comtessa-medieval-ensemble-1024x1024.jpg 1024w, https:\/\/www.ludwig-van.com\/toronto\/wp-content\/uploads\/sites\/2\/2025\/08\/Comtessa-medieval-ensemble-150x150.jpg 150w, https:\/\/www.ludwig-van.com\/toronto\/wp-content\/uploads\/sites\/2\/2025\/08\/Comtessa-medieval-ensemble-768x767.jpg 768w\" sizes=\"(max-width: 1200px) 100vw, 1200px\" \/><figcaption id=\"caption-attachment-116954\" class=\"wp-caption-text\">COMTESSA Medieval Ensembe (Photo courtesy of the artists)<\/figcaption><\/figure>\n<h2>The Performers<\/h2>\n<h3>COMTESSA<\/h3>\n<p>COMTESSA is Isabelle Douailly-Backman, vielle, Len Torrie, voice, and Maria Gajraj, organetto.<\/p>\n<p>The vielle is a medieval bowed stringed instrument, longer than a violin, and with a deeper body. The organetto was a popular instrument from about the 13th to the late 16th centuries. It\u2019s a portable instrument, where the musician plumps air into the instrument with a bellows in their left hand, producing notes through a series of metal pipes of different lengths. The right hand plays a kind of keyboard \u2014 in other words, using the principles of a pipe organ.<\/p>\n<p><strong>Isabelle Douailly-Backman<\/strong>, Medieval Fiddle, Rebec, and Renaissance Violin player will be performing on the Medieval Fiddle for the concert. A Chicago native, Isabelle moved to Montr\u00e9al to study the modern viola at McGill University. But, once there, she discovered a passion for Early Music, and has since earned both a B.Mus and M.Mus in Baroque Violin. She is the artistic director and founder of COMTESSA, an historically-informed ensemble who performs 11th to 15th century music on medieval period instruments.<\/p>\n<p><strong>Maria Gajraj<\/strong> a Montr\u00e9al-based organist, currently a Doctoral Candidate at McGill University, where she\u2019s focused her research on 20th-century Caribbean organ repertoire. She has performed eat venues like Salle Bourgie, Maison Symphonique, and the Orgelpark (Amsterdam) and in series such as Cal Performances (USA) and Bergen Orgelsommer (Norway). Maria is also the executive director of COMTESSA.<\/p>\n<p>Soprano and singer-songwriter<strong> Len Torrie<\/strong> plays the Citole and Anglo-saxon Lyre with COMTESSA. Len performs regularly as a soprano soloist with a number of Early Music ensembles, including L\u2019Harmonie des Saisons, Studio de musique ancienne de Montr\u00e9al, and Ensemble Caprice. Len holds a master\u2019s degree in Early Music vocal performance from McGill University. Like the other members of COMTESSA, Len is dedicate to inclusion and making music accessible.<\/p>\n<figure id=\"attachment_116953\" aria-describedby=\"caption-attachment-116953\" style=\"width: 1200px\" class=\"wp-caption aligncenter\"><img decoding=\"async\" loading=\"lazy\" class=\"size-full wp-image-116953\" src=\"https:\/\/www.ludwig-van.com\/toronto\/wp-content\/uploads\/sites\/2\/2025\/08\/Diapente-Renaissance-Vocal-Quintet-2.jpg\" alt=\"Diapente Renaissance Vocal Quintet (Photo courtesy of the artists)\" width=\"1200\" height=\"936\" srcset=\"https:\/\/www.ludwig-van.com\/toronto\/wp-content\/uploads\/sites\/2\/2025\/08\/Diapente-Renaissance-Vocal-Quintet-2.jpg 1200w, https:\/\/www.ludwig-van.com\/toronto\/wp-content\/uploads\/sites\/2\/2025\/08\/Diapente-Renaissance-Vocal-Quintet-2-300x234.jpg 300w, https:\/\/www.ludwig-van.com\/toronto\/wp-content\/uploads\/sites\/2\/2025\/08\/Diapente-Renaissance-Vocal-Quintet-2-1024x799.jpg 1024w, https:\/\/www.ludwig-van.com\/toronto\/wp-content\/uploads\/sites\/2\/2025\/08\/Diapente-Renaissance-Vocal-Quintet-2-768x599.jpg 768w\" sizes=\"(max-width: 1200px) 100vw, 1200px\" \/><figcaption id=\"caption-attachment-116953\" class=\"wp-caption-text\">Diapente Renaissance Vocal Quintet (Photo courtesy of the artists)<\/figcaption><\/figure>\n<h3>Diapente Renaissance Vocal Quintet<\/h3>\n<p>The Diapente Renaissance Vocal Quintet is: Jane Fingler, soprano, Peter Koniers, countertenor, Jonathan Stuchbery, tenor and plucked strings, Alexander Cappellazzo, tenor, and Martin Gomes, bass.<\/p>\n<p>Soprano <strong>Jane Fingler<\/strong> is a native of Winnipeg, but is now baed in Toronto, where she has a busy performing career both as an ensemble singer and soloist. She\u2019s performed with the Tafemusik Baroque Choir, The Trinity Bach Project, and The Theatre of Early Music, and is a founding member of Toronto-based Diapente Renaissance Quintet. Along with her work in Early Music, Jane has also performed contemporary works with Toronto groups Choir 21 and Opus 8. She is currently pursuing a DMA in Historical Performance at the University of Toronto.<\/p>\n<p>Countertenor <strong>Peter Koniers<\/strong> has performed with Tafelmusik Baroque Orchestra &amp; Chamber Choir, and has performed a variety of roles in both Baroque and modern operas, including Purcell\u2019s Fairy Queen, Benjamin Britten&#8217;s Midsummer Night\u2019sDream, and the new opera Much Ado!. He is a founder of Diapente, and joined the Toronto Consort in their 2024-2025 season.<\/p>\n<p>Tenor <strong>Alexander Cappellazzo<\/strong> has sung in operas and oratorios that range from Handel, Bach and Mozart, to Wagner, Orff and Smetana, including a wide variety of roles. Alexander sings with opera companies across Canada including: Opera Atelier, VOICEBOX: Opera In Concert, Toronto City Opera, Toronto Operetta Theatre, Southern Ontario Lyric Opera, Opera By Request, OperOttawa, Opera York, Mississauga Symphony Orchestra, and the Cultureland Opera Collective; and with choirs including the Trinity Bach Project, Grand River Chorus, Toronto Choral Society, Edison Singers, Brott Music Festival, and Metropolitan United Church. He founded the Apocryphonia Concert Series and the Diapente Renaissance Vocal Quintet in 2022.<\/p>\n<p>Tenor <strong>Jonathan Stuchbery<\/strong> is also a specialist in stringed period instruments in the lute and guitar family. He has performed as a soloist with ensembles such as Tafelmusik Baroque Orchestra, Pacific Baroque Orchestra, Arion Orchestre Baroque, Rosa Barocca, Accademia de\u2019 Dissonanti, Aureas Voces,Capella Intima, and in festivals and series like Festival Bach de Montr\u00e9al, Festival Montr\u00e9al Baroque, Early Music Alberta, and Musique Royale. As part of Duo Oriana with soprano Sin\u00e9ad White, he released an album in 2023 on the Leaf Music label, and toured Canada, the UK, and Ireland.<\/p>\n<p>Bass<strong> Martin Gomes<\/strong> is an Afro\/Latino, queer writer and composer born and based in downtown Toronto. He has performed in, and with organizations such as Opera Atelier, CBC, Sony, Soho House, The Harbourfront Centre, Nuit Blanche, TOLive, and Treemonisha. In addition to performing, Martin works as an artist facilitator teaching poetry &amp; beatboxing for organizations such as Unity Charity, Lakeshore Arts, JAYU, VIBEArts, tdsbCREATES, and Crossroads Theatre.<\/p>\n<h3>Concert Details<\/h3>\n<p>The September 5 concert is part of the <strong>Friends of Music at St. Thomas\u2019s Concert Series<\/strong> and the Apocryphonia Concert Series.<\/p>\n<ul>\n<li>Venue: St. Thomas\u2019s Anglican Church, 383 Huron Street<\/li>\n<li>Tickets: Pay What You Wish ($40 Suggested, Students $20)<\/li>\n<\/ul>\n<p>Find tickets and concert details [<strong><a href=\"https:\/\/www.eventbrite.ca\/e\/comtessa-medieval-ensemble-and-diapente-renaissance-quintet-tickets-1478368071699\" target=\"_blank\" rel=\"noopener\">HERE<\/a><\/strong>].<\/p>\n<p><strong><em>Are you looking to promote an <a href=\"https:\/\/www.ludwig-van.com\/toronto\/advertising\/\" target=\"_blank\" rel=\"noopener\"><span style=\"color: #0e101a;\"><u>event<\/u><\/span><\/a>? Have a\u00a0<a href=\"https:\/\/www.ludwig-van.com\/toronto\/masthead\/\" target=\"_blank\" rel=\"noopener\"><u>news tip<\/u><\/a>? Need to know the best\u00a0<a href=\"https:\/\/www.ludwig-van.com\/toronto\/events\/\" target=\"_blank\" rel=\"noopener\"><u>events<\/u><\/a>\u00a0happening this weekend? Send us a\u00a0<\/em><\/strong><a href=\"mailto:anya@ludwig-van.com?subject=Let's%20chat\" target=\"_blank\" rel=\"noopener\"><strong><em><u>note<\/u>.<\/em><\/strong><br \/>\n<\/a><\/p>\n<h3 class=\"western\"><em><b>#LUDWIGVAN<\/b><\/em><\/h3>\n<p class=\"western\"><em>Get the daily arts news straight to your inbox.<\/em><\/p>\n<h3 class=\"western\"><em>Sign up for the Ludwig Van Toronto e-Blast! \u2014 local classical music and opera news straight to your inbox <\/em><a href=\"https:\/\/583e6ce0-dfd0-48be-8a33-61256b3c58e3.mlbtlr.com\/p2\/Fbd8jWoWQQ6CdBcLIvut3Q\/02E3cYaETqaj4Xm087cpSg?contactid=S3HHYfHY5rZv5f94S15MnA\" target=\"_blank\" rel=\"noopener\" data-saferedirecturl=\"https:\/\/www.google.com\/url?q=https:\/\/583e6ce0-dfd0-48be-8a33-61256b3c58e3.mlbtlr.com\/p2\/Fbd8jWoWQQ6CdBcLIvut3Q\/02E3cYaETqaj4Xm087cpSg?contactid%3DS3HHYfHY5rZv5f94S15MnA&amp;source=gmail&amp;ust=1695737525351000&amp;usg=AOvVaw0QTqKRwRJQFGK3KoJYigxX\">HERE<\/a>.<\/h3>\n","protected":false},"excerpt":{"rendered":"<p>Toronto\u2019s eclectic Apocryphonia will present a concert of English and French music that spans the period of the Hundred Years\u2019 War \u2014 technically, a little longer at about 116.<\/p>\n","protected":false},"author":64,"featured_media":116952,"comment_status":"open","ping_status":"open","sticky":false,"template":"","format":"standard","meta":{"om_disable_all_campaigns":false,"jetpack_post_was_ever_published":false},"categories":[41660,74,19,21,9567,43,63],"tags":[40773,40921,42203,42204,42206,42202,42207,41781,42205],"yst_prominent_words":[6610,12835,9272,7678,6616,6886,6604],"acf":[],"jetpack_featured_media_url":"https:\/\/www.ludwig-van.com\/toronto\/wp-content\/uploads\/sites\/2\/2025\/08\/Copy-of-PREVIEW-2025-08-22T124334.725.jpg","jetpack_sharing_enabled":true,"jetpack_shortlink":"https:\/\/wp.me\/p9bakr-uqi","amp_enabled":true,"_links":{"self":[{"href":"https:\/\/www.ludwig-van.com\/toronto\/wp-json\/wp\/v2\/posts\/116950"}],"collection":[{"href":"https:\/\/www.ludwig-van.com\/toronto\/wp-json\/wp\/v2\/posts"}],"about":[{"href":"https:\/\/www.ludwig-van.com\/toronto\/wp-json\/wp\/v2\/types\/post"}],"author":[{"embeddable":true,"href":"https:\/\/www.ludwig-van.com\/toronto\/wp-json\/wp\/v2\/users\/64"}],"replies":[{"embeddable":true,"href":"https:\/\/www.ludwig-van.com\/toronto\/wp-json\/wp\/v2\/comments?post=116950"}],"version-history":[{"count":7,"href":"https:\/\/www.ludwig-van.com\/toronto\/wp-json\/wp\/v2\/posts\/116950\/revisions"}],"predecessor-version":[{"id":116964,"href":"https:\/\/www.ludwig-van.com\/toronto\/wp-json\/wp\/v2\/posts\/116950\/revisions\/116964"}],"wp:featuredmedia":[{"embeddable":true,"href":"https:\/\/www.ludwig-van.com\/toronto\/wp-json\/wp\/v2\/media\/116952"}],"wp:attachment":[{"href":"https:\/\/www.ludwig-van.com\/toronto\/wp-json\/wp\/v2\/media?parent=116950"}],"wp:term":[{"taxonomy":"category","embeddable":true,"href":"https:\/\/www.ludwig-van.com\/toronto\/wp-json\/wp\/v2\/categories?post=116950"},{"taxonomy":"post_tag","embeddable":true,"href":"https:\/\/www.ludwig-van.com\/toronto\/wp-json\/wp\/v2\/tags?post=116950"},{"taxonomy":"yst_prominent_words","embeddable":true,"href":"https:\/\/www.ludwig-van.com\/toronto\/wp-json\/wp\/v2\/yst_prominent_words?post=116950"}],"curies":[{"name":"wp","href":"https:\/\/api.w.org\/{rel}","templated":true}]}}