{"id":116731,"date":"2025-08-13T08:40:29","date_gmt":"2025-08-13T12:40:29","guid":{"rendered":"https:\/\/www.ludwig-van.com\/toronto\/?p=116731"},"modified":"2025-08-13T14:00:02","modified_gmt":"2025-08-13T18:00:02","slug":"interview-off-centre-music-salon-founders-co-artistic-directors-boris-zarankin-inna-perkis","status":"publish","type":"post","link":"https:\/\/www.ludwig-van.com\/toronto\/2025\/08\/13\/interview-off-centre-music-salon-founders-co-artistic-directors-boris-zarankin-inna-perkis\/","title":{"rendered":"INTERVIEW | Off Centre Music Salon Founders And Co-Artistic Directors Boris Zarankin &amp; Inna Perkis"},"content":{"rendered":"<figure id=\"attachment_116734\" aria-describedby=\"caption-attachment-116734\" style=\"width: 1200px\" class=\"wp-caption aligncenter\"><img decoding=\"async\" loading=\"lazy\" class=\"size-full wp-image-116734\" src=\"https:\/\/www.ludwig-van.com\/toronto\/wp-content\/uploads\/sites\/2\/2025\/08\/Copy-of-INTERVIEW-96.jpg\" alt=\"Off Centre Music Salon Founders And Co-Artistic Directors Boris Zarankin &amp; Inna Perkis take a bow (Photo courtesy of the artists)\" width=\"1200\" height=\"628\" srcset=\"https:\/\/www.ludwig-van.com\/toronto\/wp-content\/uploads\/sites\/2\/2025\/08\/Copy-of-INTERVIEW-96.jpg 1200w, https:\/\/www.ludwig-van.com\/toronto\/wp-content\/uploads\/sites\/2\/2025\/08\/Copy-of-INTERVIEW-96-300x157.jpg 300w, https:\/\/www.ludwig-van.com\/toronto\/wp-content\/uploads\/sites\/2\/2025\/08\/Copy-of-INTERVIEW-96-1024x536.jpg 1024w, https:\/\/www.ludwig-van.com\/toronto\/wp-content\/uploads\/sites\/2\/2025\/08\/Copy-of-INTERVIEW-96-768x402.jpg 768w\" sizes=\"(max-width: 1200px) 100vw, 1200px\" \/><figcaption id=\"caption-attachment-116734\" class=\"wp-caption-text\">Off Centre Music Salon Founders And Co-Artistic Directors Boris Zarankin &amp; Inna Perkis take a bow (Photo courtesy of the artists)<\/figcaption><\/figure>\n<p>Off Centre Music Salon Founders and Co-Artistic Directors Boris Zarankin and Inna Perkis have announced the programming for their 30th anniversary season. New to the organization is a collaboration with Royal Conservatory of Music\u2019s Glenn Gould School and Taylor Academy.<\/p>\n<p>Founded in 1995 by pianists Inna Perkis and Boris Zarankin, Off Centre Music Salon is a Toronto-based chamber music series known for its themed programming, intimate concert experiences, and dedication to Canadian talent.<\/p>\n<p>The couple built Off Centre as a community, enlarging the concept of presenting chamber music to include a more personal connection, especially for audience members. Their events involve a combination of music, storytelling, and exchanges of ideas.<\/p>\n<p>Here\u2019s a look at the season, and the couple who\u2019ve created a unique environment for music in Toronto\u2019s classical music scene.<\/p>\n<h2>Boris\u202fZarankin and Inna Perkis<\/h2>\n<p><strong>Boris Zarankin<\/strong> studied at the Kharkov State Conservatory with Regina Horowitz, completing his musical education at the Moscow State Conservatory.<\/p>\n<p>He has performed as a soloist with major orchestras across the world, including the Toronto Symphony Orchestra, Vancouver Symphony Orchestra, Victoria Symphony Orchestra, the Kyiv Philharmonic and the Kharkiv Symphony Orchestra, among others. As a collaborator, he has performed with Jacques Israelievitch, Jonathan Crow, Marie B\u00e9rard, Ilya Kaler, Carol Wincenc, Han de Vries, Benjamin Butterfield, Isabel Bayrakdarian, Russell Braun and Michael Schade, and many other artists.<\/p>\n<p>His repertoire includes both traditional and contemporary music, and he has commissioned new works by composers such as Valentin Bibik and Volodymyr Nalyvaiko. He is also a recording artist, and dedicated educator.<\/p>\n<p><strong>Inna\u202fPerkis<\/strong> is a graduate of the St. Petersburg Conservatory, where she earned both her bachelor\u2019s and master\u2019s degrees. She is a versatile chamber musician who has collaborated with artists like Ofra Harnoy, Ilya Kaler, Mikhail Gantvarg, Michael Schade, Measha Bruggergosman, and Isabel Bayrakdarian, among others. She has been teaching piano for about 50 years, and continues to work with students, many of whom have gone on to win prizes at the national and international level.<\/p>\n<p>She has performed with Boris as a four-hand piano duo and two-piano duo for over 50 years.<\/p>\n<figure id=\"attachment_116736\" aria-describedby=\"caption-attachment-116736\" style=\"width: 1200px\" class=\"wp-caption aligncenter\"><img decoding=\"async\" loading=\"lazy\" class=\"size-full wp-image-116736\" src=\"https:\/\/www.ludwig-van.com\/toronto\/wp-content\/uploads\/sites\/2\/2025\/08\/IMG_0580.jpg\" alt=\"Off Centre Music Salon Founders aAnd Co-Artistic Directors Boris Zarankin &amp; Inna Perkis and a happy crowd from a previous concert (Photo courtesy of Off Centre Music Salon)\" width=\"1200\" height=\"800\" srcset=\"https:\/\/www.ludwig-van.com\/toronto\/wp-content\/uploads\/sites\/2\/2025\/08\/IMG_0580.jpg 1200w, https:\/\/www.ludwig-van.com\/toronto\/wp-content\/uploads\/sites\/2\/2025\/08\/IMG_0580-300x200.jpg 300w, https:\/\/www.ludwig-van.com\/toronto\/wp-content\/uploads\/sites\/2\/2025\/08\/IMG_0580-1024x683.jpg 1024w, https:\/\/www.ludwig-van.com\/toronto\/wp-content\/uploads\/sites\/2\/2025\/08\/IMG_0580-768x512.jpg 768w\" sizes=\"(max-width: 1200px) 100vw, 1200px\" \/><figcaption id=\"caption-attachment-116736\" class=\"wp-caption-text\">Off Centre Music Salon Founders aAnd Co-Artistic Directors Boris Zarankin &amp; Inna Perkis and a happy crowd from a previous concert (Photo courtesy of Off Centre Music Salon)<\/figcaption><\/figure>\n<h2>30th Anniversary Season: Dream The Impossible Dream<\/h2>\n<h3>From Melancholy to Surrealism, with Laughter In Between (October 19, 2025)<\/h3>\n<p>Schubert knew a thing or two about unrequited love and sadness, and those emotions come to the fore in his Fantasia for four hands and his Arpeggione Sonata. But, he also had his lighter side, on display in his vocal trios Die Advokaten and Der Hochzeitsbraten. Poulenc\u2019s Bal masqu\u00e9 (for soprano and chamber orchestra), and Ravel\u2019s Tsigane, for vioin and harp (masquerading as a luth\u00e9al) complete the program.<\/p>\n<p><strong>Performers:<\/strong><\/p>\n<p>Tom Allen, host; *Alyssa Bartholomew, soprano; *James Coole-Stevenson, baritone; Nico Dann, percussion; David Eliakis, piano; Lori Gemmell, harp; Sheila Jaff\u00e9, violin; *Mira Kardan, cello; *Nicholas Kluftinger, bass; *Jeffrey Liu, tenor; Inna Perkis, piano; Mark Skazinetsky, conductor; Krisztina Szabo, mezzo soprano; Boris Zarankin, piano; Chamber Orchestra (with additional instrumentalists from the Glenn Gould School)<\/p>\n<p>* This will be Off-Centre\u2019s inaugural collaboration with the Glenn Gould School. Names marked with an asterisk * are students from the Glenn Gould School<\/p>\n<h3>Life + Death. Genius + Jealousy (December 14, 2025)<\/h3>\n<p>Mozart and Salieri \u2014 what was their true relationship? Clio, the Muse of History mediates the discussion. Just how did Salieri become an icon of jealousy in the public mind? In life, he was a much loved teacher, and mentor to giants like Schubert and Beethoven. The relationship between the two is examined in Rimsky-Korsakov\u2019s rarely performed one-act opera Mozart and Salieri. Mussorgsky\u2019s Songs and Dances of Death offers more food for reflection.<\/p>\n<p><strong>Performers:<\/strong><\/p>\n<p>Benjamin Butterfield, tenor (Mozart); Mira Kardan, cello; Peter McGillivray, bass baritone (Salieri); Nancy Palk, actor; Inna Perkis, piano; Brett Polegato, baritone; Kathryn Tremills, piano; Boris Zarankin, piano; Julia Zarankin, host<\/p>\n<h3>Film Screening: Chopin\u2019s Preludes: A Life, In Fragments (February 8, 2026)<\/h3>\n<p>Chopin\u2019s Preludes: A Life, in Fragments is a feature-length documentary film about what Zarankin\u2019s calls, \u201cthe ways that Chopin\u2019s Preludes intersect with our lives. The result is an exciting hybrid film that blends live performance with our own immigrant story.\u201d Off Centre\u2019s founder\/pianists Boris Zarankin and Inna Perkis, and filmmaker Marcel Canzona, will participate in a Q&amp;A after the screening.<\/p>\n<h3>We\u2019ve Got Rhythm (In 1, In 2, In 3, In 4, In 5, In 6&#8230; In Ten!) (March 29, 2026)<\/h3>\n<p>As Stravinsky said, \u201cThere is music wherever there is rhythm, as there is life wherever there beats a pulse.\u201d Rhythms are explored in this program that includes the Basque patterns of Ravel\u2019s Piano Trio, the dance rhythms in his four-hand arrangement of Debussy\u2019s Pr\u00e9lude \u00e0 l\u2019apr\u00e8s-midi d\u2019un faune, the child-like charm of Mussorgsky\u2019s Nursery songs, and gongs and bronze kettle tones of a Gamelan ensemble. Dancing may be involved&#8230;<\/p>\n<p><strong>Performers:<\/strong><\/p>\n<p>Tom Allen, host; Mira Kardan, cello; Elina Kelebeev, piano; Maeve Palmer, soprano; Inna Perkis, piano Isabella Perron, violin; Boris Zarankin, piano; Ilana Zarankin, soprano<\/p>\n<h3>(Erik) Satie-S-Faction Guaranteed (June 7, 2026)<\/h3>\n<p>Off Centre\u2019s 30th Anniversary Fundraiser Gala features a huge cast of performers. More details about the program to be announced closer to the date.<\/p>\n<p><strong>Performers:<\/strong><\/p>\n<p>Tom Allen, host; Colin Ainsworth, tenor; Russell Braun, baritone; Lucia Cesaroni, soprano; Lori Gemmell, harp; Andrew Haji, tenor; Erica Iris Huang, mezzo soprano; Elina Kelebeev, piano; Rachael Kerr, piano; B\u00e9n\u00e9dicte Lauzi\u00e8re, violin; William Leathers, trumpet; Andrea Ludwig, mezzo soprano; Joseph Macerollo, accordion; Clara Nguyen Tran, viola; Maeve Palmer, soprano; Inna Perkis, piano; Adrianne Pieczonka, soprano; Leana Rutt, cello; Mark Skazinetsky, violin; Giles Tomkins, bass-baritone; Liz Upchurch, piano; Boris Zarankin, piano; Ilana Zarankin, soprano<\/p>\n<figure id=\"attachment_116735\" aria-describedby=\"caption-attachment-116735\" style=\"width: 1200px\" class=\"wp-caption aligncenter\"><img decoding=\"async\" loading=\"lazy\" class=\"size-full wp-image-116735\" src=\"https:\/\/www.ludwig-van.com\/toronto\/wp-content\/uploads\/sites\/2\/2025\/08\/Copy-of-NEWS-2025-08-13T083642.406.jpg\" alt=\"Off Centre Music Salon Founders And Co-Artistic Directors Boris Zarankin &amp; Inna Perkis (Photos on the left &amp; right by Claire Sibonny; middle courtesy of the artists)\" width=\"1200\" height=\"628\" srcset=\"https:\/\/www.ludwig-van.com\/toronto\/wp-content\/uploads\/sites\/2\/2025\/08\/Copy-of-NEWS-2025-08-13T083642.406.jpg 1200w, https:\/\/www.ludwig-van.com\/toronto\/wp-content\/uploads\/sites\/2\/2025\/08\/Copy-of-NEWS-2025-08-13T083642.406-300x157.jpg 300w, https:\/\/www.ludwig-van.com\/toronto\/wp-content\/uploads\/sites\/2\/2025\/08\/Copy-of-NEWS-2025-08-13T083642.406-1024x536.jpg 1024w, https:\/\/www.ludwig-van.com\/toronto\/wp-content\/uploads\/sites\/2\/2025\/08\/Copy-of-NEWS-2025-08-13T083642.406-768x402.jpg 768w\" sizes=\"(max-width: 1200px) 100vw, 1200px\" \/><figcaption id=\"caption-attachment-116735\" class=\"wp-caption-text\">Off Centre Music Salon Founders And Co-Artistic Directors Boris Zarankin &amp; Inna Perkis (Photos on the left &amp; right by Claire Sibonny; middle courtesy of the artists)<\/figcaption><\/figure>\n<h2>Boris\u202fZarankin and Inna Perkis: The Interview<\/h2>\n<p>\u201cWe started Off Centre, it&#8217;s actually a reflection of us,\u201d Inna says.<\/p>\n<p>\u201cA reflection of our passion and our music,\u201d Boris adds.<\/p>\n<p>\u201cThe most intimate form of music,\u201d Inna says.<\/p>\n<p>\u201cThis probably all started where we immigrated first \u2014 Vienna,\u201d Boris explains. \u201cWe experienced music salons there.\u201d<\/p>\n<p>He calls it a seed that was planted, an idea of creating intimate environments that closed the gap between performer and audience. When they found themselves at a crossroads in their careers years later in Canada, they decided to launch their own salon.<\/p>\n<p>\u201cWe thought that we are bored just with teaching and occasional playing. We started without knowing that we would last four 30 years,\u201d Boris says. \u201cIt was very experimental in the beginning.\u201d<\/p>\n<p>Where did the name come from?<\/p>\n<p>\u201cWhy Off Centre?\u201d Inna asks. \u201cBecause we are slightly off centre as people,\u201d she laughs. \u201cWe wanted to have something that we feel was needed in this city, and was most interesting to us.\u201d<\/p>\n<p>The couple wanted to impart their own passion for the music to their audiences.<\/p>\n<p>\u201cIn the 30 years, I think the biggest achievement was [&#8230;] we made our film,\u201d she says.<\/p>\n<p>The screening of Chopin\u2019s Preludes: A Life, In Fragments is part of the 30th anniversary lineup.<\/p>\n<p>They\u2019re excited about the documentary. \u201cI suspect that we created a new genre,\u201d Boris says. It\u2019s a combination of performance and fragments of their lives, examining how Chopin\u2019s music intertwines with their lives, as well as the composer\u2019s life and philosophies.<\/p>\n<h3>Glenn Gould School \u2014 A New Collaboration<\/h3>\n<p>\u201cWe are very excited about this collaboration,\u201d Perkis says of Off Centre\u2019s new partnership with The Glenn Gould School. She says the couple were looking for the right kind of arrangement.<\/p>\n<p>\u201cWe went right to the president of the Conservatory and he was very receptive,\u201d Boris notes.<\/p>\n<p>\u201cAnd he said, of course!\u201d Perkis adds.<\/p>\n<p>The partnership sees students from The Glenn Gould School perform together with experienced professional artists in a concert setting. It\u2019s an invaluable experience for young musicians.<\/p>\n<p>As Zarankin points out, the learning process never stops. \u201c<br \/>\nWe as pianists, we are very much influenced by the orchestra, or singers in particular. That&#8217;s why we keep learning all the time.,\u201d he says.<\/p>\n<p>\u201cNext year we are going to have an artist in residence,\u201d he adds. Cellist Mira Kardan, a current student at the GGS, is a graduate of the Colbourn Music Academy, and the 2022 first prize winner of the Bellflower[CA] Symphony Competition, and first prize winner at the 2025 Shean Competition.<\/p>\n<p>As Perkis relates, the artist in residence program began with a Japanese student years ago. \u201cNone of us spoke English, and that&#8217;s how it started,\u201d she laughs. \u201cWe can share the emotional content of the music.\u201d<\/p>\n<h3>The Programs<\/h3>\n<p>\u201cWe are very eclectic,\u201d Zarankin says. \u201cIt always offers some meat. It could be anything,\u201d he continues. \u201cWe work around certain concepts.\u201d<\/p>\n<p>The programs are tweaked and modified, sometimes close to the performance date.<\/p>\n<p>\u201cWe are not satisfied in a program until we see it and shift it around,\u201d Perkis says.<\/p>\n<p>\u201cIt&#8217;s always a combination of big pieces with smaller pieces,\u201d Boris notes. Sometimes it involves the specific artists they want to work with.<\/p>\n<p>Those selections are crucial to maintaining the environment they want to create.<\/p>\n<p>\u201cFirst of all, salons are gatherings,\u201d Inna says. That includes both artists and art lovers. \u201cIt&#8217;s paramount who you invite to these gatherings. Music making is very set. It&#8217;s a conversation between us on stage and the audience, and the audience between themselves.\u201d<\/p>\n<p>\u201cIt should be harmonious,\u201d Zarankin adds. \u201cPeople shouldn&#8217;t hate each other when they are on stage.\u201d<\/p>\n<p>\u201cI think we are lucky because from day one [&#8230;] for two accomplished pianists to sit together and talk about music&#8230;\u201d Inna begins.<\/p>\n<p>\u201c&#8230; and not kill each other,\u201d Boris adds.<\/p>\n<p>\u201cIt&#8217;s not easy,\u201d Perkis laughs. They give artists one stipulation. \u201cPlease leave your ego at the door.\u201d<\/p>\n<p>\u201cTo be very frank, we are obsessed with quality \u2014 not with quantity,\u201d Zarankin says.<\/p>\n<p>Putting it all together is where it gets complicated. \u201cIt&#8217;s a real art to make a program digestible to the audience,\u201d Inna explains. Their continued success is the proof in the pudding. \u201cFor 29 seasons, they give us standing ovations.\u201d<\/p>\n<p>She believes it\u2019s the combination of careful curation with an environment that lets audiences get closer to the music, and music making.<\/p>\n<p>There are also other perks.<\/p>\n<p>\u201cWe offer sweets during the intermission,\u201d Boris says.<\/p>\n<p>When putting programs together, they looked for connections. Zarankin goes over the program for the first concert.<\/p>\n<p>\u201cWe have Schubert, the king of melancholy you can call him,\u201d Boris says. \u201cThen we have Poulenc, French people call him, this is our Schubert.\u201d But, it\u2019s not all gloom. \u201cWe tried to install this moment of comic relief in every concert.\u201d That\u2019s doubly true when the program includes serious avant-garde music. \u201cWe know we need comic relief,\u201d he says. \u201cIt opens their ears up again.\u201d<\/p>\n<p>If the audience is bored, it\u2019s a curating problem. \u201cI consider it the fault of the presenters,\u201d he says.<\/p>\n<p>Inna says they discovered Schubert\u2019s lighter side in a video examining is early pieces, including Die Advokaten and Der Hochzeitsbraten.<\/p>\n<p>\u201cIt really brings up a different Schubert,\u201d she says. \u201cIt also connects us to the Poulenc.\u201d<\/p>\n<p>\u201cIn principle,\u201d Zarankin says. \u201c[&#8230;] what we are doing when we create the program, we try to be listeners. What kind of balance is there? The psychology of the listener is the most difficult part.\u201d<\/p>\n<p>Inna says that the artists they work with routinely know that, even during the last week before the concert, when the most intensive rehearsals take place, last minute tweaks are to be expected.<\/p>\n<p>It\u2019s all part of getting the atmosphere just right.<\/p>\n<ul>\n<li>Find more details, season passes and tickets for their 2025\/26 season [<strong><a href=\"https:\/\/offcentremusic.com\/2025-26-season\/\" target=\"_blank\" rel=\"noopener\">HERE<\/a><\/strong>].<\/li>\n<\/ul>\n<p><strong><em>Are you looking to promote an <a href=\"https:\/\/www.ludwig-van.com\/toronto\/advertising\/\" target=\"_blank\" rel=\"noopener\"><span style=\"color: #0e101a\"><u>event<\/u><\/span><\/a>? Have a\u00a0<a href=\"https:\/\/www.ludwig-van.com\/toronto\/masthead\/\" target=\"_blank\" rel=\"noopener\"><u>news tip<\/u><\/a>? Need to know the best\u00a0<a href=\"https:\/\/www.ludwig-van.com\/toronto\/events\/\" target=\"_blank\" rel=\"noopener\"><u>events<\/u><\/a>\u00a0happening this weekend? Send us a\u00a0<\/em><\/strong><a href=\"mailto:anya@ludwig-van.com?subject=Let's%20chat\" target=\"_blank\" rel=\"noopener\"><strong><em><u>note<\/u>.<\/em><\/strong><br \/>\n<\/a><\/p>\n<h3 class=\"western\"><em><b>#LUDWIGVAN<\/b><\/em><\/h3>\n<p class=\"western\"><em>Get the daily arts news straight to your inbox.<\/em><\/p>\n<h3 class=\"western\"><em>Sign up for the Ludwig Van Toronto e-Blast! \u2014 local classical music and opera news straight to your inbox <\/em><a href=\"https:\/\/583e6ce0-dfd0-48be-8a33-61256b3c58e3.mlbtlr.com\/p2\/Fbd8jWoWQQ6CdBcLIvut3Q\/02E3cYaETqaj4Xm087cpSg?contactid=S3HHYfHY5rZv5f94S15MnA\" target=\"_blank\" rel=\"noopener\" data-saferedirecturl=\"https:\/\/www.google.com\/url?q=https:\/\/583e6ce0-dfd0-48be-8a33-61256b3c58e3.mlbtlr.com\/p2\/Fbd8jWoWQQ6CdBcLIvut3Q\/02E3cYaETqaj4Xm087cpSg?contactid%3DS3HHYfHY5rZv5f94S15MnA&amp;source=gmail&amp;ust=1695737525351000&amp;usg=AOvVaw0QTqKRwRJQFGK3KoJYigxX\">HERE<\/a>.<\/h3>\n","protected":false},"excerpt":{"rendered":"<p>Off Centre Music Salon Founders and Co-Artistic Directors Boris Zarankin and Inna Perkis have announced the programming for their 30th anniversary season.<\/p>\n","protected":false},"author":64,"featured_media":116734,"comment_status":"open","ping_status":"open","sticky":false,"template":"","format":"standard","meta":{"om_disable_all_campaigns":false,"jetpack_post_was_ever_published":false},"categories":[41660,10,76,19,29,4557,63],"tags":[535,1618,2472],"yst_prominent_words":[10982,10978,9057,10981],"acf":[],"jetpack_featured_media_url":"https:\/\/www.ludwig-van.com\/toronto\/wp-content\/uploads\/sites\/2\/2025\/08\/Copy-of-INTERVIEW-96.jpg","jetpack_sharing_enabled":true,"jetpack_shortlink":"https:\/\/wp.me\/p9bakr-umL","amp_enabled":true,"_links":{"self":[{"href":"https:\/\/www.ludwig-van.com\/toronto\/wp-json\/wp\/v2\/posts\/116731"}],"collection":[{"href":"https:\/\/www.ludwig-van.com\/toronto\/wp-json\/wp\/v2\/posts"}],"about":[{"href":"https:\/\/www.ludwig-van.com\/toronto\/wp-json\/wp\/v2\/types\/post"}],"author":[{"embeddable":true,"href":"https:\/\/www.ludwig-van.com\/toronto\/wp-json\/wp\/v2\/users\/64"}],"replies":[{"embeddable":true,"href":"https:\/\/www.ludwig-van.com\/toronto\/wp-json\/wp\/v2\/comments?post=116731"}],"version-history":[{"count":5,"href":"https:\/\/www.ludwig-van.com\/toronto\/wp-json\/wp\/v2\/posts\/116731\/revisions"}],"predecessor-version":[{"id":116740,"href":"https:\/\/www.ludwig-van.com\/toronto\/wp-json\/wp\/v2\/posts\/116731\/revisions\/116740"}],"wp:featuredmedia":[{"embeddable":true,"href":"https:\/\/www.ludwig-van.com\/toronto\/wp-json\/wp\/v2\/media\/116734"}],"wp:attachment":[{"href":"https:\/\/www.ludwig-van.com\/toronto\/wp-json\/wp\/v2\/media?parent=116731"}],"wp:term":[{"taxonomy":"category","embeddable":true,"href":"https:\/\/www.ludwig-van.com\/toronto\/wp-json\/wp\/v2\/categories?post=116731"},{"taxonomy":"post_tag","embeddable":true,"href":"https:\/\/www.ludwig-van.com\/toronto\/wp-json\/wp\/v2\/tags?post=116731"},{"taxonomy":"yst_prominent_words","embeddable":true,"href":"https:\/\/www.ludwig-van.com\/toronto\/wp-json\/wp\/v2\/yst_prominent_words?post=116731"}],"curies":[{"name":"wp","href":"https:\/\/api.w.org\/{rel}","templated":true}]}}