{"id":116718,"date":"2025-08-12T15:29:28","date_gmt":"2025-08-12T19:29:28","guid":{"rendered":"https:\/\/www.ludwig-van.com\/toronto\/?p=116718"},"modified":"2025-08-13T08:00:02","modified_gmt":"2025-08-13T12:00:02","slug":"preview-innerchamber-announces-season-16-concert-lineup-for-2025-26","status":"publish","type":"post","link":"https:\/\/www.ludwig-van.com\/toronto\/2025\/08\/12\/preview-innerchamber-announces-season-16-concert-lineup-for-2025-26\/","title":{"rendered":"PREVIEW | INNERchamber Announces Season 16 Concert Lineup For 2025\/26"},"content":{"rendered":"<figure id=\"attachment_116722\" aria-describedby=\"caption-attachment-116722\" style=\"width: 1200px\" class=\"wp-caption aligncenter\"><img decoding=\"async\" loading=\"lazy\" class=\"size-full wp-image-116722\" src=\"https:\/\/www.ludwig-van.com\/toronto\/wp-content\/uploads\/sites\/2\/2025\/08\/Copy-of-PREVIEW-36.jpg\" alt=\"L-R: Composer Samuel Coleridge-Taylor in 1905 (Public domain); violinist and INNERchamber Artistic Director Andrew Chung (Photo courtesy of the artist); Portrait of Turlough Carolan, from R.B. Armstrong &quot;The Irish and Highland Harps&quot;, Edinburgh, David Douglas, 1904 (Public domain)\" width=\"1200\" height=\"628\" srcset=\"https:\/\/www.ludwig-van.com\/toronto\/wp-content\/uploads\/sites\/2\/2025\/08\/Copy-of-PREVIEW-36.jpg 1200w, https:\/\/www.ludwig-van.com\/toronto\/wp-content\/uploads\/sites\/2\/2025\/08\/Copy-of-PREVIEW-36-300x157.jpg 300w, https:\/\/www.ludwig-van.com\/toronto\/wp-content\/uploads\/sites\/2\/2025\/08\/Copy-of-PREVIEW-36-1024x536.jpg 1024w, https:\/\/www.ludwig-van.com\/toronto\/wp-content\/uploads\/sites\/2\/2025\/08\/Copy-of-PREVIEW-36-768x402.jpg 768w\" sizes=\"(max-width: 1200px) 100vw, 1200px\" \/><figcaption id=\"caption-attachment-116722\" class=\"wp-caption-text\">L-R: Composer Samuel Coleridge-Taylor in 1905 (Public domain); violinist and INNERchamber Artistic Director Andrew Chung (Photo courtesy of the artist); Portrait of Turlough Carolan, from R.B. Armstrong &#8220;The Irish and Highland Harps&#8221;, Edinburgh, David Douglas, 1904 (Public domain)<\/figcaption><\/figure>\n<p>INNERchamber Artistic Director Andrew Chung announced the lineup for the organization\u2019s 16th Season, which kicks off on September 28. The six-concert season takes place at Factory163 in Stratford, Ontario, with delectable meals available as well as the music.<\/p>\n<p>Two of the concerts will also be made available through Video On Demand (VOD), recorded by Mike Fisher of Stream Studio. The VOD stream will be available on the Wednesday following the live event.<\/p>\n<p>\u201cThis is such an exciting time of year for us at INNERchamber! We have sprinkled the seeds of programming for the season, and while we wait and watch how these concert programs will grow and develop, we are finally ready to share these plans with you!\u201d says INNERchamber Artistic Director <strong>Andrew Chung<\/strong> in a statement.<\/p>\n<p>\u201cWe have so much to be grateful for, and I never take it for granted \u2014 we get to produce a thriving concert series created by and for our community with an enthusiastic audience that understands the importance of bringing people together to share our humanity and our music. We are looking forward to connecting the community through music once again in Season 16.\u201d<\/p>\n<p>Here\u2019s a look at what\u2019s in store.<\/p>\n<h2>INNERchamber\u2019s 16th Season<\/h2>\n<h3>Season Opener: Beyond Limits (September 28, 2025)<\/h3>\n<p>This concert pairs Beethoven\u2019s String Quartet Op. 59, No. 1, an expansive work from his middle period, with Canadian composer R. Murray Schafer\u2019s String Quartet No. 11. It\u2019s a showcase of the range of the string quartet.<\/p>\n<p>Performers: INNERchamber String Quartet<\/p>\n<h3>From the Salons of Paris (November 30, 2025)<\/h3>\n<p>This concert takes its inspiration from the Parisian salons of the early 20th century, with music, storytelling, and songs. Singer and actor Derek Kwan (fresh off performing in Stratford\u2019s musical theatre offerings this season) is the audience\u2019s guide through the Salons of Paris, including Germaine Tailleferre\u2019s String Quartet, Francis Poulenc\u2019s La Dame de Monte Carlo, Oscar Wilde\u2019s The Nightingale by Laura Burton and many more.<\/p>\n<p>Performers: Derek Kwan; Anna Ronai, piano; INNERchamber String Quartet<\/p>\n<h3>Typeface: A Concert of Characters (February 1, 2026)<\/h3>\n<p>Typographer and design instructor Chris Moorehead, together with the INNERchamber Ensemble, takes the audience on a musical and dramatic search for that \u201cperfect\u201d character. The full program will be announced closer to the date.<\/p>\n<p>Performers: Christopher Moorehead, narrator; INNERchamber Ensemble: Andrew Chung, violin; Ben Bolt-Martin, cello; Anna Ronai, piano<\/p>\n<h3>In the Steps of O\u2019Carolan (March 1, 2026)<\/h3>\n<p>Blind Celtic harper, composer and singer Turlough O&#8217;Carolan is considered by many to be Ireland&#8217;s national composer. He was born in 1670, and lived to the age of 68, he spent the last 50 years of his life travelling the entire length and breadth of Ireland with a trusted guide, playing his own compositions as well as traditional music. Fiddler\/violinist Dan Stacey has long been fascinated with O\u2019Carolan and his work, and he joins the Ensemble to tell the story of this composer and his music.<\/p>\n<p>Performers: Cedric Smith, narrator; Dan Stacey, violin; INNERchamber Ensemble: Andrew Chung, violin; Ben Bolt-Martin, cello; Julia Seager-Scott, harp<\/p>\n<h3>Reverence (April 12, 2026)<\/h3>\n<p>This collaborative concert has springtime and reverence for the planet as its theme, including new works by composer Spy D\u00e9nomm\u00e9-Welch, who also co-curates the program. Dr. Spy D\u00e9nomm\u00e9-Welch (Algonquin-Anishnaabe) is a multi-disciplinary artist and scholar, Associate Professor and Canada Research Chair in Indigenous Arts, Knowledge Systems and Education \u2014 Critical Policy, Equity and Leadership Studies at the University of Western Ontario.<\/p>\n<p>Performers: Narrator TBA; INNERchamber Ensemble: Liesel Deppe, flute; Andrew Chung, violin; Ben Bolt-Martin, cello; Graham Hargrove, percussion<\/p>\n<h3>Season Closer: Imagining Samuel Coleridge-Taylor (May 24, 2026)<\/h3>\n<p>Composer Samuel Coleridge-Taylor\u2019s music was unique, blending elements of late Viennese Romanticism with those of North American Black music as it was around the turn of the 20th century. Actor Roy Lewis uses a mash-up of fact and fiction, prose and poetry to illuminate Samuel Coleridge-Taylor\u2019s life and times.<\/p>\n<p>Performers: Roy Lewis, narrator; INNERchamber Ensemble: Peter Shackleton, clarinet; Charmaine Fopoussi, piano; Andrew Chung, violin; Judith Davenport, viola; Ben Bolt-Martin, cello<\/p>\n<p>The INNERchamber String Quartet performs the Adagio from Mendelssohn&#8217;s String Quartet Op. 44, No. 3. Performed live at Factory163 in Stratford, Ontario, September 22, 2024, with Andrew Chung and Julie Baumgartel, violins, Judith Davenport, viola, and Ben Bolt-Martin, cello:<\/p>\n<div class=\"jetpack-video-wrapper\"><span class=\"embed-youtube\" style=\"text-align:center; display: block;\"><iframe loading=\"lazy\" class=\"youtube-player\" width=\"640\" height=\"360\" src=\"https:\/\/www.youtube.com\/embed\/XVSfDa0Tj_k?version=3&#038;rel=1&#038;showsearch=0&#038;showinfo=1&#038;iv_load_policy=1&#038;fs=1&#038;hl=en-US&#038;autohide=2&#038;wmode=transparent\" allowfullscreen=\"true\" style=\"border:0;\" sandbox=\"allow-scripts allow-same-origin allow-popups allow-presentation\"><\/iframe><\/span><\/div>\n<h2>Concert Details<\/h2>\n<p>Concerts begin at 7 p.m. at Factory163, (163 King Street, Stratford ON), and dinner is served before each concert from 5:45 p.m.<\/p>\n<p>INNERchamber will continue to make two live concerts accessible through Video On Demand (VOD), recorded by Mike Fisher of Stream Studio. In the Steps of O\u2019Carolan and Imagining Samuel Coleridge-Taylor will be the two concerts available on VOD on the Wednesday after each live event.<\/p>\n<ul>\n<li>INNERchamber is a registered charity and not-for-profit, and you can make tax-deductible donations online [<strong><a href=\"https:\/\/www.innerchamber.ca\/oursupporters\" target=\"_blank\" rel=\"noopener\">HERE<\/a><\/strong>].<\/li>\n<\/ul>\n<p>You can direct your donation to Season 16, or specify the JD Sterne Memorial Award, or INNERchamber\u2019s outreach program, which sees them performing for children or seniors in the community.<\/p>\n<ul>\n<li>Season Pass Subscriptions and Single Tickets are now on sale, with student and arts worker discounts available, [<strong><a href=\"https:\/\/www.innerchamber.ca\/concerts\" target=\"_blank\" rel=\"noopener\">HERE<\/a><\/strong>].<\/li>\n<\/ul>\n<p><strong><em>Are you looking to promote an <a href=\"https:\/\/www.ludwig-van.com\/toronto\/advertising\/\" target=\"_blank\" rel=\"noopener\"><span style=\"color: #0e101a\"><u>event<\/u><\/span><\/a>? Have a\u00a0<a href=\"https:\/\/www.ludwig-van.com\/toronto\/masthead\/\" target=\"_blank\" rel=\"noopener\"><u>news tip<\/u><\/a>? Need to know the best\u00a0<a href=\"https:\/\/www.ludwig-van.com\/toronto\/events\/\" target=\"_blank\" rel=\"noopener\"><u>events<\/u><\/a>\u00a0happening this weekend? Send us a\u00a0<\/em><\/strong><a href=\"mailto:anya@ludwig-van.com?subject=Let's%20chat\" target=\"_blank\" rel=\"noopener\"><strong><em><u>note<\/u>.<\/em><\/strong><br \/>\n<\/a><\/p>\n<h3 class=\"western\"><em><b>#LUDWIGVAN<\/b><\/em><\/h3>\n<p class=\"western\"><em>Get the daily arts news straight to your inbox.<\/em><\/p>\n<h3 class=\"western\"><em>Sign up for the Ludwig Van Toronto e-Blast! \u2014 local classical music and opera news straight to your inbox <\/em><a href=\"https:\/\/583e6ce0-dfd0-48be-8a33-61256b3c58e3.mlbtlr.com\/p2\/Fbd8jWoWQQ6CdBcLIvut3Q\/02E3cYaETqaj4Xm087cpSg?contactid=S3HHYfHY5rZv5f94S15MnA\" target=\"_blank\" rel=\"noopener\" data-saferedirecturl=\"https:\/\/www.google.com\/url?q=https:\/\/583e6ce0-dfd0-48be-8a33-61256b3c58e3.mlbtlr.com\/p2\/Fbd8jWoWQQ6CdBcLIvut3Q\/02E3cYaETqaj4Xm087cpSg?contactid%3DS3HHYfHY5rZv5f94S15MnA&amp;source=gmail&amp;ust=1695737525351000&amp;usg=AOvVaw0QTqKRwRJQFGK3KoJYigxX\">HERE<\/a>.<\/h3>\n","protected":false},"excerpt":{"rendered":"<p>INNERchamber Artistic Director Andrew Chung announced the lineup for the organization\u2019s 16th Season, a six concert series that kicks off on September 28.<\/p>\n","protected":false},"author":64,"featured_media":116722,"comment_status":"open","ping_status":"open","sticky":false,"template":"","format":"standard","meta":{"om_disable_all_campaigns":false,"jetpack_post_was_ever_published":false},"categories":[41660,74,10,76,18,19,38,3693,4557],"tags":[41171,41844,37939],"yst_prominent_words":[7677],"acf":[],"jetpack_featured_media_url":"https:\/\/www.ludwig-van.com\/toronto\/wp-content\/uploads\/sites\/2\/2025\/08\/Copy-of-PREVIEW-36.jpg","jetpack_sharing_enabled":true,"jetpack_shortlink":"https:\/\/wp.me\/p9bakr-umy","amp_enabled":true,"_links":{"self":[{"href":"https:\/\/www.ludwig-van.com\/toronto\/wp-json\/wp\/v2\/posts\/116718"}],"collection":[{"href":"https:\/\/www.ludwig-van.com\/toronto\/wp-json\/wp\/v2\/posts"}],"about":[{"href":"https:\/\/www.ludwig-van.com\/toronto\/wp-json\/wp\/v2\/types\/post"}],"author":[{"embeddable":true,"href":"https:\/\/www.ludwig-van.com\/toronto\/wp-json\/wp\/v2\/users\/64"}],"replies":[{"embeddable":true,"href":"https:\/\/www.ludwig-van.com\/toronto\/wp-json\/wp\/v2\/comments?post=116718"}],"version-history":[{"count":10,"href":"https:\/\/www.ludwig-van.com\/toronto\/wp-json\/wp\/v2\/posts\/116718\/revisions"}],"predecessor-version":[{"id":116729,"href":"https:\/\/www.ludwig-van.com\/toronto\/wp-json\/wp\/v2\/posts\/116718\/revisions\/116729"}],"wp:featuredmedia":[{"embeddable":true,"href":"https:\/\/www.ludwig-van.com\/toronto\/wp-json\/wp\/v2\/media\/116722"}],"wp:attachment":[{"href":"https:\/\/www.ludwig-van.com\/toronto\/wp-json\/wp\/v2\/media?parent=116718"}],"wp:term":[{"taxonomy":"category","embeddable":true,"href":"https:\/\/www.ludwig-van.com\/toronto\/wp-json\/wp\/v2\/categories?post=116718"},{"taxonomy":"post_tag","embeddable":true,"href":"https:\/\/www.ludwig-van.com\/toronto\/wp-json\/wp\/v2\/tags?post=116718"},{"taxonomy":"yst_prominent_words","embeddable":true,"href":"https:\/\/www.ludwig-van.com\/toronto\/wp-json\/wp\/v2\/yst_prominent_words?post=116718"}],"curies":[{"name":"wp","href":"https:\/\/api.w.org\/{rel}","templated":true}]}}