{"id":116425,"date":"2025-07-31T16:40:09","date_gmt":"2025-07-31T20:40:09","guid":{"rendered":"https:\/\/www.ludwig-van.com\/toronto\/?p=116425"},"modified":"2025-08-01T08:00:01","modified_gmt":"2025-08-01T12:00:01","slug":"interview-duo-concertante-celebrate-nearly-three-decades-performance-new-recording","status":"publish","type":"post","link":"https:\/\/www.ludwig-van.com\/toronto\/2025\/07\/31\/interview-duo-concertante-celebrate-nearly-three-decades-performance-new-recording\/","title":{"rendered":"INTERVIEW | Duo Concertante Celebrate Nearly Three Decades Of Performance With A New Recording"},"content":{"rendered":"<figure id=\"attachment_116430\" aria-describedby=\"caption-attachment-116430\" style=\"width: 1200px\" class=\"wp-caption aligncenter\"><img decoding=\"async\" loading=\"lazy\" class=\"size-full wp-image-116430\" src=\"https:\/\/www.ludwig-van.com\/toronto\/wp-content\/uploads\/sites\/2\/2025\/07\/Copy-of-INTERVIEW-92.jpg\" alt=\"Duo Concertante (Nancy Dahn, violin &amp; Timothy Steeves, piano) (Photo courtesy of the artists)\" width=\"1200\" height=\"628\" srcset=\"https:\/\/www.ludwig-van.com\/toronto\/wp-content\/uploads\/sites\/2\/2025\/07\/Copy-of-INTERVIEW-92.jpg 1200w, https:\/\/www.ludwig-van.com\/toronto\/wp-content\/uploads\/sites\/2\/2025\/07\/Copy-of-INTERVIEW-92-300x157.jpg 300w, https:\/\/www.ludwig-van.com\/toronto\/wp-content\/uploads\/sites\/2\/2025\/07\/Copy-of-INTERVIEW-92-1024x536.jpg 1024w, https:\/\/www.ludwig-van.com\/toronto\/wp-content\/uploads\/sites\/2\/2025\/07\/Copy-of-INTERVIEW-92-768x402.jpg 768w\" sizes=\"(max-width: 1200px) 100vw, 1200px\" \/><figcaption id=\"caption-attachment-116430\" class=\"wp-caption-text\">Duo Concertante (Nancy Dahn, violin &amp; Timothy Steeves, piano) (Photo courtesy of the artists)<\/figcaption><\/figure>\n<p>Duo Concertante (Nancy Dahn, violin &amp; Timothy Steeves, piano) is celebrating nearly three decades of international touring and performing with a new release. Maier Franck Schumann: Violin Sonatas will be released on the Delphian Records label on August 22.<\/p>\n<p>The repertoire focuses on the Romantic sonata and its expressive possibilities.<\/p>\n<p>Robert Schumann wrote his Sonata No. 1 in a mere four days in 1851. The work pushes the envelope when it comes to notions of Classical restraint propriety. The emotional intensity of the Sonata would prove inspirational to generations of future composers.<\/p>\n<p>Amanda Maier\u2019s B minor Sonata was composed in 1874, and won a prize from the Swedish Art Music Society. C\u00e9sar Franck\u2019s much loved A major Sonata rounds out the album.<\/p>\n<h2>Duo Concertante (Nancy Dahn, violin &amp; Timothy Steeves, piano): The Interview<\/h2>\n<p>They\u2019ve been a personal and professional duo for decades. \u201cI guess 1998,\u201d says Dahn. \u201cThat&#8217;s a long time ago.\u201d It\u2019s when they officially became Duo Concertante, performing ensemble.<\/p>\n<p>\u201cAt the very beginning, we thought we&#8217;d start out by learning the Beethoven Kreutzer Sonata. Why not start with the most difficult?\u201d she laughs.<\/p>\n<p>Certainly, toughing it out over a difficult piece can be a precursor to a good working relationship. As they began to tour and perform together regularly, they agreed on a dual focus on standard repertoire and new music.<\/p>\n<p>\u201cIt&#8217;s been a really rich experience focusing on both,\u201d Nancy adds.<\/p>\n<p>The Duo has commissioned more than 65 original works from Canadian and international composers over their career as an ensemble, including Chan Ka Nin, R. Murray Schafer, Kati Ag\u00f3cs, Andrew Staniland, Kelly-Marie Murphy, Alice Ho, Omar Daniel, Linda Bouchard, and Jean Lesage, among many others.<\/p>\n<h3>The Tuckamore Festival<\/h3>\n<p>The couple founded the Tuckamore Chamber Music Festival, based in St. John\u2019s Newfoundland, in 2001. The 2025 edition took place from June 23 to July 6. The program included 25 concerts spread across 25 venues in the region.<\/p>\n<p>\u201cThis year, we celebrated our 25th festival. That was kind of exciting, 25 years,\u201d Steven says.<\/p>\n<p>They\u2019ve expanded on their usual summer programming to include a few more concerts throughout the season. \u201cWe have a huge educational festival as well,\u201d Steeves says. This year\u2019s cohort included 23 young string players and pianists who worked with seasoned artists. He reports that some of those budding musical partnerships will result in tours and performances later this year.<\/p>\n<p>\u201cThis year, for the 25th year festival, we really went crazy,\u201d Nancy adds. That included an additional 37 concerts across the entire province, incorporating Labrador, and as far as Hopedale. \u201cThese really remote communities,\u201d she says. \u201cNewfoundland is huge. Just getting to the other side is 10 hours in your car. It was a great way to celebrate 25 years.\u201d<\/p>\n<p>Many of those concerts were necessarily held in smaller venues, but they were routinely full of appreciative audiences.<\/p>\n<p>\u201cThe audiences were really hungry to hear classical,\u201d Dahn says.<\/p>\n<figure id=\"attachment_116428\" aria-describedby=\"caption-attachment-116428\" style=\"width: 1196px\" class=\"wp-caption aligncenter\"><img decoding=\"async\" loading=\"lazy\" class=\"size-full wp-image-116428\" src=\"https:\/\/www.ludwig-van.com\/toronto\/wp-content\/uploads\/sites\/2\/2025\/07\/Amanda-Maier.jpg\" alt=\"Swedish violinist and composer Amanda R\u00f6ngten Maier in Amsterdam (Photo: M. B\u00fcttinghausen, currently in the Bergen Public Library, Norway, Public domain)\" width=\"1196\" height=\"1284\" srcset=\"https:\/\/www.ludwig-van.com\/toronto\/wp-content\/uploads\/sites\/2\/2025\/07\/Amanda-Maier.jpg 1196w, https:\/\/www.ludwig-van.com\/toronto\/wp-content\/uploads\/sites\/2\/2025\/07\/Amanda-Maier-279x300.jpg 279w, https:\/\/www.ludwig-van.com\/toronto\/wp-content\/uploads\/sites\/2\/2025\/07\/Amanda-Maier-954x1024.jpg 954w, https:\/\/www.ludwig-van.com\/toronto\/wp-content\/uploads\/sites\/2\/2025\/07\/Amanda-Maier-768x825.jpg 768w\" sizes=\"(max-width: 1196px) 100vw, 1196px\" \/><figcaption id=\"caption-attachment-116428\" class=\"wp-caption-text\">Swedish violinist and composer Amanda R\u00f6ngten Maier in Amsterdam (Photo: M. B\u00fcttinghausen, currently in the Bergen Public Library, Norway, Public domain)<\/figcaption><\/figure>\n<h3>The Repertoire<\/h3>\n<p>The music on the album comes in part from their history of performing together.<\/p>\n<p>\u201cWe&#8217;ve played some of these a lot,\u201d Nancy notes. \u201cThe Franck Sonata \u2014 it&#8217;s been a pillar of our repertoire.\u201d<\/p>\n<p>\u201cWe&#8217;ve been playing the Schumann for about 20 or 25 years,\u201d Steeves says.<\/p>\n<p>\u201cFor me personally, I did not appreciate the genius of Schumann until later in life,\u201d Nancy adds. \u201cIt took me a while living with his work to recognize his uniqueness.\u201d<\/p>\n<p>The versions captured on the album are interpreted with years of experience. Maier\u2019s Sonata is the outlier.<\/p>\n<p>\u201cMaier is very fresh,\u201d Timothy says. \u201cTerrific piece. She was a fabulous violinist and an amazing composer.\u201d As he points out, and common for the time, once Amanda married and had children, any professional aspirations were set aside. The Swedish violinist and composer died at the young age of 41 in 1894.<\/p>\n<p>Her work fits neatly between Schumann and Franck.<\/p>\n<p>\u201cIt complements the Schumann,\u201d Timothy says.<\/p>\n<p>Nancy notes that the work of the neglected composer first came to her attention via a thesis that had been written on Maier. One of her violin students at Memorial University learned the Sonata.<\/p>\n<p>\u201cI said to Tim, you know, this is a really, really great piece,\u201d Dahn recalls. \u201cWe play it a lot now.\u201d<\/p>\n<p>\u201cIt&#8217;s a really great piano piece too,\u201d Steeves adds. \u201cThe two instruments work together really, really well. It\u2019s really exciting to listen to and a lot of fun to play.\u201d<\/p>\n<p>\u201cShe wrote this piece when she was 23. It&#8217;s just astounding,\u201d says Nancy. \u201cThere&#8217;s already a really individual voice there, a personality.\u201d<\/p>\n<p>It\u2019s another of the increasing number of works that have been rediscovered and\/or revived after sometimes centuries of neglect when it comes to representation in the traditional canon of classical music.<\/p>\n<p>\u201cIt&#8217;s not really true, the way we think, that the pieces we&#8217;ve ended up today are really the greatest pieces, because it hasn&#8217;t been an even playing field at all,\u201d Dahn states.<\/p>\n<p>From a 2023 performance:<\/p>\n<div class=\"jetpack-video-wrapper\"><span class=\"embed-youtube\" style=\"text-align:center; display: block;\"><iframe loading=\"lazy\" class=\"youtube-player\" width=\"640\" height=\"360\" src=\"https:\/\/www.youtube.com\/embed\/SDSts_Kjb0c?version=3&#038;rel=1&#038;showsearch=0&#038;showinfo=1&#038;iv_load_policy=1&#038;fs=1&#038;hl=en-US&#038;autohide=2&#038;wmode=transparent\" allowfullscreen=\"true\" style=\"border:0;\" sandbox=\"allow-scripts allow-same-origin allow-popups allow-presentation\"><\/iframe><\/span><\/div>\n<h3>Beloved Franck<\/h3>\n<p>\u201cI think the Franck in particular \u2014 we&#8217;ve journeyed through the Franck.\u201d As he points out, C\u00e9sar Franck&#8217;s Violin Sonata in A Major was written as a wedding present for virtuoso Eug\u00e8ne Ysa\u00ffe in 1886.<\/p>\n<p>The music is often interpreted as describing a long term relationship from early passion to disillusionment to learning to live together in harmony.<\/p>\n<p>\u201cIt&#8217;s all in the piece,\u201d Nancy says.<\/p>\n<p>It\u2019s always been on their list of works to record, but it presented some unique challenges.<\/p>\n<p>\u201cI think that we&#8217;ve just come to understand it better over time,\u201d Kahn says. \u201cIt was hard to find the right fit with other pieces. It&#8217;s a masterpiece on its own.\u201d<\/p>\n<p>For the ensemble, the recording represents a chance to work on music they were passionate about.<\/p>\n<p>\u201cThroughout your career, people are often suggesting, oh why don&#8217;t you record this,\u201d he says. There is often an emphasis on what\u2019s new and interesting \u201cAfter 30 years, I know that Franck is a really popular piece, and the Schumann is a well known piece, but we&#8217;re not getting any younger,\u201d he laughs. \u201cThe Franck&#8217;s been on that list for a long time.\u201d<\/p>\n<h3>Recording in Edinburgh<\/h3>\n<p>\u201cThe actual recording process, we recorded it in Edinburgh and it was fabulous,\u201d Steeves says.<\/p>\n<p>The recording were captured in Greyfriars Kirk, a Church of Scotland cathedral founded in 1620. On the recording day, there was a throng of tourists on the street. \u201cWhat we found was, JK Rowling had written Harry Potter across the street,\u201d he says.<\/p>\n<p>Delphian, their record company, made sure the added street noise didn\u2019t make it into the recording.<\/p>\n<p>\u201cThey\u2019re fabulous to work with,\u201d Timothy adds.<\/p>\n<p>The Scottish recording company connection stems from his studies in Germany. A teacher retired to Scotland and recorded with Delphian. A simply inquiry from Timothy was all it took to be signed with the Edinburgh-based company.<\/p>\n<p>\u201cEdinburgh is such an incredible place,\u201d Nancy says.<\/p>\n<p>Their recording Maier Franck Schumann will be available on Amazon on August 22, 2025 [<strong><a href=\"https:\/\/music.amazon.ca\/albums\/B0FB9M7N82\" target=\"_blank\" rel=\"noopener\">HERE<\/a><\/strong>] and via Delphian Records [<strong><a href=\"https:\/\/www.delphianrecords.com\/products\/maier-franck-schumann-sonatas-for-violin-piano\" target=\"_blank\" rel=\"noopener\">HERE<\/a><\/strong>].<\/p>\n<p><strong><em>Are you looking to promote an <a href=\"https:\/\/www.ludwig-van.com\/toronto\/advertising\/\" target=\"_blank\" rel=\"noopener\"><span style=\"color: #0e101a\"><u>event<\/u><\/span><\/a>? Have a\u00a0<a href=\"https:\/\/www.ludwig-van.com\/toronto\/masthead\/\" target=\"_blank\" rel=\"noopener\"><u>news tip<\/u><\/a>? Need to know the best\u00a0<a href=\"https:\/\/www.ludwig-van.com\/toronto\/events\/\" target=\"_blank\" rel=\"noopener\"><u>events<\/u><\/a>\u00a0happening this weekend? Send us a\u00a0<\/em><\/strong><a href=\"mailto:anya@ludwig-van.com?subject=Let's%20chat\" target=\"_blank\" rel=\"noopener\"><strong><em><u>note<\/u>.<\/em><\/strong><br \/>\n<\/a><\/p>\n<h3 class=\"western\"><em><b>#LUDWIGVAN<\/b><\/em><\/h3>\n<p class=\"western\"><em>Get the daily arts news straight to your inbox.<\/em><\/p>\n<h3 class=\"western\"><em>Sign up for the Ludwig Van Toronto e-Blast! \u2014 local classical music and opera news straight to your inbox <\/em><a href=\"https:\/\/583e6ce0-dfd0-48be-8a33-61256b3c58e3.mlbtlr.com\/p2\/Fbd8jWoWQQ6CdBcLIvut3Q\/02E3cYaETqaj4Xm087cpSg?contactid=S3HHYfHY5rZv5f94S15MnA\" target=\"_blank\" rel=\"noopener\" data-saferedirecturl=\"https:\/\/www.google.com\/url?q=https:\/\/583e6ce0-dfd0-48be-8a33-61256b3c58e3.mlbtlr.com\/p2\/Fbd8jWoWQQ6CdBcLIvut3Q\/02E3cYaETqaj4Xm087cpSg?contactid%3DS3HHYfHY5rZv5f94S15MnA&amp;source=gmail&amp;ust=1695737525351000&amp;usg=AOvVaw0QTqKRwRJQFGK3KoJYigxX\">HERE<\/a>.<\/h3>\n","protected":false},"excerpt":{"rendered":"<p>Duo Concertante (Nancy Dahn, violin &amp; Timothy Steeves, piano) is celebrating nearly three decades of international touring and performing with a new release. Maier Franck Schumann: Violin Sonatas will be released on the Delphian Records label on August 22. The repertoire focuses on the Romantic sonata and its expressive possibilities. Robert Schumann wrote his Sonata [&hellip;]<\/p>\n","protected":false},"author":64,"featured_media":116430,"comment_status":"open","ping_status":"open","sticky":false,"template":"","format":"standard","meta":{"om_disable_all_campaigns":false,"jetpack_post_was_ever_published":false},"categories":[41660,10,77,18,29,42150,47,51,68],"tags":[42153,1096,42151,42152],"yst_prominent_words":[],"acf":[],"jetpack_featured_media_url":"https:\/\/www.ludwig-van.com\/toronto\/wp-content\/uploads\/sites\/2\/2025\/07\/Copy-of-INTERVIEW-92.jpg","jetpack_sharing_enabled":true,"jetpack_shortlink":"https:\/\/wp.me\/p9bakr-uhP","amp_enabled":true,"_links":{"self":[{"href":"https:\/\/www.ludwig-van.com\/toronto\/wp-json\/wp\/v2\/posts\/116425"}],"collection":[{"href":"https:\/\/www.ludwig-van.com\/toronto\/wp-json\/wp\/v2\/posts"}],"about":[{"href":"https:\/\/www.ludwig-van.com\/toronto\/wp-json\/wp\/v2\/types\/post"}],"author":[{"embeddable":true,"href":"https:\/\/www.ludwig-van.com\/toronto\/wp-json\/wp\/v2\/users\/64"}],"replies":[{"embeddable":true,"href":"https:\/\/www.ludwig-van.com\/toronto\/wp-json\/wp\/v2\/comments?post=116425"}],"version-history":[{"count":10,"href":"https:\/\/www.ludwig-van.com\/toronto\/wp-json\/wp\/v2\/posts\/116425\/revisions"}],"predecessor-version":[{"id":116437,"href":"https:\/\/www.ludwig-van.com\/toronto\/wp-json\/wp\/v2\/posts\/116425\/revisions\/116437"}],"wp:featuredmedia":[{"embeddable":true,"href":"https:\/\/www.ludwig-van.com\/toronto\/wp-json\/wp\/v2\/media\/116430"}],"wp:attachment":[{"href":"https:\/\/www.ludwig-van.com\/toronto\/wp-json\/wp\/v2\/media?parent=116425"}],"wp:term":[{"taxonomy":"category","embeddable":true,"href":"https:\/\/www.ludwig-van.com\/toronto\/wp-json\/wp\/v2\/categories?post=116425"},{"taxonomy":"post_tag","embeddable":true,"href":"https:\/\/www.ludwig-van.com\/toronto\/wp-json\/wp\/v2\/tags?post=116425"},{"taxonomy":"yst_prominent_words","embeddable":true,"href":"https:\/\/www.ludwig-van.com\/toronto\/wp-json\/wp\/v2\/yst_prominent_words?post=116425"}],"curies":[{"name":"wp","href":"https:\/\/api.w.org\/{rel}","templated":true}]}}