{"id":110123,"date":"2024-12-09T12:13:35","date_gmt":"2024-12-09T17:13:35","guid":{"rendered":"https:\/\/www.ludwig-van.com\/toronto\/?p=110123"},"modified":"2024-12-09T13:00:02","modified_gmt":"2024-12-09T18:00:02","slug":"classical-chartz-top-ten-classical-music-albums-week-december-9-15-2024","status":"publish","type":"post","link":"https:\/\/www.ludwig-van.com\/toronto\/2024\/12\/09\/classical-chartz-top-ten-classical-music-albums-week-december-9-15-2024\/","title":{"rendered":"CLASSICAL CHARTZ | The Top Ten Classical Music Albums For The Week Of December 9 To 15 2024"},"content":{"rendered":"<p style=\"text-align: center\"><img decoding=\"async\" loading=\"lazy\" class=\"aligncenter size-full wp-image-107142\" src=\"https:\/\/www.ludwig-van.com\/toronto\/wp-content\/uploads\/sites\/2\/2024\/08\/Classical-Chartz-image-1.jpg\" alt=\"classical music composers\" width=\"1200\" height=\"628\" srcset=\"https:\/\/www.ludwig-van.com\/toronto\/wp-content\/uploads\/sites\/2\/2024\/08\/Classical-Chartz-image-1.jpg 1200w, https:\/\/www.ludwig-van.com\/toronto\/wp-content\/uploads\/sites\/2\/2024\/08\/Classical-Chartz-image-1-300x157.jpg 300w, https:\/\/www.ludwig-van.com\/toronto\/wp-content\/uploads\/sites\/2\/2024\/08\/Classical-Chartz-image-1-1024x536.jpg 1024w, https:\/\/www.ludwig-van.com\/toronto\/wp-content\/uploads\/sites\/2\/2024\/08\/Classical-Chartz-image-1-768x402.jpg 768w\" sizes=\"(max-width: 1200px) 100vw, 1200px\" \/><\/p>\n<p>Enjoy new music with our classical music chart for this week. Our weekly selections are based on sales numbers and simply what albums we love and think you NEED to hear.<\/p>\n<p>For the complete top 20, tune into <strong><a href=\"https:\/\/classicalfm.ca\/shows\/classical-chartz\/\" target=\"_blank\" rel=\"noopener\">Classical Chartz<\/a><\/strong> with the New Classical FM\u2019s Mark Wigmore every Saturday from 3-5 p.m.<\/p>\n<p style=\"text-align: center\"><img decoding=\"async\" loading=\"lazy\" class=\"aligncenter size-full wp-image-110124\" src=\"https:\/\/www.ludwig-van.com\/toronto\/wp-content\/uploads\/sites\/2\/2024\/12\/CLASSICAL-CHARTS-TOP-20-DECEMBER-7-2024.jpg\" alt=\"Top ten classical music albums for the week of December 9 to 15 2024\" width=\"1200\" height=\"573\" srcset=\"https:\/\/www.ludwig-van.com\/toronto\/wp-content\/uploads\/sites\/2\/2024\/12\/CLASSICAL-CHARTS-TOP-20-DECEMBER-7-2024.jpg 1200w, https:\/\/www.ludwig-van.com\/toronto\/wp-content\/uploads\/sites\/2\/2024\/12\/CLASSICAL-CHARTS-TOP-20-DECEMBER-7-2024-300x143.jpg 300w, https:\/\/www.ludwig-van.com\/toronto\/wp-content\/uploads\/sites\/2\/2024\/12\/CLASSICAL-CHARTS-TOP-20-DECEMBER-7-2024-1024x489.jpg 1024w, https:\/\/www.ludwig-van.com\/toronto\/wp-content\/uploads\/sites\/2\/2024\/12\/CLASSICAL-CHARTS-TOP-20-DECEMBER-7-2024-768x367.jpg 768w\" sizes=\"(max-width: 1200px) 100vw, 1200px\" \/><\/p>\n<p><strong>Andrew Bocelli Duets (30th Anniversary)<\/strong> hangs on to the No. 1 position for the third week in a row, proving the timing of his retrospective impeccable.<\/p>\n<p>Canadian pianist <strong>Bruce Liu<\/strong> makes the leap from No. 6 to rest at the No. 2 spot this week with his release <strong>The Seasons<\/strong>. Liu is building on a wave of popularity that kicked off after his win at the International Chopin Piano Competition in 2021, with no end in sight. His January 19, 2025 appearance at Koerner Hall is already sold out.<\/p>\n<p><strong>Jon Batiste<\/strong> makes a splashy debut on the Classical Chartz not only in the Top Ten, but way up in the No. 3 position with his <strong>Beethoven Blues<\/strong>. The five-time Grammy and Oscar winner reimagines some of Beethoven\u2019s iconic works like F\u00fcr Elise in a bluesy fusion, with results like the Symphony No. 5 Stomp, and Moonlight Sonata Blues. Alongside his New Orleans-tinged reinterpretations, he adds original works that were inspired by his younger days, split between competing in classical competitions, and boogying with a band in The Big Easy.<\/p>\n<p>One other artists climb into the Top Ten for the first time this week. <strong>Yo-Yo Ma and Kathryn Scott<\/strong>\u2019s <strong>Merci<\/strong> lands at No. 6, up from No. 11 last week. Cellist Ma and pianist Scott have been collaborators for more than four decades, both in live performance and in the recording studio. This album dives into the Romantic repertoire with pieces that have a personal connection to the artists. It\u2019s intended to be the \u201cfinal chapter of their combined story\u201d (as per the liner notes).<\/p>\n<p>Yo-Yo Ma and Kathryn Scott both have connections to Gabriel Faur\u00e9 through their respective teachers, and the French composer\u2019s works (Berceuse, Op. 16; Andante, Op. 75; Papillon, Op. 77; Sicilienne, Op. 78;\u00a0Morceau de lecture; Romance, Op. 69; \u00c9l\u00e9gie, Op. 24; S\u00e9r\u00e9nade, Op. 98; and Romance, Op. 28), form the heart of the album. It also includes pieces by Saint-Sa\u00ebns, Lili and Nadia Boulanger, and Viardot.<\/p>\n<p><strong>Alison Balsom<\/strong>\u2019s <strong>Baroque Concertos<\/strong> climbs back into the Classical Chartz Top Ten, from No. 12 last week to re-enter at No. 9 this week. The English trumpeter explores concertos by Handel, Vivaldi, Telemann, Albinoni and Marcello on the modern piccolo trumpet.<\/p>\n<p><strong><em>Are you looking to promote an <a href=\"https:\/\/www.ludwig-van.com\/toronto\/advertising\/\" target=\"_blank\" rel=\"noopener\"><span style=\"color: #0e101a\"><u>event<\/u><\/span><\/a>? Have a\u00a0<a href=\"https:\/\/www.ludwig-van.com\/toronto\/masthead\/\" target=\"_blank\" rel=\"noopener\"><u>news tip<\/u><\/a>? Need to know the best\u00a0<a href=\"https:\/\/www.ludwig-van.com\/toronto\/events\/\" target=\"_blank\" rel=\"noopener\"><u>events<\/u><\/a>\u00a0happening this weekend? Send us a\u00a0<\/em><\/strong><a href=\"mailto:anya@ludwig-van.com?subject=Let's%20chat\" target=\"_blank\" rel=\"noopener\"><strong><em><u>note<\/u>.<\/em><\/strong><br \/>\n<\/a><\/p>\n<h3 class=\"western\"><em><b>#LUDWIGVAN<\/b><\/em><\/h3>\n<p class=\"western\"><em>Get the daily arts news straight to your inbox.<\/em><\/p>\n<h3 class=\"western\"><em>Sign up for the Ludwig Van Toronto e-Blast! \u2014 local classical music and opera news straight to your inbox <\/em><a href=\"https:\/\/583e6ce0-dfd0-48be-8a33-61256b3c58e3.mlbtlr.com\/p2\/Fbd8jWoWQQ6CdBcLIvut3Q\/02E3cYaETqaj4Xm087cpSg?contactid=S3HHYfHY5rZv5f94S15MnA\" target=\"_blank\" rel=\"noopener\" data-saferedirecturl=\"https:\/\/www.google.com\/url?q=https:\/\/583e6ce0-dfd0-48be-8a33-61256b3c58e3.mlbtlr.com\/p2\/Fbd8jWoWQQ6CdBcLIvut3Q\/02E3cYaETqaj4Xm087cpSg?contactid%3DS3HHYfHY5rZv5f94S15MnA&amp;source=gmail&amp;ust=1695737525351000&amp;usg=AOvVaw0QTqKRwRJQFGK3KoJYigxX\">HERE<\/a>.<\/h3>\n","protected":false},"excerpt":{"rendered":"<p>Enjoy new music with our classical music chart for this week, based on sales numbers and simply what albums we love and think you NEED to hear. <\/p>\n","protected":false},"author":1,"featured_media":107142,"comment_status":"open","ping_status":"open","sticky":false,"template":"","format":"standard","meta":{"om_disable_all_campaigns":false,"jetpack_post_was_ever_published":false},"categories":[40967,75,77,40920,9567,41373,51],"tags":[4201,485,40017,39666,41622,3631],"yst_prominent_words":[6767,6715,12528,6616,9913,10582,18585,10516,12522],"acf":[],"jetpack_featured_media_url":"https:\/\/www.ludwig-van.com\/toronto\/wp-content\/uploads\/sites\/2\/2024\/08\/Classical-Chartz-image-1.jpg","jetpack_sharing_enabled":true,"jetpack_shortlink":"https:\/\/wp.me\/p9bakr-sEb","amp_enabled":true,"_links":{"self":[{"href":"https:\/\/www.ludwig-van.com\/toronto\/wp-json\/wp\/v2\/posts\/110123"}],"collection":[{"href":"https:\/\/www.ludwig-van.com\/toronto\/wp-json\/wp\/v2\/posts"}],"about":[{"href":"https:\/\/www.ludwig-van.com\/toronto\/wp-json\/wp\/v2\/types\/post"}],"author":[{"embeddable":true,"href":"https:\/\/www.ludwig-van.com\/toronto\/wp-json\/wp\/v2\/users\/1"}],"replies":[{"embeddable":true,"href":"https:\/\/www.ludwig-van.com\/toronto\/wp-json\/wp\/v2\/comments?post=110123"}],"version-history":[{"count":3,"href":"https:\/\/www.ludwig-van.com\/toronto\/wp-json\/wp\/v2\/posts\/110123\/revisions"}],"predecessor-version":[{"id":110128,"href":"https:\/\/www.ludwig-van.com\/toronto\/wp-json\/wp\/v2\/posts\/110123\/revisions\/110128"}],"wp:featuredmedia":[{"embeddable":true,"href":"https:\/\/www.ludwig-van.com\/toronto\/wp-json\/wp\/v2\/media\/107142"}],"wp:attachment":[{"href":"https:\/\/www.ludwig-van.com\/toronto\/wp-json\/wp\/v2\/media?parent=110123"}],"wp:term":[{"taxonomy":"category","embeddable":true,"href":"https:\/\/www.ludwig-van.com\/toronto\/wp-json\/wp\/v2\/categories?post=110123"},{"taxonomy":"post_tag","embeddable":true,"href":"https:\/\/www.ludwig-van.com\/toronto\/wp-json\/wp\/v2\/tags?post=110123"},{"taxonomy":"yst_prominent_words","embeddable":true,"href":"https:\/\/www.ludwig-van.com\/toronto\/wp-json\/wp\/v2\/yst_prominent_words?post=110123"}],"curies":[{"name":"wp","href":"https:\/\/api.w.org\/{rel}","templated":true}]}}