{"id":10973,"date":"2013-03-26T11:30:20","date_gmt":"2013-03-26T16:30:20","guid":{"rendered":"https:\/\/www.ludwig-van.com\/?p=10973"},"modified":"2013-03-26T11:30:20","modified_gmt":"2013-03-26T16:30:20","slug":"video-two-minutes-of-verdi-requiem-drama-from-the-principal-cellos-point-of-view","status":"publish","type":"post","link":"https:\/\/www.ludwig-van.com\/toronto\/2013\/03\/26\/video-two-minutes-of-verdi-requiem-drama-from-the-principal-cellos-point-of-view\/","title":{"rendered":"Video: Two minutes of Verdi Requiem drama from the principal cello&#8217;s point-of-view"},"content":{"rendered":"<figure id=\"attachment_11089\" aria-describedby=\"caption-attachment-11089\" style=\"width: 300px\" class=\"wp-caption alignleft\"><a href=\"http:\/\/www.ludwig-van.com\/toronto\/wp-content\/uploads\/sites\/2\/2013\/03\/yannick.jpg\"><img decoding=\"async\" loading=\"lazy\" class=\"size-medium wp-image-11089\" alt=\"(Marco Borggreve photo)\" src=\"http:\/\/www.ludwig-van.com\/toronto\/wp-content\/uploads\/sites\/2\/2013\/03\/yannick-300x300.jpg\" width=\"300\" height=\"300\" srcset=\"https:\/\/www.ludwig-van.com\/toronto\/wp-content\/uploads\/sites\/2\/2013\/03\/yannick-300x300.jpg 300w, https:\/\/www.ludwig-van.com\/toronto\/wp-content\/uploads\/sites\/2\/2013\/03\/yannick-150x150.jpg 150w, https:\/\/www.ludwig-van.com\/toronto\/wp-content\/uploads\/sites\/2\/2013\/03\/yannick.jpg 400w\" sizes=\"(max-width: 300px) 100vw, 300px\" \/><\/a><figcaption id=\"caption-attachment-11089\" class=\"wp-caption-text\">(Marco Borggreve photo)<\/figcaption><\/figure>\n<p>Here&#8217;s wonderful footage just posted by Radio-Canada of Yannick N\u00e9zet-S\u00e9guin conducting the Orchestre M\u00e9tropolitain in the Dies Irae movement from Verdi&#8217;s <em>Requiem<\/em> without a score at the Maison symphonique in Montreal:<!--more--><\/p>\n<p><iframe loading=\"lazy\" src=\"http:\/\/player.vimeo.com\/video\/62656424?title=0&amp;byline=0&amp;portrait=0\" height=\"281\" width=\"500\" allowfullscreen=\"\" frameborder=\"0\"><\/iframe><\/p>\n<p><a href=\"http:\/\/vimeo.com\/62656424\">Verdi &#8211; Requiem : II. Dies Irae<\/a> from <a href=\"http:\/\/vimeo.com\/fgoupil\">Fran\u00e7ois Goupil<\/a> on <a href=\"http:\/\/vimeo.com\">Vimeo<\/a>.<\/p>\n<p><em>John Terauds<\/em><\/p>\n","protected":false},"excerpt":{"rendered":"<p>Here&#8217;s wonderful footage just posted by Radio-Canada of Yannick N\u00e9zet-S\u00e9guin conducting the Orchestre M\u00e9tropolitain in the Dies Irae movement from Verdi&#8217;s Requiem without a score at the Maison symphonique in Montreal:<\/p>\n","protected":false},"author":2,"featured_media":11089,"comment_status":"open","ping_status":"open","sticky":false,"template":"","format":"standard","meta":{"om_disable_all_campaigns":false,"jetpack_post_was_ever_published":false},"categories":[3,11,76,19,36,37,60,66],"tags":[6451,2265,2391,2809,3460,6475],"yst_prominent_words":[],"acf":[],"jetpack_featured_media_url":"https:\/\/www.ludwig-van.com\/toronto\/wp-content\/uploads\/sites\/2\/2013\/03\/yannick.jpg","jetpack_sharing_enabled":true,"jetpack_shortlink":"https:\/\/wp.me\/p9bakr-2QZ","amp_enabled":true,"_links":{"self":[{"href":"https:\/\/www.ludwig-van.com\/toronto\/wp-json\/wp\/v2\/posts\/10973"}],"collection":[{"href":"https:\/\/www.ludwig-van.com\/toronto\/wp-json\/wp\/v2\/posts"}],"about":[{"href":"https:\/\/www.ludwig-van.com\/toronto\/wp-json\/wp\/v2\/types\/post"}],"author":[{"embeddable":true,"href":"https:\/\/www.ludwig-van.com\/toronto\/wp-json\/wp\/v2\/users\/2"}],"replies":[{"embeddable":true,"href":"https:\/\/www.ludwig-van.com\/toronto\/wp-json\/wp\/v2\/comments?post=10973"}],"version-history":[{"count":0,"href":"https:\/\/www.ludwig-van.com\/toronto\/wp-json\/wp\/v2\/posts\/10973\/revisions"}],"wp:featuredmedia":[{"embeddable":true,"href":"https:\/\/www.ludwig-van.com\/toronto\/wp-json\/wp\/v2\/media\/11089"}],"wp:attachment":[{"href":"https:\/\/www.ludwig-van.com\/toronto\/wp-json\/wp\/v2\/media?parent=10973"}],"wp:term":[{"taxonomy":"category","embeddable":true,"href":"https:\/\/www.ludwig-van.com\/toronto\/wp-json\/wp\/v2\/categories?post=10973"},{"taxonomy":"post_tag","embeddable":true,"href":"https:\/\/www.ludwig-van.com\/toronto\/wp-json\/wp\/v2\/tags?post=10973"},{"taxonomy":"yst_prominent_words","embeddable":true,"href":"https:\/\/www.ludwig-van.com\/toronto\/wp-json\/wp\/v2\/yst_prominent_words?post=10973"}],"curies":[{"name":"wp","href":"https:\/\/api.w.org\/{rel}","templated":true}]}}