{"id":109155,"date":"2024-11-04T12:59:36","date_gmt":"2024-11-04T17:59:36","guid":{"rendered":"https:\/\/www.ludwig-van.com\/toronto\/?p=109155"},"modified":"2024-11-05T14:20:14","modified_gmt":"2024-11-05T19:20:14","slug":"scrutiny-composer-aaron-manswells-work-shines-toronto-mendelssohn-choir-season-opener","status":"publish","type":"post","link":"https:\/\/www.ludwig-van.com\/toronto\/2024\/11\/04\/scrutiny-composer-aaron-manswells-work-shines-toronto-mendelssohn-choir-season-opener\/","title":{"rendered":"SCRUTINY | Composer Aaron Manswell\u2019s Work Shines In Toronto Mendelssohn Choir Season Opener"},"content":{"rendered":"<p style=\"text-align: center\"><img decoding=\"async\" loading=\"lazy\" class=\"aligncenter size-full wp-image-109159\" src=\"https:\/\/www.ludwig-van.com\/toronto\/wp-content\/uploads\/sites\/2\/2024\/11\/Copy-of-REVIEW-95-1.jpg\" alt=\"\" width=\"1200\" height=\"628\" srcset=\"https:\/\/www.ludwig-van.com\/toronto\/wp-content\/uploads\/sites\/2\/2024\/11\/Copy-of-REVIEW-95-1.jpg 1200w, https:\/\/www.ludwig-van.com\/toronto\/wp-content\/uploads\/sites\/2\/2024\/11\/Copy-of-REVIEW-95-1-300x157.jpg 300w, https:\/\/www.ludwig-van.com\/toronto\/wp-content\/uploads\/sites\/2\/2024\/11\/Copy-of-REVIEW-95-1-1024x536.jpg 1024w, https:\/\/www.ludwig-van.com\/toronto\/wp-content\/uploads\/sites\/2\/2024\/11\/Copy-of-REVIEW-95-1-768x402.jpg 768w\" sizes=\"(max-width: 1200px) 100vw, 1200px\" \/><\/p>\n<p><em><strong>Johannes Brahms: Liebeslieder Walzer, Drei Quartette; Martin Palmeri: Misatango; Aaron Manswell: Stick with Love, Poverty: The Love Affair: Waltz &amp; Tango | Jean-S\u00e9bastien Vall\u00e9e, conductor; Charlotte Siegel, soprano; Toronto Mendelssohn Choir; Toronto Mendelssohn Singers; Jonathan Goldman, bandoneonist; Instrumental Ensemble. Koerner Hall, November 3, 2024.<\/strong><\/em><\/p>\n<p>What can a mass choir of 160+ voices and 130 years of history create, for a reflective early November afternoon?<\/p>\n<p>Toronto Mendelssohn Choir brought us something old, something new, and something borrowed, leaving plenty of thoughts to ponder on, as we ask: why do we love choral singing, and what drives us to excellence? How do we converse in love, ask for mercy and forgiveness, and question ourselves on things we\u2019d rather hide, even from our own selves?<\/p>\n<p>Starting in a gentle lilting triple meter, TMSingers opened the concert with Brahms\u2019 Liebeslieder Waltz, and Drei Quartette. As Liebeslieder was made to be flexible in ensemble format, ranging from the microscale (four singers, and one-piano-four-hands), to a full-sized mass choir, the decision for the ensemble choice is an aesthetic one \u2014 what kind of drama, with what sort of refinement, on how big of a canvas, is optimum?<\/p>\n<p>For this afternoon, five voices per part, this 20-strong chamber choir provided plenty of excitement. The occasional use of solos, sung by <strong>Rebecca Claborn<\/strong> and <strong>Nicholas Nicolaidis<\/strong>, was a brilliant move, creating an extra dimension for drama and musical variety. The Brahmsian harmonic nuance and progression, often surprising in direction, were sung with accuracy and sensitivity, and the two pianists, <strong>Irene Gregorio<\/strong> and <strong>Talisa Blackman<\/strong>, provided a beautiful backdrop for the voices to merge and diverge; seeing these two pianists playing in sync, was a joy to watch and hear.<\/p>\n<p>The group negotiated sudden changes, including riding out a lateral lyricism to a dramatic verticality, with relative ease and grace \u2014 the character transition into No. 11, Nein, es ist nicht auszukommen, was particularly impressive.<\/p>\n<p>The benefit of having a chamber choir instead of a vocal quartet also brings its own challenges, as when such work is enlarged, it becomes necessary to create larger spacing in between things, especially in Koerner\u2019s great acoustics where silence can speak so distinctively against the softest, most intimate pianissimo. Most of the transitions, paced quite closely together, did create a floating base for the intimacy of the texts; however, the absence of true silence often rushed the audience into the next event \u2014 daring to be at the edge of breakpoint would have elevated this performance to the next level.<\/p>\n<h3>Mart\u00edn Palmeri\u2019s Misa a Buenos Aires (Misatango)<\/h3>\n<p>The other contrast, Mart\u00edn Palmeri\u2019s Misa a Buenos Aires (Misatango), was an interesting take on borrowing.<\/p>\n<p>Did the Latin Ordinary of the Mass borrow from tango, or did tango..? Set with unmistakable tango rhythm and graced by excellent bandone\u00f3n playing by <strong>Jonathan Goldman<\/strong>, the work had potential to be transformative. However, in promise of greatness, it demands a great stylistic fluency \u2014 far more grit and friction is required, as sound is sometimes crushed into a pitchless explosion, or compressed into a sinewy and nearly invisible spider silk with white-hot pianissimo in its extreme.<\/p>\n<p>The string quintet packed a punch, especially from <strong>Travis Harrison<\/strong> on the bass, whose resonant and rhythmic playing formed a formidable foundation with Blackman back on the piano; but against the large size of TMC, the instrumental ensemble \u2014 set to be pitted against the choir \u2014 was often lost in the big sea of resonant voices. The choral singing, though beautiful, did not feel at ease at times, especially compared to TMC\u2019s usual high standard \u2014 their recent performance of Mozart&#8217;s Requiem was unarguably excellent, especially in its flexibility and sense of freedom from technical demands. Lacking such fluency, even for a brief moment, is surprising to hear from this amazing choir.<\/p>\n<figure id=\"attachment_109160\" aria-describedby=\"caption-attachment-109160\" style=\"width: 1200px\" class=\"wp-caption aligncenter\"><img decoding=\"async\" loading=\"lazy\" class=\"size-full wp-image-109160\" src=\"https:\/\/www.ludwig-van.com\/toronto\/wp-content\/uploads\/sites\/2\/2024\/11\/Copy-of-LEBRECHT-36.jpg\" alt=\"L-R: Soprano Charlotte Siegel; Aaron Manswell with Artistic Director Jean-S\u00e9bastien Vall\u00e9e and the Toronto Mendelssohn Choir; Charlotte Siegel with Artistic Director Jean-S\u00e9bastien Vall\u00e9e and the Toronto Mendelssohn Choir (Photo courtesy of the Toronto Mendelssohn Choir) \" width=\"1200\" height=\"628\" srcset=\"https:\/\/www.ludwig-van.com\/toronto\/wp-content\/uploads\/sites\/2\/2024\/11\/Copy-of-LEBRECHT-36.jpg 1200w, https:\/\/www.ludwig-van.com\/toronto\/wp-content\/uploads\/sites\/2\/2024\/11\/Copy-of-LEBRECHT-36-300x157.jpg 300w, https:\/\/www.ludwig-van.com\/toronto\/wp-content\/uploads\/sites\/2\/2024\/11\/Copy-of-LEBRECHT-36-1024x536.jpg 1024w, https:\/\/www.ludwig-van.com\/toronto\/wp-content\/uploads\/sites\/2\/2024\/11\/Copy-of-LEBRECHT-36-768x402.jpg 768w\" sizes=\"(max-width: 1200px) 100vw, 1200px\" \/><figcaption id=\"caption-attachment-109160\" class=\"wp-caption-text\">L-R: Soprano Charlotte Siegel; Aaron Manswell with Artistic Director Jean-S\u00e9bastien Vall\u00e9e and the Toronto Mendelssohn Choir; Charlotte Siegel with Artistic Director Jean-S\u00e9bastien Vall\u00e9e and the Toronto Mendelssohn Choir (Photo courtesy of the Toronto Mendelssohn Choir)<\/figcaption><\/figure>\n<h3>Composer-in-Residence Aaron Manswell<\/h3>\n<p>The best part of this afternoon came with <strong>Aaron Manswell<\/strong>\u2019s works: Poverty, and Stick With Love.<\/p>\n<p>The TMC has sustained itself as a central point of Toronto\u2019s choristers for the past 130 years, and their social significance is irreplaceable. Current Composer-In-Residence, Aaron Manswell, has brought his own voice into the scene, drawing heavily from R &amp; B and gospel, and the recent mass trauma of the COVID-19 pandemic.<\/p>\n<p>In Poverty he draws our attention to many different forms of poverty, especially social and mental poverty, along with pervasive loneliness. This is an act of provocation: arts need the grassroots to thrive, that life prospers with grassroots, and that without these little fragile roots, we are left to fight so hard, lost in the vast barren loneliness. For TMC to sing this work not only highlights the choir\u2019s stylistic flexibility into R &amp; B and gospel, but of its mission and the reason for its existence: community-built and community-sustained.<\/p>\n<p>The soprano soloist <strong>Charlotte Siegel<\/strong> was at her best in Manswell\u2019s work, where her voice had ample time and space to show its potential.<\/p>\n<p>The concert brought on many things to ponder beyond music, and TMC gave us some beautiful ethereal moments, making us want more of such excellence. A choir can be many things \u2014 it\u2019s an evolving being, and it will be interesting to see where flair and ambition, under Artistic Director Jean-S\u00e9bastien Vall\u00e9e, will take this choir.<\/p>\n<p><strong><em>Are you looking to promote an <a href=\"https:\/\/www.ludwig-van.com\/toronto\/advertising\/\" target=\"_blank\" rel=\"noopener\"><span style=\"color: #0e101a\"><u>event<\/u><\/span><\/a>? Have a\u00a0<a href=\"https:\/\/www.ludwig-van.com\/toronto\/masthead\/\" target=\"_blank\" rel=\"noopener\"><u>news tip<\/u><\/a>? Need to know the best <a href=\"https:\/\/www.ludwig-van.com\/toronto\/events\/\" target=\"_blank\" rel=\"noopener\"><u>events<\/u><\/a>\u00a0happening this weekend? Send us a\u00a0<\/em><\/strong><a href=\"mailto:anya@ludwig-van.com?subject=Let's%20chat\" target=\"_blank\" rel=\"noopener\"><strong><em><u>note<\/u>.<\/em><\/strong><br \/>\n<\/a><\/p>\n<h3 class=\"western\"><em><b>#LUDWIGVAN<\/b><\/em><\/h3>\n<p class=\"western\"><em>Get the daily arts news straight to your inbox.<\/em><\/p>\n<h3 class=\"western\"><em>Sign up for the Ludwig Van Toronto e-Blast! \u2014 local classical music and opera news straight to your inbox <\/em><a href=\"https:\/\/583e6ce0-dfd0-48be-8a33-61256b3c58e3.mlbtlr.com\/p2\/Fbd8jWoWQQ6CdBcLIvut3Q\/02E3cYaETqaj4Xm087cpSg?contactid=S3HHYfHY5rZv5f94S15MnA\" target=\"_blank\" rel=\"noopener\" data-saferedirecturl=\"https:\/\/www.google.com\/url?q=https:\/\/583e6ce0-dfd0-48be-8a33-61256b3c58e3.mlbtlr.com\/p2\/Fbd8jWoWQQ6CdBcLIvut3Q\/02E3cYaETqaj4Xm087cpSg?contactid%3DS3HHYfHY5rZv5f94S15MnA&amp;source=gmail&amp;ust=1695737525351000&amp;usg=AOvVaw0QTqKRwRJQFGK3KoJYigxX\">HERE<\/a>.<\/h3>\n","protected":false},"excerpt":{"rendered":"<p>Toronto Mendelssohn Choir brought us something old, something new, and something borrowed for its 2024\/25 season opener concert. <\/p>\n","protected":false},"author":62,"featured_media":109159,"comment_status":"open","ping_status":"open","sticky":false,"template":"","format":"standard","meta":{"om_disable_all_campaigns":false,"jetpack_post_was_ever_published":false},"categories":[40967,11,76,19,38,52,63],"tags":[41241,16066],"yst_prominent_words":[30639,6929,6930,6914],"acf":[],"jetpack_featured_media_url":"https:\/\/www.ludwig-van.com\/toronto\/wp-content\/uploads\/sites\/2\/2024\/11\/Copy-of-REVIEW-95-1.jpg","jetpack_sharing_enabled":true,"jetpack_shortlink":"https:\/\/wp.me\/p9bakr-soz","amp_enabled":true,"_links":{"self":[{"href":"https:\/\/www.ludwig-van.com\/toronto\/wp-json\/wp\/v2\/posts\/109155"}],"collection":[{"href":"https:\/\/www.ludwig-van.com\/toronto\/wp-json\/wp\/v2\/posts"}],"about":[{"href":"https:\/\/www.ludwig-van.com\/toronto\/wp-json\/wp\/v2\/types\/post"}],"author":[{"embeddable":true,"href":"https:\/\/www.ludwig-van.com\/toronto\/wp-json\/wp\/v2\/users\/62"}],"replies":[{"embeddable":true,"href":"https:\/\/www.ludwig-van.com\/toronto\/wp-json\/wp\/v2\/comments?post=109155"}],"version-history":[{"count":6,"href":"https:\/\/www.ludwig-van.com\/toronto\/wp-json\/wp\/v2\/posts\/109155\/revisions"}],"predecessor-version":[{"id":109193,"href":"https:\/\/www.ludwig-van.com\/toronto\/wp-json\/wp\/v2\/posts\/109155\/revisions\/109193"}],"wp:featuredmedia":[{"embeddable":true,"href":"https:\/\/www.ludwig-van.com\/toronto\/wp-json\/wp\/v2\/media\/109159"}],"wp:attachment":[{"href":"https:\/\/www.ludwig-van.com\/toronto\/wp-json\/wp\/v2\/media?parent=109155"}],"wp:term":[{"taxonomy":"category","embeddable":true,"href":"https:\/\/www.ludwig-van.com\/toronto\/wp-json\/wp\/v2\/categories?post=109155"},{"taxonomy":"post_tag","embeddable":true,"href":"https:\/\/www.ludwig-van.com\/toronto\/wp-json\/wp\/v2\/tags?post=109155"},{"taxonomy":"yst_prominent_words","embeddable":true,"href":"https:\/\/www.ludwig-van.com\/toronto\/wp-json\/wp\/v2\/yst_prominent_words?post=109155"}],"curies":[{"name":"wp","href":"https:\/\/api.w.org\/{rel}","templated":true}]}}