{"id":108271,"date":"2024-10-07T11:31:31","date_gmt":"2024-10-07T15:31:31","guid":{"rendered":"https:\/\/www.ludwig-van.com\/toronto\/?p=108271"},"modified":"2024-10-08T16:43:00","modified_gmt":"2024-10-08T20:43:00","slug":"classical-chartz-top-ten-classical-music-albums-week-october-7-13-2024","status":"publish","type":"post","link":"https:\/\/www.ludwig-van.com\/toronto\/2024\/10\/07\/classical-chartz-top-ten-classical-music-albums-week-october-7-13-2024\/","title":{"rendered":"CLASSICAL CHARTZ | Top Ten Classical Music Albums For The Week Of October 7 To 13 2024"},"content":{"rendered":"<p style=\"text-align: center\"><img decoding=\"async\" loading=\"lazy\" class=\"aligncenter size-full wp-image-107142\" src=\"https:\/\/www.ludwig-van.com\/toronto\/wp-content\/uploads\/sites\/2\/2024\/08\/Classical-Chartz-image-1.jpg\" alt=\"classical music composers\" width=\"1200\" height=\"628\" srcset=\"https:\/\/www.ludwig-van.com\/toronto\/wp-content\/uploads\/sites\/2\/2024\/08\/Classical-Chartz-image-1.jpg 1200w, https:\/\/www.ludwig-van.com\/toronto\/wp-content\/uploads\/sites\/2\/2024\/08\/Classical-Chartz-image-1-300x157.jpg 300w, https:\/\/www.ludwig-van.com\/toronto\/wp-content\/uploads\/sites\/2\/2024\/08\/Classical-Chartz-image-1-1024x536.jpg 1024w, https:\/\/www.ludwig-van.com\/toronto\/wp-content\/uploads\/sites\/2\/2024\/08\/Classical-Chartz-image-1-768x402.jpg 768w\" sizes=\"(max-width: 1200px) 100vw, 1200px\" \/><\/p>\n<p>Enjoy new music with our classical music chart for this week. Our weekly selections are based on sales numbers and simply what albums we love and think you NEED to hear.<\/p>\n<p>For the complete top 20, tune into <strong><a href=\"https:\/\/classicalfm.ca\/shows\/classical-chartz\/\" target=\"_blank\" rel=\"noopener\">Classical Chartz<\/a><\/strong> with the New Classical FM\u2019s Mark Wigmore every Saturday from 3-5 p.m.<\/p>\n<p style=\"text-align: center\"><img decoding=\"async\" loading=\"lazy\" class=\"aligncenter size-full wp-image-108273\" src=\"https:\/\/www.ludwig-van.com\/toronto\/wp-content\/uploads\/sites\/2\/2024\/10\/CLASSICAL-CHARTS-TOP-20-OCTOBER-5-2024.jpg\" alt=\"Classical music top ten albums\" width=\"1200\" height=\"789\" srcset=\"https:\/\/www.ludwig-van.com\/toronto\/wp-content\/uploads\/sites\/2\/2024\/10\/CLASSICAL-CHARTS-TOP-20-OCTOBER-5-2024.jpg 1200w, https:\/\/www.ludwig-van.com\/toronto\/wp-content\/uploads\/sites\/2\/2024\/10\/CLASSICAL-CHARTS-TOP-20-OCTOBER-5-2024-300x197.jpg 300w, https:\/\/www.ludwig-van.com\/toronto\/wp-content\/uploads\/sites\/2\/2024\/10\/CLASSICAL-CHARTS-TOP-20-OCTOBER-5-2024-1024x673.jpg 1024w, https:\/\/www.ludwig-van.com\/toronto\/wp-content\/uploads\/sites\/2\/2024\/10\/CLASSICAL-CHARTS-TOP-20-OCTOBER-5-2024-768x505.jpg 768w\" sizes=\"(max-width: 1200px) 100vw, 1200px\" \/><\/p>\n<p>There\u2019s a shake-up at the top of the Classical Chartz this week, where opera stars reign supreme. <strong>Jonas Kaufmann<\/strong> and his <strong>Puccini Love Affairs<\/strong> takes over the No. 1 spot, a short step up from No. 2 last week. Canadian soprano<strong> Emily D\u2019Angelo<\/strong> and her release <strong>Freezing<\/strong> make the leap from No. 6 to the No. 2 spot this week.<\/p>\n<p>Two newcomers enter the Classical Chartz Top Ten for the week of October 7, 2024. The Canadian Chamber Choir rises from No. 11 last week to land at the No. 6 spot this week.<\/p>\n<p>The <strong><a href=\"https:\/\/www.ludwig-van.com\/toronto\/2024\/08\/26\/preview-canadian-chamber-choir-tour-hits-toronto-cree-dene-singer-composer-sherryl-sewepagaham-september\/\" target=\"_blank\" rel=\"noopener\">Canadian Chamber Choir<\/a> <\/strong>performed in Toronto recently to promote the album Where Waters Meet. The JUNO-nominated choir is unique, in that it draws members from across Canada, and their mandate includes supporting choral music overall, along with their own performing and recording projects. <strong>Where Waters Meet<\/strong> is part of the choir\u2019s commitment to truth and reconciliation, commissioned by composer Carmen Braden in 2017. The Yellowknife based composer incorporates texts written by Indigenous poet Yolanda Bonnell, the singers, and Braden himself. The choir collaborates with traditional Cres singer, composer, and music educator Sherryl Sewepagaham on the album.<\/p>\n<p>At No. 9, the<strong> Danish String Quartet<\/strong> enter the Top Ten with<strong> Keel Road<\/strong>, up from No. 13 previously. According to the liner notes, the album is a kind of \u201cretracing of musical pathways across the North Sea, a journey through the sounds of traditional music from Northern Europe, taking us from Denmark and Norway to the Faroe Islands, and to Ireland and England.\u201d<\/p>\n<p>Folk music and melodies dominate the album, including original compositions by Rune Tonsgaard S\u00f8rensen and Fredrik Sch\u00f8yen Sj\u00f6lin, along with arrangements of music by Irish composer Turlough O\u2019Carolan, traditional music, and more.<\/p>\n<p>The musicians of the Danish String Quartet are Rune Tonsgaard S\u00f8rensen (violin, harmonium, fiddle, spinet, whistle), Frederik \u00d8land (violin, whistle), Asbj\u00f8rn N\u00f8rgaard (viola, whistle), and Fredrik Sch\u00f8yen Sj\u00f6lin (cello, bass, whistle); they are joined on the album by Nikolaj Busk (piano) and Ale Carr (cittern).<\/p>\n<p><strong><em>Are you looking to promote an <a href=\"https:\/\/www.ludwig-van.com\/toronto\/advertising\/\" target=\"_blank\" rel=\"noopener\"><span style=\"color: #0e101a\"><u>event<\/u><\/span><\/a>? Have a\u00a0<a href=\"https:\/\/www.ludwig-van.com\/toronto\/masthead\/\" target=\"_blank\" rel=\"noopener\"><u>news tip<\/u><\/a>? Need to know the best <a href=\"https:\/\/www.ludwig-van.com\/toronto\/events\/\" target=\"_blank\" rel=\"noopener\"><u>events<\/u><\/a>\u00a0happening this weekend? Send us a\u00a0<\/em><\/strong><a href=\"mailto:anya@ludwig-van.com?subject=Let's%20chat\" target=\"_blank\" rel=\"noopener\"><strong><em><u>note<\/u>.<\/em><\/strong><br \/>\n<\/a><\/p>\n<h3 class=\"western\"><em><b>#LUDWIGVAN<\/b><\/em><\/h3>\n<p class=\"western\"><em>Get the daily arts news straight to your inbox.<\/em><\/p>\n<h3 class=\"western\"><em>Sign up for the Ludwig Van Toronto e-Blast! \u2014 local classical music and opera news straight to your inbox <\/em><a href=\"https:\/\/583e6ce0-dfd0-48be-8a33-61256b3c58e3.mlbtlr.com\/p2\/Fbd8jWoWQQ6CdBcLIvut3Q\/02E3cYaETqaj4Xm087cpSg?contactid=S3HHYfHY5rZv5f94S15MnA\" target=\"_blank\" rel=\"noopener\" data-saferedirecturl=\"https:\/\/www.google.com\/url?q=https:\/\/583e6ce0-dfd0-48be-8a33-61256b3c58e3.mlbtlr.com\/p2\/Fbd8jWoWQQ6CdBcLIvut3Q\/02E3cYaETqaj4Xm087cpSg?contactid%3DS3HHYfHY5rZv5f94S15MnA&amp;source=gmail&amp;ust=1695737525351000&amp;usg=AOvVaw0QTqKRwRJQFGK3KoJYigxX\">HERE<\/a>.<\/h3>\n","protected":false},"excerpt":{"rendered":"<p>Enjoy new music with our classical music chart for this week, based on sales numbers and simply what albums we love and think you NEED to hear. <\/p>\n","protected":false},"author":1,"featured_media":107142,"comment_status":"open","ping_status":"open","sticky":false,"template":"","format":"standard","meta":{"om_disable_all_campaigns":false,"jetpack_post_was_ever_published":false},"categories":[40967,75,77,40920,78,81,51,63],"tags":[41416,5519,5671],"yst_prominent_words":[36878,6605,6715,23840,23838,6616,7677,17947],"acf":[],"jetpack_featured_media_url":"https:\/\/www.ludwig-van.com\/toronto\/wp-content\/uploads\/sites\/2\/2024\/08\/Classical-Chartz-image-1.jpg","jetpack_sharing_enabled":true,"jetpack_shortlink":"https:\/\/wp.me\/p9bakr-saj","amp_enabled":true,"_links":{"self":[{"href":"https:\/\/www.ludwig-van.com\/toronto\/wp-json\/wp\/v2\/posts\/108271"}],"collection":[{"href":"https:\/\/www.ludwig-van.com\/toronto\/wp-json\/wp\/v2\/posts"}],"about":[{"href":"https:\/\/www.ludwig-van.com\/toronto\/wp-json\/wp\/v2\/types\/post"}],"author":[{"embeddable":true,"href":"https:\/\/www.ludwig-van.com\/toronto\/wp-json\/wp\/v2\/users\/1"}],"replies":[{"embeddable":true,"href":"https:\/\/www.ludwig-van.com\/toronto\/wp-json\/wp\/v2\/comments?post=108271"}],"version-history":[{"count":5,"href":"https:\/\/www.ludwig-van.com\/toronto\/wp-json\/wp\/v2\/posts\/108271\/revisions"}],"predecessor-version":[{"id":108342,"href":"https:\/\/www.ludwig-van.com\/toronto\/wp-json\/wp\/v2\/posts\/108271\/revisions\/108342"}],"wp:featuredmedia":[{"embeddable":true,"href":"https:\/\/www.ludwig-van.com\/toronto\/wp-json\/wp\/v2\/media\/107142"}],"wp:attachment":[{"href":"https:\/\/www.ludwig-van.com\/toronto\/wp-json\/wp\/v2\/media?parent=108271"}],"wp:term":[{"taxonomy":"category","embeddable":true,"href":"https:\/\/www.ludwig-van.com\/toronto\/wp-json\/wp\/v2\/categories?post=108271"},{"taxonomy":"post_tag","embeddable":true,"href":"https:\/\/www.ludwig-van.com\/toronto\/wp-json\/wp\/v2\/tags?post=108271"},{"taxonomy":"yst_prominent_words","embeddable":true,"href":"https:\/\/www.ludwig-van.com\/toronto\/wp-json\/wp\/v2\/yst_prominent_words?post=108271"}],"curies":[{"name":"wp","href":"https:\/\/api.w.org\/{rel}","templated":true}]}}