{"id":108265,"date":"2024-10-07T10:46:47","date_gmt":"2024-10-07T14:46:47","guid":{"rendered":"https:\/\/www.ludwig-van.com\/toronto\/?p=108265"},"modified":"2024-10-07T10:48:18","modified_gmt":"2024-10-07T14:48:18","slug":"critics-picks-classical-music-events-you-absolutely-need-to-see-this-week-october-7-13","status":"publish","type":"post","link":"https:\/\/www.ludwig-van.com\/toronto\/2024\/10\/07\/critics-picks-classical-music-events-you-absolutely-need-to-see-this-week-october-7-13\/","title":{"rendered":"CRITIC\u2019S PICKS | Classical Music Events You Absolutely Need To See This Week: October 7 \u2013 13"},"content":{"rendered":"<figure id=\"attachment_108266\" aria-describedby=\"caption-attachment-108266\" style=\"width: 1200px\" class=\"wp-caption aligncenter\"><img decoding=\"async\" loading=\"lazy\" class=\"size-full wp-image-108266\" src=\"https:\/\/www.ludwig-van.com\/toronto\/wp-content\/uploads\/sites\/2\/2024\/10\/Copy-of-CRITICS-PICKS-84.jpg\" alt=\"L-R (clockwise): Former TSO Music Director Jukka-Pekka Saraste (Photo courtesy of the artist); Toronto Music Garden with lights (Photo courtesy of TMG); Tania Miller conducts the Royal Conservatory Orchestra (Photo courtesy of the RCO)\" width=\"1200\" height=\"628\" srcset=\"https:\/\/www.ludwig-van.com\/toronto\/wp-content\/uploads\/sites\/2\/2024\/10\/Copy-of-CRITICS-PICKS-84.jpg 1200w, https:\/\/www.ludwig-van.com\/toronto\/wp-content\/uploads\/sites\/2\/2024\/10\/Copy-of-CRITICS-PICKS-84-300x157.jpg 300w, https:\/\/www.ludwig-van.com\/toronto\/wp-content\/uploads\/sites\/2\/2024\/10\/Copy-of-CRITICS-PICKS-84-1024x536.jpg 1024w, https:\/\/www.ludwig-van.com\/toronto\/wp-content\/uploads\/sites\/2\/2024\/10\/Copy-of-CRITICS-PICKS-84-768x402.jpg 768w\" sizes=\"(max-width: 1200px) 100vw, 1200px\" \/><figcaption id=\"caption-attachment-108266\" class=\"wp-caption-text\">L-R (clockwise): Former TSO Music Director Jukka-Pekka Saraste (Photo courtesy of the artist); Toronto Music Garden with lights (Photo courtesy of TMG); Tania Miller conducts the Royal Conservatory Orchestra (Photo courtesy of the RCO)<\/figcaption><\/figure>\n<p>This is a list of concerts we are attending, wishing we could attend, or thinking about attending between October 7 and October 13, 2024. For more of what\u2019s happening around Toronto, visit our calendar <strong><a href=\"https:\/\/www.ludwig-van.com\/toronto\/events\" target=\"_blank\" rel=\"noopener\">here<\/a><\/strong>.<\/p>\n<h3>Toronto Symphony Orchestra: Saraste Conducts Mozart\u2019s Requiem<\/h3>\n<p>Wednesday, October 9, 8 p.m., Thursday, October 10, 8 p.m., Saturday, October 12, 8 p.m.<br \/>\nRoy Thomson Hall, $30+<\/p>\n<p>The most favoured requiem of the people returns to Roy Thomson Hall this fall with TSO and the Toronto Mendelssohn Choir, under the baton of Jukka-Pekka Saraste. The requiem text developed along with early Gregorian chants, and once the variation of text became finalized in the Council of Trent (1545-1563), \u2018requiem\u2019 started to form itself as a distinctive musical form. Since the 16th century, there have been quite a few popular requiems \u2014 Verdi, Berlioz, Saint-Sa\u00ebns, Brahms, Dvo\u0159\u00e1k, Faur\u00e9, Durufl\u00e9 \u2014 and these works are performed frequently (we remember seeing so many Faur\u00e9 and Durufl\u00e9 post-pandemic to commemorate the lives lost during those trying times), but the most popular requiem is still Mozart\u2019s. Written at the end of his short and dramatic life, Mozart never got to finish it, and it was completed upon the request of Constanze, Mozart\u2019s widow, by Franz Xaver S\u00fcssmayr. The finished product is a masterpiece in its operatic finesse and grandeur, and Mozart\u2019s choice to omit flutes, oboes, clarinets, and horns creates a distinctive dark tone, contrasting to his brilliant mature orchestration. As the key piece of the madly popular movie Amadeus, you\u2019d be hard pressed to find a better loved requiem. Joining the TSO are: Siobhan Stagg, Karen Cargill, Fr\u00e9d\u00e9ric Antoun, Dashon Burton, and the Toronto Mendelssohn Choir under the Artistic direction of Jean-S\u00e9bastien Vall\u00e9e. A great way to gather some thought, as we gingerly approach the darkest night of the winter, and the end of the year \u2014 and life. Info <strong><a href=\"https:\/\/www.tso.ca\/concerts-and-events\/events\/saraste-conducts-mozarts-requiem\/\" target=\"_blank\" rel=\"noopener\">here<\/a><\/strong>.<\/p>\n<h3>Tania Miller Conducts the Royal Conservatory Orchestra<\/h3>\n<p>Thursday, October 10, 8 p.m.<br \/>\nKoerner Hall. $25+<\/p>\n<p><a href=\"https:\/\/www.ludwig-van.com\/toronto\/2023\/12\/18\/interview-conductor-tania-miller-talks-about-her-passion-for-the-music-the-unique-opportunities-ahead\/\" target=\"_blank\" rel=\"noopener\">Tania Miller<\/a>, the youngest woman to lead a major Canadian Orchestra (appointed by Victory Symphony in May 2003), has been busy leading orchestras, creating leadership opportunities for women, and writing. Her exploration of wide-ranging topics, from the role of music in community, concept of leadership, and developing and appreciating personal intentions (for everyone), has been inspiring, and it is a pleasure to see her in the comprehensive role of conductor, where all these provocative thoughts are amalgamated and transformed in non-verbal communication through a group of people. The RCO will open the program with Berlioz\u2019s brilliant Roman Carnival Overture, and close the program with Sibelius 1, with a lovely highlight in the middle: Brahms\u2019 Violin Concerto with Isabella Perron, 2024 Glenn Gould School graduate. There is something special about an orchestra supporting one of its own family \u2014 congeniality, sense of belonging, and all these things strengthen the bond between the three: soloist, orchestra, and conductor. A lovely way to spend a Thursday evening. Info <strong><a href=\"https:\/\/www.rcmusic.com\/events-and-performances\/tania-miller-conducts-the-royal-conservatory-o-(5)\" target=\"_blank\" rel=\"noopener\">here<\/a><\/strong>.<\/p>\n<h3>Vesuvius Ensemble + Otterville<\/h3>\n<p>Friday October 11, 8 p.m.<br \/>\nHeliconian Hall. $40<\/p>\n<p>Musical chameleon Andrew Downing is truly exactly that. In addition to his work in the jazz realm as composer\/arranger\/bassist, his projects, which tend to disregard the polite separation and lines in the sand drawn oh-so-very-carefully of different musical genres, have been super fun and beautiful. You may have seen his collaboration with established groups such as Tafelmusik (if you remembered to get tickets before it sold out), or through his curation, Confluence Concerts. On this Friday, Francesco Pellegrino and Lucas Harris of Vesuvius Ensemble, and Downing\u2019s Otterville will present you music of \u2014 oh, where would they take you, what wonderful places will you go! They promise music from a true mixed bag: Kurt Weill, Billy Strayhorn, Eric Satie, Bill Frisell, to Italian film great Nino Rota. And yes, Vesuvius sells out all-the-time. Act quickly. Info <strong><a href=\"https:\/\/bemusednetwork.com\/events\/detail\/1026\" target=\"_blank\" rel=\"noopener\">here<\/a><\/strong>.<\/p>\n<h3>Music Garden Performances: WIBI A CAPPELLA<\/h3>\n<p>Saturday October 12, 7 p.m.<br \/>\nMusic Garden, Free<\/p>\n<p>ow for something different \u2014 as the day gets shorter and the night gets longer, we get to play with lights! Toronto\u2019s Music Garden has put up lavish lighting, and has scheduled two live performances as dusk settles. The light installation will interact with the soundscape of the garden; the singing, and life spilling over- buses, passers-by, and all the sound in the city as it slips to the darkness. The two performance dates are <strong>October 12 and 19<\/strong>, and for this week, WIBI A CAPPELLA, Canada\u2019s longest-running collegiate a cappella group. Come out for a gentle stroll and a pause. Info <strong><a href=\"https:\/\/www.nowplayingtoronto.com\/event\/music-garden-performances\/\" target=\"_blank\" rel=\"noopener\">here<\/a><\/strong>.<\/p>\n<h3 class=\"western\"><em><b>#LUDWIGVAN<\/b><\/em><\/h3>\n<p class=\"western\"><em>Get the daily arts news straight to your inbox.<\/em><\/p>\n<h3 class=\"western\"><em>Sign up for the Ludwig Van Toronto e-Blast! \u2014 local classical music and opera news straight to your inbox <\/em><br \/>\n<a href=\"https:\/\/583e6ce0-dfd0-48be-8a33-61256b3c58e3.mlbtlr.com\/p2\/Fbd8jWoWQQ6CdBcLIvut3Q\/02E3cYaETqaj4Xm087cpSg?contactid=S3HHYfHY5rZv5f94S15MnA\" target=\"_blank\" rel=\"noopener\" data-saferedirecturl=\"https:\/\/www.google.com\/url?q=https:\/\/583e6ce0-dfd0-48be-8a33-61256b3c58e3.mlbtlr.com\/p2\/Fbd8jWoWQQ6CdBcLIvut3Q\/02E3cYaETqaj4Xm087cpSg?contactid%3DS3HHYfHY5rZv5f94S15MnA&amp;source=gmail&amp;ust=1695737525351000&amp;usg=AOvVaw0QTqKRwRJQFGK3KoJYigxX\">HERE<\/a>.<\/h3>\n","protected":false},"excerpt":{"rendered":"<p>Classical music and opera events in Toronto for the week of October 7 to 13, 2024.<\/p>\n","protected":false},"author":62,"featured_media":108266,"comment_status":"open","ping_status":"open","sticky":false,"template":"","format":"standard","meta":{"om_disable_all_campaigns":false,"jetpack_post_was_ever_published":false},"categories":[40967,76,19,875,3895,49,63],"tags":[1799,5520,5644],"yst_prominent_words":[8345,34836,34833,6674,10579,6914],"acf":[],"jetpack_featured_media_url":"https:\/\/www.ludwig-van.com\/toronto\/wp-content\/uploads\/sites\/2\/2024\/10\/Copy-of-CRITICS-PICKS-84.jpg","jetpack_sharing_enabled":true,"jetpack_shortlink":"https:\/\/wp.me\/p9bakr-sad","amp_enabled":true,"_links":{"self":[{"href":"https:\/\/www.ludwig-van.com\/toronto\/wp-json\/wp\/v2\/posts\/108265"}],"collection":[{"href":"https:\/\/www.ludwig-van.com\/toronto\/wp-json\/wp\/v2\/posts"}],"about":[{"href":"https:\/\/www.ludwig-van.com\/toronto\/wp-json\/wp\/v2\/types\/post"}],"author":[{"embeddable":true,"href":"https:\/\/www.ludwig-van.com\/toronto\/wp-json\/wp\/v2\/users\/62"}],"replies":[{"embeddable":true,"href":"https:\/\/www.ludwig-van.com\/toronto\/wp-json\/wp\/v2\/comments?post=108265"}],"version-history":[{"count":4,"href":"https:\/\/www.ludwig-van.com\/toronto\/wp-json\/wp\/v2\/posts\/108265\/revisions"}],"predecessor-version":[{"id":108270,"href":"https:\/\/www.ludwig-van.com\/toronto\/wp-json\/wp\/v2\/posts\/108265\/revisions\/108270"}],"wp:featuredmedia":[{"embeddable":true,"href":"https:\/\/www.ludwig-van.com\/toronto\/wp-json\/wp\/v2\/media\/108266"}],"wp:attachment":[{"href":"https:\/\/www.ludwig-van.com\/toronto\/wp-json\/wp\/v2\/media?parent=108265"}],"wp:term":[{"taxonomy":"category","embeddable":true,"href":"https:\/\/www.ludwig-van.com\/toronto\/wp-json\/wp\/v2\/categories?post=108265"},{"taxonomy":"post_tag","embeddable":true,"href":"https:\/\/www.ludwig-van.com\/toronto\/wp-json\/wp\/v2\/tags?post=108265"},{"taxonomy":"yst_prominent_words","embeddable":true,"href":"https:\/\/www.ludwig-van.com\/toronto\/wp-json\/wp\/v2\/yst_prominent_words?post=108265"}],"curies":[{"name":"wp","href":"https:\/\/api.w.org\/{rel}","templated":true}]}}