{"id":106849,"date":"2024-08-13T15:53:39","date_gmt":"2024-08-13T19:53:39","guid":{"rendered":"https:\/\/www.ludwig-van.com\/toronto\/?p=106849"},"modified":"2024-08-23T15:54:47","modified_gmt":"2024-08-23T19:54:47","slug":"classical-chartz-top-ten-classical-music-albums-week-august-12-18-2024","status":"publish","type":"post","link":"https:\/\/www.ludwig-van.com\/toronto\/2024\/08\/13\/classical-chartz-top-ten-classical-music-albums-week-august-12-18-2024\/","title":{"rendered":"CLASSICAL CHARTZ | Top Ten Classical Music Albums For The Week Of August 12 To 18 2024"},"content":{"rendered":"<p style=\"text-align: center\"><img decoding=\"async\" loading=\"lazy\" class=\"aligncenter size-full wp-image-106850\" src=\"https:\/\/www.ludwig-van.com\/toronto\/wp-content\/uploads\/sites\/2\/2024\/08\/Classical-Chartz-image.jpg\" alt=\"classical music composers\" width=\"1200\" height=\"628\" srcset=\"https:\/\/www.ludwig-van.com\/toronto\/wp-content\/uploads\/sites\/2\/2024\/08\/Classical-Chartz-image.jpg 1200w, https:\/\/www.ludwig-van.com\/toronto\/wp-content\/uploads\/sites\/2\/2024\/08\/Classical-Chartz-image-300x157.jpg 300w, https:\/\/www.ludwig-van.com\/toronto\/wp-content\/uploads\/sites\/2\/2024\/08\/Classical-Chartz-image-1024x536.jpg 1024w, https:\/\/www.ludwig-van.com\/toronto\/wp-content\/uploads\/sites\/2\/2024\/08\/Classical-Chartz-image-768x402.jpg 768w\" sizes=\"(max-width: 1200px) 100vw, 1200px\" \/><\/p>\n<p>Enjoy new music with our classical music chart for this week. Our weekly selections are based on sales numbers and simply what albums we love and think you NEED to hear.<\/p>\n<p>For the complete top 20, tune into <strong><a href=\"https:\/\/classicalfm.ca\/shows\/classical-chartz\/\" target=\"_blank\" rel=\"noopener\">Classical Chartz<\/a><\/strong> with the New Classical FM\u2019s Mark Wigmore every Saturday from 3-5 p.m.<\/p>\n<p style=\"text-align: center\"><img decoding=\"async\" loading=\"lazy\" class=\"aligncenter size-full wp-image-107104\" src=\"https:\/\/www.ludwig-van.com\/toronto\/wp-content\/uploads\/sites\/2\/2024\/08\/AUGUST-10-2024-chgats-update.png\" alt=\"classical music top ten chart\" width=\"1498\" height=\"1090\" srcset=\"https:\/\/www.ludwig-van.com\/toronto\/wp-content\/uploads\/sites\/2\/2024\/08\/AUGUST-10-2024-chgats-update.png 1498w, https:\/\/www.ludwig-van.com\/toronto\/wp-content\/uploads\/sites\/2\/2024\/08\/AUGUST-10-2024-chgats-update-300x218.png 300w, https:\/\/www.ludwig-van.com\/toronto\/wp-content\/uploads\/sites\/2\/2024\/08\/AUGUST-10-2024-chgats-update-1024x745.png 1024w, https:\/\/www.ludwig-van.com\/toronto\/wp-content\/uploads\/sites\/2\/2024\/08\/AUGUST-10-2024-chgats-update-768x559.png 768w\" sizes=\"(max-width: 1498px) 100vw, 1498px\" \/><\/p>\n<p><strong>Andris Nelsons and the Vienna Phil<\/strong> retain their hold on the No. 1 spot in the Classical Chartz this week with <strong>Summer Night Concert 2024<\/strong>.<\/p>\n<p>At the second spot, making the fastest rise of the week, sits <strong>Yannick N\u00e9zet-S\u00e9guin and the Chamber Orchestra of Europe<\/strong> with their album<strong> Johannes Brahms<\/strong>. It vaults all the way up from No. 9 last week. The Chamber Orchestra of Europe was founded in 1981 by a core of musicians who\u2019d met through the European Community Youth Orchestra (now EUYO).<\/p>\n<p>The orchestra\u2019s 60 or so members are also members of nationally-based orchestras, and teachers. Previous leaders and important collaborators have included Claudio Abbado, Nikolaus Harnoncourt. Today, the ECO works with Yannick N\u00e9zet-S\u00e9guin, Sir Simon Rattle and Sir Andr\u00e1s Schiff, who are Honorary Members.<\/p>\n<p>Elsewhere on the Classical Chartz Top Ten, there\u2019s a lot of shuffling in the middle of the list, including <strong>Bruce Liu<\/strong>\u2019s take on Satie, which rises from No. 8 to No. 6, and it\u2019s worth noting that the <strong>Brigderton Season 3: Covers from the Series<\/strong>\u00a0is still holding it down at No. 3.<\/p>\n<p>Leaping back into the Top Ten comes <strong>Daniel Hope<\/strong>\u2019s <strong>Irish Roots<\/strong>, which lands at No. 8 from No. 11 last week. The celebrated violinist <a href=\"https:\/\/www.ludwig-van.com\/toronto\/2024\/04\/12\/interview-violinist-daniel-hope-talks-dance-music-irish-roots-program-hes-bringing-toronto\/\" target=\"_blank\" rel=\"noopener\">spoke to LvT in April<\/a> about the album, and delving into his musical heritage.<\/p>\n<p>Music Director of the Zurich Chamber Orchestra and San Francisco\u2019s New Century Chamber Orchestra, and Artistic Director of the Frauenkirche Dresden, the busy musician was born in South Africa, but his left for Europe before he turned one due to their anti-Apartheid activism.<\/p>\n<p>Hope traces his Irish roots back to his great-grandfather, who took his family to South Africa about a century ago. He\u2019s talked about his journey in a documentary film, and now shares his musical discoveries with the world on the album.<\/p>\n<p><strong><em>Are you looking to promote an <a href=\"https:\/\/www.ludwig-van.com\/toronto\/advertising\/\" target=\"_blank\" rel=\"noopener\"><span style=\"color: #0e101a\"><u>event<\/u><\/span><\/a>? Have a\u00a0<a href=\"https:\/\/www.ludwig-van.com\/toronto\/masthead\/\" target=\"_blank\" rel=\"noopener\"><u>news tip<\/u><\/a>? Need to know the best\u00a0<a href=\"https:\/\/www.ludwig-van.com\/toronto\/events\/\" target=\"_blank\" rel=\"noopener\"><u>events<\/u><\/a>\u00a0happening this weekend? Send us a\u00a0<\/em><\/strong><a href=\"mailto:anya@ludwig-van.com?subject=Let's%20chat\" target=\"_blank\" rel=\"noopener\"><strong><em><u>note<\/u>.<\/em><\/strong><br \/>\n<\/a><\/p>\n<h3 class=\"western\"><em><b>#LUDWIGVAN<\/b><\/em><\/h3>\n<p class=\"western\"><em>Get the daily arts news straight to your inbox.<\/em><\/p>\n<h3 class=\"western\"><em>Sign up for the Ludwig Van Toronto e-Blast! \u2014 local classical music and opera news straight to your inbox <\/em><a href=\"https:\/\/583e6ce0-dfd0-48be-8a33-61256b3c58e3.mlbtlr.com\/p2\/Fbd8jWoWQQ6CdBcLIvut3Q\/02E3cYaETqaj4Xm087cpSg?contactid=S3HHYfHY5rZv5f94S15MnA\" target=\"_blank\" rel=\"noopener\" data-saferedirecturl=\"https:\/\/www.google.com\/url?q=https:\/\/583e6ce0-dfd0-48be-8a33-61256b3c58e3.mlbtlr.com\/p2\/Fbd8jWoWQQ6CdBcLIvut3Q\/02E3cYaETqaj4Xm087cpSg?contactid%3DS3HHYfHY5rZv5f94S15MnA&amp;source=gmail&amp;ust=1695737525351000&amp;usg=AOvVaw0QTqKRwRJQFGK3KoJYigxX\">HERE<\/a>.<\/h3>\n","protected":false},"excerpt":{"rendered":"<p>Enjoy new music with our classical music chart for this week, based on sales numbers and simply what albums we love and think you NEED to hear. <\/p>\n","protected":false},"author":1,"featured_media":106850,"comment_status":"open","ping_status":"open","sticky":false,"template":"","format":"standard","meta":{"om_disable_all_campaigns":false,"jetpack_post_was_ever_published":false},"categories":[40967,77,40920,41373,51],"tags":[40017,9698,3627],"yst_prominent_words":[7004,6739,7512,6767,6715,11839,8218,6616,9913,6613,18435],"acf":[],"jetpack_featured_media_url":"https:\/\/www.ludwig-van.com\/toronto\/wp-content\/uploads\/sites\/2\/2024\/08\/Classical-Chartz-image.jpg","jetpack_sharing_enabled":true,"jetpack_shortlink":"https:\/\/wp.me\/p9bakr-rNn","amp_enabled":true,"_links":{"self":[{"href":"https:\/\/www.ludwig-van.com\/toronto\/wp-json\/wp\/v2\/posts\/106849"}],"collection":[{"href":"https:\/\/www.ludwig-van.com\/toronto\/wp-json\/wp\/v2\/posts"}],"about":[{"href":"https:\/\/www.ludwig-van.com\/toronto\/wp-json\/wp\/v2\/types\/post"}],"author":[{"embeddable":true,"href":"https:\/\/www.ludwig-van.com\/toronto\/wp-json\/wp\/v2\/users\/1"}],"replies":[{"embeddable":true,"href":"https:\/\/www.ludwig-van.com\/toronto\/wp-json\/wp\/v2\/comments?post=106849"}],"version-history":[{"count":3,"href":"https:\/\/www.ludwig-van.com\/toronto\/wp-json\/wp\/v2\/posts\/106849\/revisions"}],"predecessor-version":[{"id":107106,"href":"https:\/\/www.ludwig-van.com\/toronto\/wp-json\/wp\/v2\/posts\/106849\/revisions\/107106"}],"wp:featuredmedia":[{"embeddable":true,"href":"https:\/\/www.ludwig-van.com\/toronto\/wp-json\/wp\/v2\/media\/106850"}],"wp:attachment":[{"href":"https:\/\/www.ludwig-van.com\/toronto\/wp-json\/wp\/v2\/media?parent=106849"}],"wp:term":[{"taxonomy":"category","embeddable":true,"href":"https:\/\/www.ludwig-van.com\/toronto\/wp-json\/wp\/v2\/categories?post=106849"},{"taxonomy":"post_tag","embeddable":true,"href":"https:\/\/www.ludwig-van.com\/toronto\/wp-json\/wp\/v2\/tags?post=106849"},{"taxonomy":"yst_prominent_words","embeddable":true,"href":"https:\/\/www.ludwig-van.com\/toronto\/wp-json\/wp\/v2\/yst_prominent_words?post=106849"}],"curies":[{"name":"wp","href":"https:\/\/api.w.org\/{rel}","templated":true}]}}