{"id":1026,"date":"2012-01-26T08:55:47","date_gmt":"2012-01-26T13:55:47","guid":{"rendered":"http:\/\/musicaltorontodotorg.wordpress.com\/?p=1026"},"modified":"2012-01-26T08:55:47","modified_gmt":"2012-01-26T13:55:47","slug":"dvd-review-the-great-mass-makes-for-an-even-greater-ballet-by-uwe-scholtz","status":"publish","type":"post","link":"https:\/\/www.ludwig-van.com\/toronto\/2012\/01\/26\/dvd-review-the-great-mass-makes-for-an-even-greater-ballet-by-uwe-scholtz\/","title":{"rendered":"DVD Review: The Great Mass makes for an even greater ballet by Uwe Scholz"},"content":{"rendered":"<p><strong><a href=\"http:\/\/207.112.70.56\/wp-content\/uploads\/2012\/01\/07-08-mozart_great-mass-1.jpg\"><img decoding=\"async\" loading=\"lazy\" class=\"aligncenter size-full wp-image-1029\" title=\"07-08-Mozart_Great-Mass-1\" src=\"http:\/\/207.112.70.56\/wp-content\/uploads\/2012\/01\/07-08-mozart_great-mass-1.jpg\" alt=\"\" width=\"440\" height=\"178\" srcset=\"https:\/\/www.ludwig-van.com\/toronto\/wp-content\/uploads\/sites\/2\/2012\/01\/07-08-mozart_great-mass-1.jpg 584w, https:\/\/www.ludwig-van.com\/toronto\/wp-content\/uploads\/sites\/2\/2012\/01\/07-08-mozart_great-mass-1-300x121.jpg 300w\" sizes=\"(max-width: 440px) 100vw, 440px\" \/><\/a>LEIPZIG BALLET<\/strong><br \/>\n<em>The Great Mass, by Uwe Scholtz (EuroArts)<\/em><\/p>\n<p>I have been seduced by The Great Mass, a 1998 large-scale ballet anchored on Mozart&#8217;s masterpiece by the German choreographer Uwe Scholz, who died in 2004, aged 45.<!--more--><\/p>\n<p><a href=\"http:\/\/207.112.70.56\/wp-content\/uploads\/2012\/01\/greatmass.jpg\"><img decoding=\"async\" loading=\"lazy\" class=\"alignright size-thumbnail wp-image-1030\" title=\"greatMass\" src=\"http:\/\/207.112.70.56\/wp-content\/uploads\/2012\/01\/greatmass.jpg?w=106\" alt=\"\" width=\"106\" height=\"150\" \/><\/a>The relationship between music and movement is uncanny on many levels, from surface melody to underlying textures and rhythms, to mood. It no doubt helps that this particular performance, a memorial to Scholz from June, 2005, is by his own company, the Leipzig Ballet, purposefully backed by the Gewandhausorchester, the Leipzig Opera chorus, excellent vocal soloists and conductor Bal\u00e1cz Kocs\u00e1r.<\/p>\n<p>The overall ballet works on many different planes, as well, as it interweaves Mozart&#8217;s Great Mass and a couple of shorter works with modern pieces by Gy\u00f6rgy Kurt\u00e1g, Thomas Jahn and Arvo P\u00e4rt.<\/p>\n<p>What could easily be a dog&#8217;s breakfast of styles becomes a seamless journey between our higher selves (dancers in white, deploying classical technique, during Mozart portions) and our baser instincts (dancers in black, moving in a more angular, modern way). Both are equally magnetic, one drawing us heavenward, the other providing impeccably executed kicks to the gut.<\/p>\n<p>As Mozart&#8217;s Mass ends with the Agnus Dei (left unfinished, so the words are set to the music from the opening Kyrie), the stage is stripped and the dancers emerge in street clothes to sit, listening to the chorus and orchestra having the final say.<\/p>\n<p>Initially, having an opera chorus sing the Mozart as if it were Verdi is a bit disconcerting, but it doesn&#8217;t take long for the power of this interpretation to leave a mark. The orchestra is also a bit heavy handed, but serves the ballet very nicely.<\/p>\n<p>This is one of those works that presents new revelations with each viewing. It&#8217;s also a great introduction to an unusually gifted choreographer, a prot\u00e9g\u00e9 of John Cranko, who had an association with the National Ballet of Canada.<\/p>\n<p>Scholz made his reputation by mixing music and movement &#8212; his first great work was a ballet based on Anton Bruckner&#8217;s Symphony No. 8 &#8212; in a way that shows both in a glorious, powerful new light.<\/p>\n<p>For full details about this recording, click <a href=\"http:\/\/www.euroarts.com\/artikel\/dvd\/?id=005460_mozart_the_great_mass#\" target=\"_blank\">here<\/a>.<\/p>\n<p>Here is the opening Kyrie, with apologies for the poor audio:<\/p>\n<div class=\"jetpack-video-wrapper\"><span class=\"embed-youtube\" style=\"text-align:center; display: block;\"><iframe loading=\"lazy\" class=\"youtube-player\" width=\"640\" height=\"360\" src=\"https:\/\/www.youtube.com\/embed\/67vZOoXO9Jo?version=3&#038;rel=1&#038;showsearch=0&#038;showinfo=1&#038;iv_load_policy=1&#038;fs=1&#038;hl=en-US&#038;autohide=2&#038;wmode=transparent\" allowfullscreen=\"true\" style=\"border:0;\" sandbox=\"allow-scripts allow-same-origin allow-popups allow-presentation\"><\/iframe><\/span><\/div>\n<p><em>John Terauds<\/em><\/p>\n","protected":false},"excerpt":{"rendered":"<p>LEIPZIG BALLET The Great Mass, by Uwe Scholtz (EuroArts) I have been seduced by The Great Mass, a 1998 large-scale ballet anchored on Mozart&#8217;s masterpiece by the German choreographer Uwe Scholz, who died in 2004, aged 45.<\/p>\n","protected":false},"author":2,"featured_media":1029,"comment_status":"open","ping_status":"open","sticky":false,"template":"","format":"standard","meta":{"om_disable_all_campaigns":false,"jetpack_post_was_ever_published":false},"categories":[20,36,37,51,52,60,70],"tags":[388,443,6482,1411,1480,1503,1938,2287,2346,3302,3417,3438],"yst_prominent_words":[],"acf":[],"jetpack_featured_media_url":"https:\/\/www.ludwig-van.com\/toronto\/wp-content\/uploads\/sites\/2\/2012\/01\/07-08-mozart_great-mass-1.jpg","jetpack_sharing_enabled":true,"jetpack_shortlink":"https:\/\/wp.me\/p9bakr-gy","amp_enabled":true,"_links":{"self":[{"href":"https:\/\/www.ludwig-van.com\/toronto\/wp-json\/wp\/v2\/posts\/1026"}],"collection":[{"href":"https:\/\/www.ludwig-van.com\/toronto\/wp-json\/wp\/v2\/posts"}],"about":[{"href":"https:\/\/www.ludwig-van.com\/toronto\/wp-json\/wp\/v2\/types\/post"}],"author":[{"embeddable":true,"href":"https:\/\/www.ludwig-van.com\/toronto\/wp-json\/wp\/v2\/users\/2"}],"replies":[{"embeddable":true,"href":"https:\/\/www.ludwig-van.com\/toronto\/wp-json\/wp\/v2\/comments?post=1026"}],"version-history":[{"count":0,"href":"https:\/\/www.ludwig-van.com\/toronto\/wp-json\/wp\/v2\/posts\/1026\/revisions"}],"wp:featuredmedia":[{"embeddable":true,"href":"https:\/\/www.ludwig-van.com\/toronto\/wp-json\/wp\/v2\/media\/1029"}],"wp:attachment":[{"href":"https:\/\/www.ludwig-van.com\/toronto\/wp-json\/wp\/v2\/media?parent=1026"}],"wp:term":[{"taxonomy":"category","embeddable":true,"href":"https:\/\/www.ludwig-van.com\/toronto\/wp-json\/wp\/v2\/categories?post=1026"},{"taxonomy":"post_tag","embeddable":true,"href":"https:\/\/www.ludwig-van.com\/toronto\/wp-json\/wp\/v2\/tags?post=1026"},{"taxonomy":"yst_prominent_words","embeddable":true,"href":"https:\/\/www.ludwig-van.com\/toronto\/wp-json\/wp\/v2\/yst_prominent_words?post=1026"}],"curies":[{"name":"wp","href":"https:\/\/api.w.org\/{rel}","templated":true}]}}