{"id":102127,"date":"2024-03-05T16:20:56","date_gmt":"2024-03-05T21:20:56","guid":{"rendered":"https:\/\/www.ludwig-van.com\/toronto\/?p=102127"},"modified":"2024-03-06T07:00:01","modified_gmt":"2024-03-06T12:00:01","slug":"interview-composer-detlev-glanert-talks-about-the-tsos-north-american-premiere-of-his-cello-concerto","status":"publish","type":"post","link":"https:\/\/www.ludwig-van.com\/toronto\/2024\/03\/05\/interview-composer-detlev-glanert-talks-about-the-tsos-north-american-premiere-of-his-cello-concerto\/","title":{"rendered":"INTERVIEW | Composer Detlev Glanert Talks About The TSO\u2019s North American Premiere Of His Cello Concerto"},"content":{"rendered":"<figure id=\"attachment_102129\" aria-describedby=\"caption-attachment-102129\" style=\"width: 1200px\" class=\"wp-caption aligncenter\"><img decoding=\"async\" loading=\"lazy\" class=\"size-full wp-image-102129\" src=\"https:\/\/www.ludwig-van.com\/toronto\/wp-content\/uploads\/sites\/2\/2024\/03\/Copy-of-INTERVIEW.jpg\" alt=\"Detlev Glanert (Photo: Bettina St\u00f6\u00df)\" width=\"1200\" height=\"628\" srcset=\"https:\/\/www.ludwig-van.com\/toronto\/wp-content\/uploads\/sites\/2\/2024\/03\/Copy-of-INTERVIEW.jpg 1200w, https:\/\/www.ludwig-van.com\/toronto\/wp-content\/uploads\/sites\/2\/2024\/03\/Copy-of-INTERVIEW-300x157.jpg 300w, https:\/\/www.ludwig-van.com\/toronto\/wp-content\/uploads\/sites\/2\/2024\/03\/Copy-of-INTERVIEW-1024x536.jpg 1024w, https:\/\/www.ludwig-van.com\/toronto\/wp-content\/uploads\/sites\/2\/2024\/03\/Copy-of-INTERVIEW-768x402.jpg 768w\" sizes=\"(max-width: 1200px) 100vw, 1200px\" \/><figcaption id=\"caption-attachment-102129\" class=\"wp-caption-text\">Detlev Glanert (Photo: Bettina St\u00f6\u00df)<\/figcaption><\/figure>\n<p>Finnish conductor Osmo V\u00e4nsk\u00e4 will lead the Toronto Symphony Orchestra in its North American premiere of a <a href=\"https:\/\/www.boosey.com\/cr\/music\/102584\" target=\"_blank\" rel=\"noopener\">cello concerto by noted German composer Detlev Glanert<\/a>. The concerto was written for German-Canadian cellist Johannes Moser, who\u2019ll be joining the TSO for the performances on March 27 and 28.<\/p>\n<p>Edvard Grieg\u2019s Suite No. 1 from\u00a0Peer Gynt begins the concert, and after intermission, V\u00e4nsk\u00e4 will lead the TSO through compatriot Sibelius\u2019 Symphony No. 2 in D Major, Op. 43.<\/p>\n<h2>Detlev Glanert: Cello Concerto<\/h2>\n<p>It\u2019s a busy year for Glanert. His new opera The Jewish Woman of Toledo premiered in Dresden in February, and his Percussion Concerto, with the Arctic Philharmonic, and Christoph-Mathias Mueller in Bod\u00f8, Norway, gets its world premiere in May.<\/p>\n<p>Detlev is probably best known for his operas, although he has written other works for orchestral instruments and ensembles.<\/p>\n<p>He began playing the trumpet at age 11, and his studies in composition in his 20s in Koln. It was his 1995 opera Der Spiegel des grosses Kaisers, which won an award, that first put his work into the public spotlight.<\/p>\n<p>\u201cI wrote a little piece for cello and pianoforte a hundred years ago,\u201d he laughs. \u201cIt is the first cello concerto,\u201d he acknowledges of the new piece. \u201cI had in mind always, my whole life, to write a cello concerto. I was very happy when Johannes came with the idea. The cello is something fascinating.\u201d<\/p>\n<p>He loves the cello in particular for its range, which encompasses the human vocal range from high to low. He also says that the relatively low number of cello concerti in general added to his enthusiasm for the project. \u201cI was very happy to contribute to that. The cello is so interesting, it can contain the human voice,\u201d he adds.<\/p>\n<p>He enjoyed working with the idea of the cello as one voice against the many other voices of the orchestra. \u201cIt&#8217;s so interesting,\u201d he says. \u201cYou can construct dialogues, conflicts.\u201d You can create drama, in other words, and other effects. \u201cI tried to put that in the cello concerto in a very specific way.\u201d<\/p>\n<p>The Cello Concerto was composed during the pandemic, leading up to the outset of the war in Ukraine. \u201cThere are some shadows of that,\u201d he says, noting there were many Ukrainian refugees in Berlin. \u201cYou really feel it here.\u201d<\/p>\n<p>Glanert says that the initial impetus also came from Moser, who was eager to play one of Glanert\u2019s pieces.<\/p>\n<figure id=\"attachment_102130\" aria-describedby=\"caption-attachment-102130\" style=\"width: 1200px\" class=\"wp-caption aligncenter\"><img decoding=\"async\" loading=\"lazy\" class=\"size-full wp-image-102130\" src=\"https:\/\/www.ludwig-van.com\/toronto\/wp-content\/uploads\/sites\/2\/2024\/03\/JohannesMoser2creditSarahWijzenbeek.jpg\" alt=\"Johannes Moser (Photo: Sarah Wijzenbeek)\" width=\"1200\" height=\"800\" srcset=\"https:\/\/www.ludwig-van.com\/toronto\/wp-content\/uploads\/sites\/2\/2024\/03\/JohannesMoser2creditSarahWijzenbeek.jpg 1200w, https:\/\/www.ludwig-van.com\/toronto\/wp-content\/uploads\/sites\/2\/2024\/03\/JohannesMoser2creditSarahWijzenbeek-300x200.jpg 300w, https:\/\/www.ludwig-van.com\/toronto\/wp-content\/uploads\/sites\/2\/2024\/03\/JohannesMoser2creditSarahWijzenbeek-1024x683.jpg 1024w, https:\/\/www.ludwig-van.com\/toronto\/wp-content\/uploads\/sites\/2\/2024\/03\/JohannesMoser2creditSarahWijzenbeek-768x512.jpg 768w\" sizes=\"(max-width: 1200px) 100vw, 1200px\" \/><figcaption id=\"caption-attachment-102130\" class=\"wp-caption-text\">Johannes Moser (Photo: Sarah Wijzenbeek)<\/figcaption><\/figure>\n<h3>Johannes Moser<\/h3>\n<p>German-Canadian cellist Johannes Moser was born into a musical family, and began his studies of the cello at age eight. At 19, he became a student of noted Lithuanian cellist and professor David Geringas. Johannes took first prize at the 2002 Tchaikovsky Competition, along with the Special Prize for his interpretation of the Rococo Variations. In 2014, he won the Brahms Prize.<\/p>\n<p>Johannes is a sought after soloist and chamber musician. He has performed with the Berliner Philharmoniker, New York Philharmonic, Los Angeles Philharmonic, Chicago Symphony, BBC Philharmonic at the BBC Proms, London Symphony Orchestra, and Symphonieorchester des Bayerischen Rundfunks, among others. He has worked with Riccardo Muti, Lorin Maazel, Mariss Jansons, Zubin Mehta, Vladimir Jurowski, and Christian Thielemann, and many other leading conductors.<\/p>\n<p>Johannes is a recording artist with a growing (and award-winning) discography that includes concertos by Dvo\u0159\u00e1k, Lalo, Elgar, Lutos\u0142awski, Dutilleux and Tchaikovsky.<\/p>\n<p>He practices the Cadenza of the Glanert Cello Concerto:<\/p>\n<div class=\"jetpack-video-wrapper\"><span class=\"embed-youtube\" style=\"text-align:center; display: block;\"><iframe loading=\"lazy\" class=\"youtube-player\" width=\"640\" height=\"360\" src=\"https:\/\/www.youtube.com\/embed\/58kYV9NgBnI?version=3&#038;rel=1&#038;showsearch=0&#038;showinfo=1&#038;iv_load_policy=1&#038;fs=1&#038;hl=en-US&#038;autohide=2&#038;wmode=transparent\" allowfullscreen=\"true\" style=\"border:0;\" sandbox=\"allow-scripts allow-same-origin allow-popups allow-presentation\"><\/iframe><\/span><\/div>\n<h3>The Cello Concerto<\/h3>\n<p>The concerto was a co-commission of the TSO along with the Luxembourg Philharmonic Orchestra, the Cologne Philharmonie (K\u00f6lnMusik), and commissioned by Elizabeth und Justus Schlichting.<\/p>\n<p>Moser performed at its world premiere in Luxembourg, with the Luxembourg Philharmonic Orchestra and conductor Gustavo Gimeno on January 19. The German premiere took place at the Philharmonie in Cologne two days later.<\/p>\n<p>It consists of three movements, with an opening characterized by the interplay of soloist and orchestra. The second resembles a waltz, with an upbeat and hopeful mood for the final movement. Slow-fast-slow \u2014 it\u2019s not a typical concerto form.<\/p>\n<p>\u201cIt&#8217;s quite unusual,\u201d he notes. \u201cThis is the opposite of a normal concerto.\u201d<\/p>\n<p>The first movement begins with a positive note that is soon put into conflict by counter melodies. \u201cThere is a battle starting,\u201d he explains. \u201cThe second movement is an outraged presto. The third movement is a song,\u201d he says, one that he describes as hopeful.<\/p>\n<p>However, in opera, as he points out, the point is often to end in a darker place. \u201cThe message is \u2014 let&#8217;s not do this in real life.\u201d<\/p>\n<p>Music, as he points out, is connected to both past and future. \u201cLike Janus, it looks to both sides,\u201d he says. As such, it\u2019s an expression of who we are in the present moment. \u201cMusic describes where we are now.\u201d<\/p>\n<p>Glanert reports that its world and German premieres were well received. \u201cI was quite \u2014 anxious is the wrong word, but I wasn&#8217;t sure how it would react to the audience. It&#8217;s not a fun piece,\u201d he says. \u201cIt&#8217;s not especially joyful.\u201d<\/p>\n<p>Any misgivings, however, proved baseless. \u201cIt was very, very well received. Johannes played it wonderfully.\u201d Unlike many Toronto audiences, German audiences tend to be more demanding, and standing ovations are pretty rare.<\/p>\n<p>\u201cMusic should be a thing that we talk about afterwards,\u201d he says. \u201cThat would be an ideal world. I would like to take the audience on a [trip] to an unknown land,\u201d he laughs. \u201cThat comes clearly from my opera past.\u201d<\/p>\n<ul>\n<li>More details about the TSO\u2019s concert on March 27 and 28, and tickets, available [<strong><a href=\"https:\/\/www.tso.ca\/concerts-and-events\/events\/sibelius-symphony-no-2\/\" target=\"_blank\" rel=\"noopener\">HERE<\/a><\/strong>].<\/li>\n<\/ul>\n<p><strong><em>Are you looking to promote an <a href=\"https:\/\/www.ludwig-van.com\/toronto\/advertising\/\" target=\"_blank\" rel=\"noopener\"><span style=\"color: #0e101a\"><u>event<\/u><\/span><\/a>? Have a\u00a0<a href=\"https:\/\/www.ludwig-van.com\/toronto\/masthead\/\" target=\"_blank\" rel=\"noopener\"><u>news tip<\/u><\/a>? Need to know the best\u00a0<a href=\"https:\/\/www.ludwig-van.com\/toronto\/events\/\" target=\"_blank\" rel=\"noopener\"><u>events<\/u><\/a>\u00a0happening this weekend? Send us a\u00a0<\/em><\/strong><a href=\"mailto:anya@ludwig-van.com?subject=Let's%20chat\" target=\"_blank\" rel=\"noopener\"><strong><em><u>note<\/u>.<\/em><\/strong><br \/>\n<\/a><\/p>\n<h3 class=\"western\"><em><b>#LUDWIGVAN<\/b><\/em><\/h3>\n<p class=\"western\"><em>Get the daily arts news straight to your inbox.<\/em><\/p>\n<h3 class=\"western\"><em>Sign up for the Ludwig Van Toronto e-Blast! \u2014 local classical music and opera news straight to your inbox <\/em><a href=\"https:\/\/583e6ce0-dfd0-48be-8a33-61256b3c58e3.mlbtlr.com\/p2\/Fbd8jWoWQQ6CdBcLIvut3Q\/02E3cYaETqaj4Xm087cpSg?contactid=S3HHYfHY5rZv5f94S15MnA\" target=\"_blank\" rel=\"noopener\" data-saferedirecturl=\"https:\/\/www.google.com\/url?q=https:\/\/583e6ce0-dfd0-48be-8a33-61256b3c58e3.mlbtlr.com\/p2\/Fbd8jWoWQQ6CdBcLIvut3Q\/02E3cYaETqaj4Xm087cpSg?contactid%3DS3HHYfHY5rZv5f94S15MnA&amp;source=gmail&amp;ust=1695737525351000&amp;usg=AOvVaw0QTqKRwRJQFGK3KoJYigxX\">HERE<\/a>.<\/h3>\n","protected":false},"excerpt":{"rendered":"<p>Finnish conductor Osmo V\u00e4nsk\u00e4 will lead the TSO in its North American premiere of a cello concerto by noted German composer Detlev Glanert.<\/p>\n","protected":false},"author":64,"featured_media":102129,"comment_status":"open","ping_status":"open","sticky":false,"template":"","format":"standard","meta":{"om_disable_all_campaigns":false,"jetpack_post_was_ever_published":false},"categories":[40967,9,76,18,19,875,4967,29,38,4557,63],"tags":[41075,3360],"yst_prominent_words":[7418,8235,7261,15584,15582,18207,6826],"acf":[],"jetpack_featured_media_url":"https:\/\/www.ludwig-van.com\/toronto\/wp-content\/uploads\/sites\/2\/2024\/03\/Copy-of-INTERVIEW.jpg","jetpack_sharing_enabled":true,"jetpack_shortlink":"https:\/\/wp.me\/p9bakr-qzd","amp_enabled":true,"_links":{"self":[{"href":"https:\/\/www.ludwig-van.com\/toronto\/wp-json\/wp\/v2\/posts\/102127"}],"collection":[{"href":"https:\/\/www.ludwig-van.com\/toronto\/wp-json\/wp\/v2\/posts"}],"about":[{"href":"https:\/\/www.ludwig-van.com\/toronto\/wp-json\/wp\/v2\/types\/post"}],"author":[{"embeddable":true,"href":"https:\/\/www.ludwig-van.com\/toronto\/wp-json\/wp\/v2\/users\/64"}],"replies":[{"embeddable":true,"href":"https:\/\/www.ludwig-van.com\/toronto\/wp-json\/wp\/v2\/comments?post=102127"}],"version-history":[{"count":11,"href":"https:\/\/www.ludwig-van.com\/toronto\/wp-json\/wp\/v2\/posts\/102127\/revisions"}],"predecessor-version":[{"id":102140,"href":"https:\/\/www.ludwig-van.com\/toronto\/wp-json\/wp\/v2\/posts\/102127\/revisions\/102140"}],"wp:featuredmedia":[{"embeddable":true,"href":"https:\/\/www.ludwig-van.com\/toronto\/wp-json\/wp\/v2\/media\/102129"}],"wp:attachment":[{"href":"https:\/\/www.ludwig-van.com\/toronto\/wp-json\/wp\/v2\/media?parent=102127"}],"wp:term":[{"taxonomy":"category","embeddable":true,"href":"https:\/\/www.ludwig-van.com\/toronto\/wp-json\/wp\/v2\/categories?post=102127"},{"taxonomy":"post_tag","embeddable":true,"href":"https:\/\/www.ludwig-van.com\/toronto\/wp-json\/wp\/v2\/tags?post=102127"},{"taxonomy":"yst_prominent_words","embeddable":true,"href":"https:\/\/www.ludwig-van.com\/toronto\/wp-json\/wp\/v2\/yst_prominent_words?post=102127"}],"curies":[{"name":"wp","href":"https:\/\/api.w.org\/{rel}","templated":true}]}}