{"id":101612,"date":"2024-02-06T13:52:04","date_gmt":"2024-02-06T18:52:04","guid":{"rendered":"https:\/\/www.ludwig-van.com\/toronto\/?p=101612"},"modified":"2024-02-06T13:53:49","modified_gmt":"2024-02-06T18:53:49","slug":"scoop-2024-classical-music-juno-nominees","status":"publish","type":"post","link":"https:\/\/www.ludwig-van.com\/toronto\/2024\/02\/06\/scoop-2024-classical-music-juno-nominees\/","title":{"rendered":"THE SCOOP | The 2024 Classical Music JUNO Nominees"},"content":{"rendered":"<figure id=\"attachment_101613\" aria-describedby=\"caption-attachment-101613\" style=\"width: 1200px\" class=\"wp-caption aligncenter\"><img decoding=\"async\" loading=\"lazy\" class=\"size-full wp-image-101613\" src=\"https:\/\/www.ludwig-van.com\/toronto\/wp-content\/uploads\/sites\/2\/2024\/02\/Copy-of-PREVIEW-21.jpg\" alt=\"L-R: Composer Nicole Liz\u00e9e (Photo courtesy of the JUNOS); Composer Iman Habibi (Photo: Deborah Grimmett); Composer Dinuk Wijeratne (Photo courtesy of the JUNOs); conductor Yannick N\u00e9zet-S\u00e9guin (Photo courtesy of the JUNOs); Conductor Rafael Payare (Photo courtesy of the artist)\" width=\"1200\" height=\"628\" srcset=\"https:\/\/www.ludwig-van.com\/toronto\/wp-content\/uploads\/sites\/2\/2024\/02\/Copy-of-PREVIEW-21.jpg 1200w, https:\/\/www.ludwig-van.com\/toronto\/wp-content\/uploads\/sites\/2\/2024\/02\/Copy-of-PREVIEW-21-300x157.jpg 300w, https:\/\/www.ludwig-van.com\/toronto\/wp-content\/uploads\/sites\/2\/2024\/02\/Copy-of-PREVIEW-21-1024x536.jpg 1024w, https:\/\/www.ludwig-van.com\/toronto\/wp-content\/uploads\/sites\/2\/2024\/02\/Copy-of-PREVIEW-21-768x402.jpg 768w\" sizes=\"(max-width: 1200px) 100vw, 1200px\" \/><figcaption id=\"caption-attachment-101613\" class=\"wp-caption-text\">L-R: Composer Nicole Liz\u00e9e (Photo courtesy of the JUNOS); Composer Iman Habibi (Photo: Deborah Grimmett); Composer Dinuk Wijeratne (Photo courtesy of the JUNOs); conductor Yannick N\u00e9zet-S\u00e9guin (Photo courtesy of the JUNOs); Conductor Rafael Payare (Photo from the album cover)<\/figcaption><\/figure>\n<p>The\u00a0Canadian Academy of Recording Arts and Sciences\u00a0(CARAS) has announced the nominees for\u00a0The\u00a053rd Annual JUNO Awards. The JUNO Awards ceremonies open <strong>March 23<\/strong>, with the Awards broadcast on <strong>March 24, 2024<\/strong>.<\/p>\n<p>On the non-classical front, Charlotte Cardin leads with six nominations,\u00a0followed by Daniel Caesar and TALK follow at five each. Within the categories devoted to classical music, <strong>Barbara Hannigan<\/strong>, <strong>Marc-Andr\u00e9 Hamelin<\/strong>, and <strong>James Ehnes<\/strong> fall into the no-surprises-there slot.<\/p>\n<p>Conductor <strong>Yannick N\u00e9zet-S\u00e9guin<\/strong>, fresh off a GRAMMY win, is nominated for two JUNOs for his work, both with the Philadelphia Orchestra and the Orchestre M\u00e9tropolitain. The Album of the Year\/Large Ensemble, however, is crowded with fellow Montr\u00e9alais, including conductor <strong>Rafael Payare<\/strong> and the Orchestre Symphonique de Montr\u00e9al with their Mahler 5 (the first release on their <a href=\"https:\/\/www.ludwig-van.com\/toronto\/2023\/03\/03\/scoop-orchestre-symphonique-de-montreal-maestro-rafael-payare-celebrate-new-recording-long-term-partnership\/\" target=\"_blank\" rel=\"noopener\">multi-year deal with Pentatone<\/a>), <strong>Jacques Lacombe<\/strong> and the Orchestre classique de Montr\u00e9al with Maxime Goulet: Symphonie de la temp\u00eate de verglas, and the <strong>Ensemble Contemporain de Montr\u00e9al<\/strong> with Cryptid Ensemble, and their recording of Bekah Simms\u2019 Bestiaries.<\/p>\n<p>Perhaps, next year, <a href=\"https:\/\/www.ludwig-van.com\/toronto\/2024\/01\/31\/scoop-toronto-symphony-orchestra-releases-olivier-messiaens-turangalila-symphonie-harmonia-mundi-february-2\/\" target=\"_blank\" rel=\"noopener\">TSO fans<\/a> can hope to break the Montr\u00e9al stranglehold&#8230;?<\/p>\n<h3>More than classical&#8230;<\/h3>\n<p>Perhaps the biggest news for fans of modern neoclassical music is the crossover of pianist\/composer <a href=\"https:\/\/www.ludwig-van.com\/toronto\/2024\/01\/09\/preview-neoclassical-superstar-alexandra-streliski-brings-music-toronto\/\" target=\"_blank\" rel=\"noopener\"><strong>Alexandra Str\u00e9liski<\/strong>\u2019s phenomenally successful N\u00e9o-Romance<\/a>, which is nominated in two categories entirely outside the genre of classical music.<\/p>\n<p>Here\u2019s a look at the details.<\/p>\n<div class=\"jetpack-video-wrapper\"><span class=\"embed-youtube\" style=\"text-align:center; display: block;\"><iframe loading=\"lazy\" class=\"youtube-player\" width=\"640\" height=\"360\" src=\"https:\/\/www.youtube.com\/embed\/dGojkDLRUMg?version=3&#038;rel=1&#038;showsearch=0&#038;showinfo=1&#038;iv_load_policy=1&#038;fs=1&#038;hl=en-US&#038;autohide=2&#038;wmode=transparent\" allowfullscreen=\"true\" style=\"border:0;\" sandbox=\"allow-scripts allow-same-origin allow-popups allow-presentation\"><\/iframe><\/span><\/div>\n<h2>JUNOS 2024: Classical Music<\/h2>\n<p>Here is the full list of nominees in the four categories revolving around classical music.<\/p>\n<h4>CLASSICAL ALBUM OF THE YEAR (SOLO ARTIST) | ALBUM CLASSIQUE DE L\u2019ANN\u00c9E (SOLO)<\/h4>\n<ul>\n<li>Infinite Voyage | <strong>Barbara Hannigan<\/strong> Alpha Classics*Naxos\/Independent<\/li>\n<li>Nielsen: Violin Concerto, Symphony No. 4 |<strong> James Ehnes<\/strong> Chandos*Naxos\/The Orchard<\/li>\n<li>Faur\u00e9: Nocturnes &amp; Barcarolles | <strong>Marc-Andr\u00e9 Hamelin<\/strong> Hyperion*Universal<\/li>\n<li>De Hartmann: Cello Concerto | <strong>Matt Haimovitz<\/strong> Pentatone\/Naxos<\/li>\n<li>mouvance | <strong>Suzie LeBlanc<\/strong> Centrediscs*Canadian Music Centre\/Naxos<\/li>\n<\/ul>\n<h4>CLASSICAL ALBUM OF THE YEAR (LARGE ENSEMBLE) | ALBUM CLASSIQUE DE L\u2019ANN\u00c9E (GRAND ENSEMBLE)<\/h4>\n<ul>\n<li>Bekah Simms: Bestiaries | <strong>Cryptid Ensemble, Ensemble Contemporain de Montr\u00e9al<\/strong>\u00a0Centrediscs*Canadian Music Centre\/Naxos<\/li>\n<li>Maxime Goulet: Symphonie de la temp\u00eate de verglas | <strong>Orchestre classique de Montr\u00e9al, conducted by\/dirig\u00e9 par Jacques Lacombe<\/strong> ATMA*Universal<\/li>\n<li>Sibelius 3 &amp; 4 | <strong>Orchestre M\u00e9tropolitain, conducted by\/dirig\u00e9 par Yannick N\u00e9zet-S\u00e9guin<\/strong> ATMA*Universal<\/li>\n<li>Mahler: Symphony No. 5 | <strong>Orchestre Symphonique De Montr\u00e9al, conducted by\/dirig\u00e9 par Rafael Payare<\/strong> Pentatone*Naxos<\/li>\n<li>Rachmaninoff: Symphonies Nos. 2 &amp; 3; Isle of the Dead <strong>The Philadelphia Orchestra, conducted by\/dirig\u00e9 par Yannick N\u00e9zet-S\u00e9guin<\/strong> Deutsche Grammophon*Universal<\/li>\n<\/ul>\n<h4>CLASSICAL ALBUM OF THE YEAR (SMALL ENSEMBLE) | ALBUM CLASSIQUE DE L\u2019ANN\u00c9E (PETIT ENSEMBLE)<\/h4>\n<ul>\n<li>Mythes | <strong>Andrew Armstrong &amp; James Ehnes<\/strong> Onyx*The Orchard<\/li>\n<li>Portrait: Alex Baranowski | <strong>Ang\u00e8le Dubeau &amp; La Piet\u00e0<\/strong> Analekta*Naxos\/The Orchard<\/li>\n<li>Portrait | <strong>Cheng\u00b2 Duo<\/strong> Centrediscs*Canadian Music Centre\/Naxos<\/li>\n<li>Il Ponte di Leonardo | <strong>Constantinople<\/strong> Glossa*Naxos<\/li>\n<li>Basta parlare! | <strong>Les Barocudas<\/strong> ATMA*Universal<\/li>\n<\/ul>\n<p>Dinuk Wijeratne: Portrait of an Imaginary Sibling by Cheng\u00b2 Duo (from their album Portrait):<\/p>\n<div class=\"jetpack-video-wrapper\"><span class=\"embed-youtube\" style=\"text-align:center; display: block;\"><iframe loading=\"lazy\" class=\"youtube-player\" width=\"640\" height=\"360\" src=\"https:\/\/www.youtube.com\/embed\/fFYUDWJqGZw?version=3&#038;rel=1&#038;showsearch=0&#038;showinfo=1&#038;iv_load_policy=1&#038;fs=1&#038;hl=en-US&#038;autohide=2&#038;wmode=transparent\" allowfullscreen=\"true\" style=\"border:0;\" sandbox=\"allow-scripts allow-same-origin allow-popups allow-presentation\"><\/iframe><\/span><\/div>\n<h4>CLASSICAL COMPOSITION OF THE YEAR | COMPOSITION CLASSIQUE DE L\u2019ANN\u00c9E<\/h4>\n<ul>\n<li>Simulacra | <strong>Amy Brandon<\/strong> Independent<\/li>\n<li>Portrait of an Imaginary Sibling | <strong>Dinuk Wijeratne<\/strong> Centrediscs*Canadian Music Centre\/Naxos<\/li>\n<li>\u2026and the Higher Leaves of the Trees Seemed to Shimmer in the Last of the Sunlight\u2019s Lingering<br \/>\nTouch of Them\u2026 | <strong>Emilie Cecilia LeBel<\/strong> Redshift<\/li>\n<li>Sh\u0101h\u012bn-n\u0101meh, for Voice and Orchestra | <strong>Iman Habibi<\/strong> Analekta*Naxos\/The Orchard<\/li>\n<li>Don\u2019t Throw Your Head in Your Hands | <strong>Nicole Liz\u00e9e<\/strong> Redshift<\/li>\n<\/ul>\n<h2>Other Categories<\/h2>\n<h4>ALBUM OF THE YEAR \u00a0| ALBUM DE L\u2019ANN\u00c9E<br \/>\nPRESENTED BY MUSIC CANADA | PR\u00c9SENT\u00c9 PAR MUSIC CANADA<\/h4>\n<ul>\n<li>N\u00e9o-Romance | <strong>Alexandra Str\u00e9liski<\/strong> Secret City*F.A.B.<\/li>\n<li>99 Nights | <strong>Charlotte Cardin<\/strong> Cult Nation*The Orchard<\/li>\n<li>NEVER ENOUGH | <strong>Daniel Caesar<\/strong> Republic*Universal<\/li>\n<li>Mirror Lauren | <strong>Spencer Smith<\/strong> Universal<\/li>\n<li>Lord of the Flies &amp; Birds &amp; Bees | <strong>TALK<\/strong> Capitol*Universal<\/li>\n<\/ul>\n<h4>INSTRUMENTAL ALBUM OF THE YEAR | ALBUM INSTRUMENTAL DE L\u2019ANN\u00c9E<\/h4>\n<ul>\n<li>N\u00e9o-Romance | <strong>Alexandra Str\u00e9liski<\/strong> Secret City* F.A.B.<\/li>\n<li>When we were that what wept for the sea | <strong>Colin Stetson<\/strong> 52 Hz<\/li>\n<li>Calibrating Friction | <strong>Haralabos [Harry] Stafylakis<\/strong> New Amsterdam*Naxos<\/li>\n<li>Fourth Album | <strong>Markus Floats<\/strong> Constellation*Secretly<\/li>\n<li>Tesseract | <strong>Meredith Bates<\/strong> Phonometrograph*Independent<\/li>\n<\/ul>\n<p>Best of luck to all the nominees.<\/p>\n<p><strong><em>Are you looking to promote an <a href=\"https:\/\/www.ludwig-van.com\/toronto\/advertising\/\" target=\"_blank\" rel=\"noopener\"><span style=\"color: #0e101a\"><u>event<\/u><\/span><\/a>? Have a\u00a0<a href=\"https:\/\/www.ludwig-van.com\/toronto\/masthead\/\" target=\"_blank\" rel=\"noopener\"><u>news tip<\/u><\/a>? Need to know the best\u00a0<a href=\"https:\/\/www.ludwig-van.com\/toronto\/events\/\" target=\"_blank\" rel=\"noopener\"><u>events<\/u><\/a>\u00a0happening this weekend? Send us a\u00a0<\/em><\/strong><a href=\"mailto:anya@ludwig-van.com?subject=Let's%20chat\" target=\"_blank\" rel=\"noopener\"><strong><em><u>note<\/u>.<\/em><\/strong><br \/>\n<\/a><\/p>\n<h3 class=\"western\"><em><b>#LUDWIGVAN<\/b><\/em><\/h3>\n<p class=\"western\"><em>Get the daily arts news straight to your inbox.<\/em><\/p>\n<h3 class=\"western\"><em>Sign up for the Ludwig Van Toronto e-Blast! \u2014 local classical music and opera news straight to your inbox <\/em><a href=\"https:\/\/583e6ce0-dfd0-48be-8a33-61256b3c58e3.mlbtlr.com\/p2\/Fbd8jWoWQQ6CdBcLIvut3Q\/02E3cYaETqaj4Xm087cpSg?contactid=S3HHYfHY5rZv5f94S15MnA\" target=\"_blank\" rel=\"noopener\" data-saferedirecturl=\"https:\/\/www.google.com\/url?q=https:\/\/583e6ce0-dfd0-48be-8a33-61256b3c58e3.mlbtlr.com\/p2\/Fbd8jWoWQQ6CdBcLIvut3Q\/02E3cYaETqaj4Xm087cpSg?contactid%3DS3HHYfHY5rZv5f94S15MnA&amp;source=gmail&amp;ust=1695737525351000&amp;usg=AOvVaw0QTqKRwRJQFGK3KoJYigxX\">HERE<\/a>.<\/h3>\n","protected":false},"excerpt":{"rendered":"<p>The\u00a0Canadian Academy of Recording Arts and Sciences\u00a0(CARAS) has announced the nominees for\u00a0The\u00a053rd Annual JUNO Awards, with the gala on March 24.<\/p>\n","protected":false},"author":64,"featured_media":101613,"comment_status":"open","ping_status":"open","sticky":false,"template":"","format":"standard","meta":{"om_disable_all_campaigns":false,"jetpack_post_was_ever_published":false},"categories":[40967,5,17,18,875,9567,39,3693],"tags":[40988,40109,40297,4559,38988,3627],"yst_prominent_words":[6668],"acf":[],"jetpack_featured_media_url":"https:\/\/www.ludwig-van.com\/toronto\/wp-content\/uploads\/sites\/2\/2024\/02\/Copy-of-PREVIEW-21.jpg","jetpack_sharing_enabled":true,"jetpack_shortlink":"https:\/\/wp.me\/p9bakr-qqU","amp_enabled":true,"_links":{"self":[{"href":"https:\/\/www.ludwig-van.com\/toronto\/wp-json\/wp\/v2\/posts\/101612"}],"collection":[{"href":"https:\/\/www.ludwig-van.com\/toronto\/wp-json\/wp\/v2\/posts"}],"about":[{"href":"https:\/\/www.ludwig-van.com\/toronto\/wp-json\/wp\/v2\/types\/post"}],"author":[{"embeddable":true,"href":"https:\/\/www.ludwig-van.com\/toronto\/wp-json\/wp\/v2\/users\/64"}],"replies":[{"embeddable":true,"href":"https:\/\/www.ludwig-van.com\/toronto\/wp-json\/wp\/v2\/comments?post=101612"}],"version-history":[{"count":4,"href":"https:\/\/www.ludwig-van.com\/toronto\/wp-json\/wp\/v2\/posts\/101612\/revisions"}],"predecessor-version":[{"id":101617,"href":"https:\/\/www.ludwig-van.com\/toronto\/wp-json\/wp\/v2\/posts\/101612\/revisions\/101617"}],"wp:featuredmedia":[{"embeddable":true,"href":"https:\/\/www.ludwig-van.com\/toronto\/wp-json\/wp\/v2\/media\/101613"}],"wp:attachment":[{"href":"https:\/\/www.ludwig-van.com\/toronto\/wp-json\/wp\/v2\/media?parent=101612"}],"wp:term":[{"taxonomy":"category","embeddable":true,"href":"https:\/\/www.ludwig-van.com\/toronto\/wp-json\/wp\/v2\/categories?post=101612"},{"taxonomy":"post_tag","embeddable":true,"href":"https:\/\/www.ludwig-van.com\/toronto\/wp-json\/wp\/v2\/tags?post=101612"},{"taxonomy":"yst_prominent_words","embeddable":true,"href":"https:\/\/www.ludwig-van.com\/toronto\/wp-json\/wp\/v2\/yst_prominent_words?post=101612"}],"curies":[{"name":"wp","href":"https:\/\/api.w.org\/{rel}","templated":true}]}}