{"id":101288,"date":"2024-01-15T14:23:48","date_gmt":"2024-01-15T19:23:48","guid":{"rendered":"https:\/\/www.ludwig-van.com\/toronto\/?p=101288"},"modified":"2024-01-15T14:23:48","modified_gmt":"2024-01-15T19:23:48","slug":"critics-picks-classical-music-events-you-absolutely-need-to-see-this-week-january-15-january-21","status":"publish","type":"post","link":"https:\/\/www.ludwig-van.com\/toronto\/2024\/01\/15\/critics-picks-classical-music-events-you-absolutely-need-to-see-this-week-january-15-january-21\/","title":{"rendered":"CRITIC\u2019S PICKS | Classical Music Events You Absolutely Need To See This Week: January 15 \u2013 January 21"},"content":{"rendered":"<figure id=\"attachment_101292\" aria-describedby=\"caption-attachment-101292\" style=\"width: 1200px\" class=\"wp-caption aligncenter\"><img decoding=\"async\" loading=\"lazy\" class=\"size-full wp-image-101292\" src=\"https:\/\/www.ludwig-van.com\/toronto\/wp-content\/uploads\/sites\/2\/2024\/01\/Copy-of-CRITICS-PICKS-1.jpg\" alt=\"L-R (clockwise): Lara St. John (Photo: Clive Barda); Steven Banks (Photo courtesy of the artist); Fazil Say (Photo courtesy of the artist)\" width=\"1200\" height=\"628\" srcset=\"https:\/\/www.ludwig-van.com\/toronto\/wp-content\/uploads\/sites\/2\/2024\/01\/Copy-of-CRITICS-PICKS-1.jpg 1200w, https:\/\/www.ludwig-van.com\/toronto\/wp-content\/uploads\/sites\/2\/2024\/01\/Copy-of-CRITICS-PICKS-1-300x157.jpg 300w, https:\/\/www.ludwig-van.com\/toronto\/wp-content\/uploads\/sites\/2\/2024\/01\/Copy-of-CRITICS-PICKS-1-1024x536.jpg 1024w, https:\/\/www.ludwig-van.com\/toronto\/wp-content\/uploads\/sites\/2\/2024\/01\/Copy-of-CRITICS-PICKS-1-768x402.jpg 768w\" sizes=\"(max-width: 1200px) 100vw, 1200px\" \/><figcaption id=\"caption-attachment-101292\" class=\"wp-caption-text\">L-R (clockwise): Lara St. John (Photo: Clive Barda); Steven Banks (Photo courtesy of the artist); Fazil Say (Photo courtesy of the artist)<\/figcaption><\/figure>\n<p>This is a list of concerts we are attending, wishing we could attend, or thinking about attending between Jan. 15 and Jan. 21, 2024. For more of what\u2019s happening around Toronto, visit our calendar <strong><a href=\"https:\/\/www.ludwig-van.com\/toronto\/events\">here<\/a><\/strong>.<\/p>\n<h3>Toronto Symphony Orchestra\/Steven Banks\/Peter Oundjian<\/h3>\n<p>Wednesday Jan. 17 at 8 p.m., Saturday Jan. 20 at 8 p.m., Sunday Jan. 21 at 3 p.m. Roy Thomson Hall (Sunday at George Weston Recital Hall). $48+<\/p>\n<p>The TSO welcomes saxophonist Steven Banks \u2014 and welcomes back conductor emeritus Peter Oundjian \u2014 in a program featuring the Canadian premiere of John Adams\u2019s Saxophone Concerto and Rachmaninoff\u2019s underrated Symphony No. 3. Read our <strong><a href=\"https:\/\/www.ludwig-van.com\/toronto\/2024\/01\/03\/interview-steven-banks-talks-saxophone-classical-music-upcoming-debut-toronto-symphony-orchestra\/\" target=\"_blank\" rel=\"noopener\">interview with Steven Banks here<\/a><\/strong>. The starter is a new piece by TSO NextGen Composer Katerina Gimon. Info <strong><a href=\"https:\/\/www.tso.ca\/concerts-and-events\/events\/oundjian-conducts-rachmaninoff\/\" target=\"_blank\" rel=\"noopener\">here<\/a><\/strong>.<\/p>\n<h3>Alliance fran\u00e7aise\/Alliance String Quartet<\/h3>\n<p>Friday Jan. 19 at 8 p.m. Alliance fran\u00e7aise (24 Spadina Rd.). $18<\/p>\n<p>A foursome led by Mayumi Seiler on first violin offers a program of Ravel, Beethoven (Op. 18 No. 6) and the Vancouver composer Stefan Hintersteininger. All by candlelight, no less. Read our <strong><a href=\"https:\/\/www.ludwig-van.com\/toronto\/2024\/01\/12\/preview-alliance-francaise-toronto-presents-a-concert-by-candlelight-with-quatour-alliance\/\" target=\"_blank\" rel=\"noopener\">Preview here<\/a><\/strong>. Info <strong><a href=\"https:\/\/www.alliance-francaise.ca\/en\/art\/cultural-season\/118-alliance-string-quartet\" target=\"_blank\" rel=\"noopener\">here<\/a><\/strong>.<\/p>\n<h3>RCM\/Fazil Say and Friends<\/h3>\n<p>Friday Jan. 19 at 8 p.m. Koerner Hall. $21<\/p>\n<p>The outspoken Turkish pianist performs his own music with mezzo-soprano Beste Kalender, Lara and Scott St. John (violins), Barry Shiffman (viola) and Winona Zelenka (cello). This is the opening of the Conservatory\u2019s 21C Music Festival. Info <strong><a href=\"https:\/\/www.rcmusic.com\/events-and-performances\/fazil-say-and-friends\" target=\"_blank\" rel=\"noopener\">here<\/a><\/strong>.<\/p>\n<h3>RCM\/Lara St. John<\/h3>\n<p>Saturday Jan. 20 at 8 p.m. Mazzoleni Concert Hall. $21<\/p>\n<p>Women composers \u2014 plus J.S. Bach \u2014 are the subject as the New York-based Canadian violinist gives a solo recital of more than a dozen works in Mazzoleni Concert Hall. Seven are Canadian premieres. Read our <strong><a href=\"https:\/\/www.ludwig-van.com\/toronto\/2023\/12\/01\/interview-lara-st-john-talks-21c-music-festival-concerts-women-classical-music\/\" target=\"_blank\" rel=\"noopener\">interview with Lara here<\/a><\/strong>. Info <strong><a href=\"https:\/\/www.rcmusic.com\/events-and-performances\/lara-st-john\" target=\"_blank\" rel=\"noopener\">here<\/a><\/strong>.<\/p>\n<h3>RCM\/Bridget Kibbey\/Calidore String Quartet\/ Mervon Mehta<\/h3>\n<p>Sunday at 3 p.m. Koerner Hall. $21<\/p>\n<p>The American harpist is the star of a program mixing solo transcriptions (Bach, Debussy, Faur\u00e9, Alb\u00e9niz) with contemporary works involving string quartet (Jessie Montgomery and Sebastian Currier) and Andr\u00e9 Caplet\u2019s Conte fantastique (1921-22), a piece based on Edgar Allan Poe\u2019s The Masque of the Red Death \u2013 which our RCM friend Mervon Mehta will narrate. Read our interview with composer <a href=\"https:\/\/www.ludwig-van.com\/toronto\/2024\/01\/09\/preview-composer-sebastian-currier-talks-ongoingness-premiere-torontos-21c-music-festival\/\" target=\"_blank\" rel=\"noopener\">Sebastian Currier <strong>here<\/strong><\/a>. Info <strong><a href=\"https:\/\/www.rcmusic.com\/events-and-performances\/bridget-kibbey-with-the-calidore-string-quartet\" target=\"_blank\" rel=\"noopener\">here<\/a><\/strong>.<\/p>\n<p><em><b>#LUDWIGVAN<\/b><\/em><\/p>\n<p class=\"western\"><em>Get the daily arts news straight to your inbox.<\/em><\/p>\n<h3 class=\"western\"><em>Sign up for the Ludwig Van Toronto e-Blast! \u2014 local classical music and opera news straight to your inbox <\/em><br \/>\n<a href=\"https:\/\/583e6ce0-dfd0-48be-8a33-61256b3c58e3.mlbtlr.com\/p2\/Fbd8jWoWQQ6CdBcLIvut3Q\/02E3cYaETqaj4Xm087cpSg?contactid=S3HHYfHY5rZv5f94S15MnA\" target=\"_blank\" rel=\"noopener\" data-saferedirecturl=\"https:\/\/www.google.com\/url?q=https:\/\/583e6ce0-dfd0-48be-8a33-61256b3c58e3.mlbtlr.com\/p2\/Fbd8jWoWQQ6CdBcLIvut3Q\/02E3cYaETqaj4Xm087cpSg?contactid%3DS3HHYfHY5rZv5f94S15MnA&amp;source=gmail&amp;ust=1695737525351000&amp;usg=AOvVaw0QTqKRwRJQFGK3KoJYigxX\">HERE<\/a>.<\/h3>\n","protected":false},"excerpt":{"rendered":"<p>Classical music and opera events in Toronto for the week of January 15 to 21, 2024. <\/p>\n","protected":false},"author":25,"featured_media":101292,"comment_status":"open","ping_status":"open","sticky":false,"template":"","format":"standard","meta":{"om_disable_all_campaigns":false,"jetpack_post_was_ever_published":false},"categories":[40967,74,76,18,19,875,3895,38,63],"tags":[4498,40325,1910,40978],"yst_prominent_words":[8965,8345,14729,6606,11805,12857,14728,7677],"acf":[],"jetpack_featured_media_url":"https:\/\/www.ludwig-van.com\/toronto\/wp-content\/uploads\/sites\/2\/2024\/01\/Copy-of-CRITICS-PICKS-1.jpg","jetpack_sharing_enabled":true,"jetpack_shortlink":"https:\/\/wp.me\/p9bakr-qlG","amp_enabled":true,"_links":{"self":[{"href":"https:\/\/www.ludwig-van.com\/toronto\/wp-json\/wp\/v2\/posts\/101288"}],"collection":[{"href":"https:\/\/www.ludwig-van.com\/toronto\/wp-json\/wp\/v2\/posts"}],"about":[{"href":"https:\/\/www.ludwig-van.com\/toronto\/wp-json\/wp\/v2\/types\/post"}],"author":[{"embeddable":true,"href":"https:\/\/www.ludwig-van.com\/toronto\/wp-json\/wp\/v2\/users\/25"}],"replies":[{"embeddable":true,"href":"https:\/\/www.ludwig-van.com\/toronto\/wp-json\/wp\/v2\/comments?post=101288"}],"version-history":[{"count":4,"href":"https:\/\/www.ludwig-van.com\/toronto\/wp-json\/wp\/v2\/posts\/101288\/revisions"}],"predecessor-version":[{"id":101294,"href":"https:\/\/www.ludwig-van.com\/toronto\/wp-json\/wp\/v2\/posts\/101288\/revisions\/101294"}],"wp:featuredmedia":[{"embeddable":true,"href":"https:\/\/www.ludwig-van.com\/toronto\/wp-json\/wp\/v2\/media\/101292"}],"wp:attachment":[{"href":"https:\/\/www.ludwig-van.com\/toronto\/wp-json\/wp\/v2\/media?parent=101288"}],"wp:term":[{"taxonomy":"category","embeddable":true,"href":"https:\/\/www.ludwig-van.com\/toronto\/wp-json\/wp\/v2\/categories?post=101288"},{"taxonomy":"post_tag","embeddable":true,"href":"https:\/\/www.ludwig-van.com\/toronto\/wp-json\/wp\/v2\/tags?post=101288"},{"taxonomy":"yst_prominent_words","embeddable":true,"href":"https:\/\/www.ludwig-van.com\/toronto\/wp-json\/wp\/v2\/yst_prominent_words?post=101288"}],"curies":[{"name":"wp","href":"https:\/\/api.w.org\/{rel}","templated":true}]}}