{"id":101179,"date":"2024-01-08T13:30:30","date_gmt":"2024-01-08T18:30:30","guid":{"rendered":"https:\/\/www.ludwig-van.com\/toronto\/?p=101179"},"modified":"2024-01-08T13:30:30","modified_gmt":"2024-01-08T18:30:30","slug":"preview-soundstreams-presents-estonian-philharmonic-chamber-choir-single-canadian-performance","status":"publish","type":"post","link":"https:\/\/www.ludwig-van.com\/toronto\/2024\/01\/08\/preview-soundstreams-presents-estonian-philharmonic-chamber-choir-single-canadian-performance\/","title":{"rendered":"PREVIEW | Soundstreams Presents The Estonian Philharmonic Chamber Choir For A Single Canadian Performance"},"content":{"rendered":"<figure id=\"attachment_101180\" aria-describedby=\"caption-attachment-101180\" style=\"width: 1200px\" class=\"wp-caption aligncenter\"><img decoding=\"async\" loading=\"lazy\" class=\"wp-image-101180 size-full\" src=\"https:\/\/www.ludwig-van.com\/toronto\/wp-content\/uploads\/sites\/2\/2024\/01\/Copy-of-PREVIEW.jpg\" alt=\"Estonian Philharmonic Chamber Choir (Photo courtesy of the ensemble)\" width=\"1200\" height=\"628\" srcset=\"https:\/\/www.ludwig-van.com\/toronto\/wp-content\/uploads\/sites\/2\/2024\/01\/Copy-of-PREVIEW.jpg 1200w, https:\/\/www.ludwig-van.com\/toronto\/wp-content\/uploads\/sites\/2\/2024\/01\/Copy-of-PREVIEW-300x157.jpg 300w, https:\/\/www.ludwig-van.com\/toronto\/wp-content\/uploads\/sites\/2\/2024\/01\/Copy-of-PREVIEW-1024x536.jpg 1024w, https:\/\/www.ludwig-van.com\/toronto\/wp-content\/uploads\/sites\/2\/2024\/01\/Copy-of-PREVIEW-768x402.jpg 768w\" sizes=\"(max-width: 1200px) 100vw, 1200px\" \/><figcaption id=\"caption-attachment-101180\" class=\"wp-caption-text\">Estonian Philharmonic Chamber Choir (Photo courtesy of the ensemble)<\/figcaption><\/figure>\n<p>The Estonian Philharmonic Chamber Choir\u2019s (EPCC) will return to Toronto to perform a concert of Arvo Pa\u0308rt, Palestrina, and a world premiere by Estonian\/Canadian composer Omar Daniel. The concert will take place on February 3, presented by Soundstreams.<\/p>\n<p>It\u2019s a unique opportunity for local audiences to experience what has been called one of the world\u2019s premiere vocal ensembles.<\/p>\n<h3>The Estonian Philharmonic Chamber Choir<\/h3>\n<p>\u201cMany consider the Estonian Philharmonic Chamber Choir to be the world\u2019s greatest chamber choir, most famous for their interpretations of music by their beloved countryman Arvo Pa\u0308rt,\u201d shares <strong>Lawrence Cherney<\/strong>, Founding Artistic Director of Soundstreams, in a statement. \u201cThis is the sixth time since 2000 that Soundstreams has hosted the EPCC in Toronto. Whether it\u2019s secular or sacred, they bring such deep spirituality to everything they perform. The majestic and acoustically superb St. Paul\u2019s Basilica is one of Toronto\u2019s pre-eminent venues for choral music, another reason why the EPCC\u2019s Toronto concerts usually sell out!\u201d<\/p>\n<p>The Estonian Philharmonic Chamber Choir was formed in 1981 as a professional choir. Founder To\u0303nu Kaljuste served as the choir\u2019s conductor for its first two decades, and returned to the role in 2021. He leads the choir for their 2024 North American tour.<\/p>\n<p>With a repertoire that varies from Gregorian chant to brand new works, the choir maintains a special focus on the work of Estonian composers, including Arvo P\u00e4rt, Veljo Tormis, Erkki-Sven T\u00fc\u00fcr, Galina Grigoryeva, Toivo Tulev, T\u00f5nu K\u00f5rvits, and Helena Tulve.<\/p>\n<p>The EPCC performs in some 60 to 70 concerts each year, and has worked with many noted conductors during its history, including Ward Swingle, Helmuth Rilling, and Louis Langree, among many others.<\/p>\n<p>They have performed as guests at many international festivals and venues, including New York\u2019s Carnegie Hall and Lincoln Center, and the Versailles Opera Paris, and with ensembles such as the Frankfurt Radio Symphony Orchestra, London Symphony Orchestra, and Salzburg Camerata, among others.<\/p>\n<p>They have produced several acclaimed recordings. Among other public honours and recognition, the EPCC has won the Grammy Award for Best Choral Recording twice, (both times with pieces by Arvo P\u00e4rt).<\/p>\n<div class=\"jetpack-video-wrapper\"><span class=\"embed-youtube\" style=\"text-align:center; display: block;\"><iframe loading=\"lazy\" class=\"youtube-player\" width=\"640\" height=\"360\" src=\"https:\/\/www.youtube.com\/embed\/nOX5ex7PIu8?version=3&#038;rel=1&#038;showsearch=0&#038;showinfo=1&#038;iv_load_policy=1&#038;fs=1&#038;hl=en-US&#038;autohide=2&#038;wmode=transparent\" allowfullscreen=\"true\" style=\"border:0;\" sandbox=\"allow-scripts allow-same-origin allow-popups allow-presentation\"><\/iframe><\/span><\/div>\n<h3>The Program<\/h3>\n<p>The concert includes the work of three composers.<\/p>\n<p><strong>Arvo Pa\u0308rt <\/strong>was named, for the second year in a row, as the most performed living composer in 2023. The concert includes his pieces:<\/p>\n<ul>\n<li>Magnificat,<\/li>\n<li>Nunc Dimittis,<\/li>\n<li>Dopo la Vittoria,<\/li>\n<li>Kanon Pokajanen.<\/li>\n<\/ul>\n<p>Three excerpts from the piece Offertorium by Italian late Renaissance composer <strong>Giovanni Pierluigi da Palestrina<\/strong> (died 1594) are also on the program. The Offertorium is considered an early masterwork of 5-voice (SATTB) polyphonic choral composition, and was completed in 1593, just one year before the composer\u2019s death.<\/p>\n<p>Estonian\/Canadian composer <strong>Omar Daniel<\/strong>\u2019s world premiere, Antarktos Monodies, is based on the sonnet \u201cAntarktos\u201d by H. P. Lovecraft. It will be the second piece by Daniel that has been premiered by the Estonian Philharmonic Chamber Choir on its Toronto concert dates.<\/p>\n<p>\u201cThe particular configuration of Pa\u0308rt and Palestrina, presented for the first time in these tour performances, has been devised by To\u0303nu Kaljuste. The maestro\u2019s experience in programming and conducting Pa\u0308rt\u2019s repertoire is unmatched. He, and the ensembles he founded (the Estonian Philharmonic Chamber Choir and the Tallinn Chamber Orchestra) have recorded standard-bearing performances of Pa\u0308rt\u2019s work for the past three decades. But Kaljuste\u2019s experience with early composers runs exceptionally deep as well. Few indeed would be as worthy as him to program and conduct February\u2019s concert,\u201d states <strong>Peter Bouteneff<\/strong>, D.Phil., Arvo Pa\u0308rt Project.<\/p>\n<p>Find tickets and more information about the concert [<strong><a href=\"https:\/\/soundstreams.ca\/events\/estonian-philharmonic-chamber-choir-2\/\" target=\"_blank\" rel=\"noopener\">HERE<\/a><\/strong>].<\/p>\n<p><strong><em>Are you looking to promote an <a href=\"https:\/\/www.ludwig-van.com\/toronto\/advertising\/\" target=\"_blank\" rel=\"noopener\"><span style=\"color: #0e101a\"><u>event<\/u><\/span><\/a>? Have a\u00a0<a href=\"https:\/\/www.ludwig-van.com\/toronto\/masthead\/\" target=\"_blank\" rel=\"noopener\"><u>news tip<\/u><\/a>? Need to know the best\u00a0<a href=\"https:\/\/www.ludwig-van.com\/toronto\/events\/\" target=\"_blank\" rel=\"noopener\"><u>events<\/u><\/a>\u00a0happening this weekend? Send us a\u00a0<\/em><\/strong><a href=\"mailto:anya@ludwig-van.com?subject=Let's%20chat\" target=\"_blank\" rel=\"noopener\"><strong><em><u>note<\/u>.<\/em><\/strong><br \/>\n<\/a><\/p>\n<h3 class=\"western\"><em><b>#LUDWIGVAN<\/b><\/em><\/h3>\n<p class=\"western\"><em>Get the daily arts news straight to your inbox.<\/em><\/p>\n<h3 class=\"western\"><em>Sign up for the Ludwig Van Toronto e-Blast! \u2014 local classical music and opera news straight to your inbox <\/em><a href=\"https:\/\/583e6ce0-dfd0-48be-8a33-61256b3c58e3.mlbtlr.com\/p2\/Fbd8jWoWQQ6CdBcLIvut3Q\/02E3cYaETqaj4Xm087cpSg?contactid=S3HHYfHY5rZv5f94S15MnA\" target=\"_blank\" rel=\"noopener\" data-saferedirecturl=\"https:\/\/www.google.com\/url?q=https:\/\/583e6ce0-dfd0-48be-8a33-61256b3c58e3.mlbtlr.com\/p2\/Fbd8jWoWQQ6CdBcLIvut3Q\/02E3cYaETqaj4Xm087cpSg?contactid%3DS3HHYfHY5rZv5f94S15MnA&amp;source=gmail&amp;ust=1695737525351000&amp;usg=AOvVaw0QTqKRwRJQFGK3KoJYigxX\">HERE<\/a>.<\/h3>\n","protected":false},"excerpt":{"rendered":"<p>The Estonian Philharmonic Chamber Choir\u2019s (EPCC) will return to Toronto to perform a concert of Arvo Pa\u0308rt, Palestrina, along with a world premiere.<\/p>\n","protected":false},"author":64,"featured_media":101180,"comment_status":"open","ping_status":"open","sticky":false,"template":"","format":"standard","meta":{"om_disable_all_campaigns":false,"jetpack_post_was_ever_published":false},"categories":[40967,11,19,875,21,4967,38,4557,63],"tags":[388,7384,3337],"yst_prominent_words":[19344,6739,6605,10136,9287,9283,9288,13717],"acf":[],"jetpack_featured_media_url":"https:\/\/www.ludwig-van.com\/toronto\/wp-content\/uploads\/sites\/2\/2024\/01\/Copy-of-PREVIEW.jpg","jetpack_sharing_enabled":true,"jetpack_shortlink":"https:\/\/wp.me\/p9bakr-qjV","amp_enabled":true,"_links":{"self":[{"href":"https:\/\/www.ludwig-van.com\/toronto\/wp-json\/wp\/v2\/posts\/101179"}],"collection":[{"href":"https:\/\/www.ludwig-van.com\/toronto\/wp-json\/wp\/v2\/posts"}],"about":[{"href":"https:\/\/www.ludwig-van.com\/toronto\/wp-json\/wp\/v2\/types\/post"}],"author":[{"embeddable":true,"href":"https:\/\/www.ludwig-van.com\/toronto\/wp-json\/wp\/v2\/users\/64"}],"replies":[{"embeddable":true,"href":"https:\/\/www.ludwig-van.com\/toronto\/wp-json\/wp\/v2\/comments?post=101179"}],"version-history":[{"count":2,"href":"https:\/\/www.ludwig-van.com\/toronto\/wp-json\/wp\/v2\/posts\/101179\/revisions"}],"predecessor-version":[{"id":101182,"href":"https:\/\/www.ludwig-van.com\/toronto\/wp-json\/wp\/v2\/posts\/101179\/revisions\/101182"}],"wp:featuredmedia":[{"embeddable":true,"href":"https:\/\/www.ludwig-van.com\/toronto\/wp-json\/wp\/v2\/media\/101180"}],"wp:attachment":[{"href":"https:\/\/www.ludwig-van.com\/toronto\/wp-json\/wp\/v2\/media?parent=101179"}],"wp:term":[{"taxonomy":"category","embeddable":true,"href":"https:\/\/www.ludwig-van.com\/toronto\/wp-json\/wp\/v2\/categories?post=101179"},{"taxonomy":"post_tag","embeddable":true,"href":"https:\/\/www.ludwig-van.com\/toronto\/wp-json\/wp\/v2\/tags?post=101179"},{"taxonomy":"yst_prominent_words","embeddable":true,"href":"https:\/\/www.ludwig-van.com\/toronto\/wp-json\/wp\/v2\/yst_prominent_words?post=101179"}],"curies":[{"name":"wp","href":"https:\/\/api.w.org\/{rel}","templated":true}]}}