{"id":101016,"date":"2023-12-24T10:00:36","date_gmt":"2023-12-24T15:00:36","guid":{"rendered":"https:\/\/www.ludwig-van.com\/toronto\/?p=101016"},"modified":"2023-12-29T09:54:27","modified_gmt":"2023-12-29T14:54:27","slug":"classical-chartz-albums-2023","status":"publish","type":"post","link":"https:\/\/www.ludwig-van.com\/toronto\/2023\/12\/24\/classical-chartz-albums-2023\/","title":{"rendered":"CLASSICAL CHARTZ | Albums Of The Year 2023"},"content":{"rendered":"<p style=\"text-align: center;\"><img decoding=\"async\" loading=\"lazy\" class=\"alignnone size-full wp-image-101062\" src=\"https:\/\/www.ludwig-van.com\/toronto\/wp-content\/uploads\/sites\/2\/2023\/12\/Albums-of-the-year-1.jpg\" alt=\"\" width=\"1200\" height=\"678\" srcset=\"https:\/\/www.ludwig-van.com\/toronto\/wp-content\/uploads\/sites\/2\/2023\/12\/Albums-of-the-year-1.jpg 1200w, https:\/\/www.ludwig-van.com\/toronto\/wp-content\/uploads\/sites\/2\/2023\/12\/Albums-of-the-year-1-300x170.jpg 300w, https:\/\/www.ludwig-van.com\/toronto\/wp-content\/uploads\/sites\/2\/2023\/12\/Albums-of-the-year-1-1024x579.jpg 1024w, https:\/\/www.ludwig-van.com\/toronto\/wp-content\/uploads\/sites\/2\/2023\/12\/Albums-of-the-year-1-768x434.jpg 768w\" sizes=\"(max-width: 1200px) 100vw, 1200px\" \/><\/p>\n<p>This week, we take a look at the top 20 classical music albums of 2023. The list neatly illustrates the diversity of the classical music world today.<\/p>\n<p>Along with the superstars and stalwarts of the traditional repertoire, like Yuja Wang&#8217;s Rachmaninov, which sits at the top of the list, there is about equal representation of works like Qu\u00e9b\u00e9coise neo-classical composer and pianist Alexandra Str\u00e9liski\u2019s release Neo-Romance, which clocks in a No. 2.<\/p>\n<p>V\u00edkingur \u00d3lafsson is being compared to Glenn Gould with his recording of Bach&#8217;s Goldberg Variations, sitting at No. 8. The Rotterdam Philharmonic and Lahav Shani anticipate next year&#8217;s anniversary with Bruckner&#8217;s Symphony No. 7, which turns up at position No. 9.<\/p>\n<p>Canadians figure strongly on the list, including a solid quotient of stars from la belle province. Along with Alexandra Str\u00e9liski, the Montr\u00e9al Symphony Orchestra and Rafael Payare offer In the Spirit: Sacred Music for Christmas (No. 3), Yannick N\u00e9zet-S\u00e9guin&#8217;s Clara &amp; Robert Schumann Piano music (with Beatrice Rana and the Chamber Orchestra of Europe, at No. 15), Bruce Liu&#8217;s Waves (No. 16), and Ang\u00e8le Dubeau and La Piet\u00e0 with their release of Signature: Philip Glass (No. 20).<\/p>\n<p>An interesting addition is Joe Hisaishi&#8217;s A Symphonic Celebration at No. 7. Hisaichi will be coming back to Toronto to conduct the TSO this spring.<\/p>\n<p>Here\u2019s looking forward to another year of wonderful music and performances to enjoy.<\/p>\n<p>For more, tune into <strong><a href=\"https:\/\/classicalfm.ca\/shows\/classical-chartz\/\" target=\"_blank\" rel=\"noopener\">Classical Chartz<\/a><\/strong> with the New Classical FM\u2019s Mark Wigmore every Saturday from 3-5 p.m.<\/p>\n<p style=\"text-align: center;\"><img decoding=\"async\" loading=\"lazy\" class=\"aligncenter size-full wp-image-101018\" src=\"https:\/\/www.ludwig-van.com\/toronto\/wp-content\/uploads\/sites\/2\/2023\/12\/Beest_of_2023.png\" alt=\"Best_of_2023\" width=\"1116\" height=\"1558\" srcset=\"https:\/\/www.ludwig-van.com\/toronto\/wp-content\/uploads\/sites\/2\/2023\/12\/Beest_of_2023.png 1116w, https:\/\/www.ludwig-van.com\/toronto\/wp-content\/uploads\/sites\/2\/2023\/12\/Beest_of_2023-215x300.png 215w, https:\/\/www.ludwig-van.com\/toronto\/wp-content\/uploads\/sites\/2\/2023\/12\/Beest_of_2023-733x1024.png 733w, https:\/\/www.ludwig-van.com\/toronto\/wp-content\/uploads\/sites\/2\/2023\/12\/Beest_of_2023-768x1072.png 768w, https:\/\/www.ludwig-van.com\/toronto\/wp-content\/uploads\/sites\/2\/2023\/12\/Beest_of_2023-1100x1536.png 1100w\" sizes=\"(max-width: 1116px) 100vw, 1116px\" \/><\/p>\n<p><strong><em>Are you looking to promote an <a href=\"https:\/\/www.ludwig-van.com\/toronto\/advertising\/\" target=\"_blank\" rel=\"noopener\">event<\/a>? Have a\u00a0<a href=\"https:\/\/www.ludwig-van.com\/toronto\/masthead\/\" target=\"_blank\" rel=\"noopener\"><u>news tip<\/u><\/a>? Need to know the best\u00a0<a href=\"https:\/\/www.ludwig-van.com\/toronto\/events\/\" target=\"_blank\" rel=\"noopener\"><u>events<\/u><\/a>\u00a0happening this weekend? Send us a\u00a0<\/em><\/strong><a href=\"mailto:anya@ludwig-van.com?subject=Let's%20chat\" target=\"_blank\" rel=\"noopener\"><strong><em><u>note<\/u>.<\/em><\/strong><br \/>\n<\/a><\/p>\n<h3 class=\"western\"><em><b>#LUDWIGVAN<\/b><\/em><\/h3>\n<p class=\"western\"><em>Get the daily arts news straight to your inbox.<\/em><\/p>\n<h3 class=\"western\"><em>Sign up for the Ludwig Van Toronto e-Blast! \u2014 local classical music and opera news straight to your inbox <\/em><a href=\"https:\/\/583e6ce0-dfd0-48be-8a33-61256b3c58e3.mlbtlr.com\/p2\/Fbd8jWoWQQ6CdBcLIvut3Q\/02E3cYaETqaj4Xm087cpSg?contactid=S3HHYfHY5rZv5f94S15MnA\" target=\"_blank\" rel=\"noopener\" data-saferedirecturl=\"https:\/\/www.google.com\/url?q=https:\/\/583e6ce0-dfd0-48be-8a33-61256b3c58e3.mlbtlr.com\/p2\/Fbd8jWoWQQ6CdBcLIvut3Q\/02E3cYaETqaj4Xm087cpSg?contactid%3DS3HHYfHY5rZv5f94S15MnA&amp;source=gmail&amp;ust=1695737525351000&amp;usg=AOvVaw0QTqKRwRJQFGK3KoJYigxX\">HERE<\/a>.<\/h3>\n","protected":false},"excerpt":{"rendered":"<p>Enjoy new music with our classical music chart for the year 2023, based on sales numbers and simply what albums we love and think you NEED to hear. <\/p>\n","protected":false},"author":1,"featured_media":101062,"comment_status":"open","ping_status":"open","sticky":false,"template":"","format":"standard","meta":{"om_disable_all_campaigns":false,"jetpack_post_was_ever_published":false},"categories":[40430,40920],"tags":[40965,289,40017],"yst_prominent_words":[10292,6767,6715,11977,20132,10356,6616,9913,6613,6769,36683,6637,6741],"acf":[],"jetpack_featured_media_url":"https:\/\/www.ludwig-van.com\/toronto\/wp-content\/uploads\/sites\/2\/2023\/12\/Albums-of-the-year-1.jpg","jetpack_sharing_enabled":true,"jetpack_shortlink":"https:\/\/wp.me\/p9bakr-qhi","amp_enabled":true,"_links":{"self":[{"href":"https:\/\/www.ludwig-van.com\/toronto\/wp-json\/wp\/v2\/posts\/101016"}],"collection":[{"href":"https:\/\/www.ludwig-van.com\/toronto\/wp-json\/wp\/v2\/posts"}],"about":[{"href":"https:\/\/www.ludwig-van.com\/toronto\/wp-json\/wp\/v2\/types\/post"}],"author":[{"embeddable":true,"href":"https:\/\/www.ludwig-van.com\/toronto\/wp-json\/wp\/v2\/users\/1"}],"replies":[{"embeddable":true,"href":"https:\/\/www.ludwig-van.com\/toronto\/wp-json\/wp\/v2\/comments?post=101016"}],"version-history":[{"count":3,"href":"https:\/\/www.ludwig-van.com\/toronto\/wp-json\/wp\/v2\/posts\/101016\/revisions"}],"predecessor-version":[{"id":101063,"href":"https:\/\/www.ludwig-van.com\/toronto\/wp-json\/wp\/v2\/posts\/101016\/revisions\/101063"}],"wp:featuredmedia":[{"embeddable":true,"href":"https:\/\/www.ludwig-van.com\/toronto\/wp-json\/wp\/v2\/media\/101062"}],"wp:attachment":[{"href":"https:\/\/www.ludwig-van.com\/toronto\/wp-json\/wp\/v2\/media?parent=101016"}],"wp:term":[{"taxonomy":"category","embeddable":true,"href":"https:\/\/www.ludwig-van.com\/toronto\/wp-json\/wp\/v2\/categories?post=101016"},{"taxonomy":"post_tag","embeddable":true,"href":"https:\/\/www.ludwig-van.com\/toronto\/wp-json\/wp\/v2\/tags?post=101016"},{"taxonomy":"yst_prominent_words","embeddable":true,"href":"https:\/\/www.ludwig-van.com\/toronto\/wp-json\/wp\/v2\/yst_prominent_words?post=101016"}],"curies":[{"name":"wp","href":"https:\/\/api.w.org\/{rel}","templated":true}]}}