{"id":100444,"date":"2023-11-20T09:58:59","date_gmt":"2023-11-20T14:58:59","guid":{"rendered":"https:\/\/www.ludwig-van.com\/toronto\/?p=100444"},"modified":"2023-11-20T09:58:59","modified_gmt":"2023-11-20T14:58:59","slug":"critics-picks-classical-music-events-absolutely-need-see-week-nov-20-26","status":"publish","type":"post","link":"https:\/\/www.ludwig-van.com\/toronto\/2023\/11\/20\/critics-picks-classical-music-events-absolutely-need-see-week-nov-20-26\/","title":{"rendered":"CRITIC\u2019S PICKS | Classical Music Events You Absolutely Need To See This Week: Nov. 20 \u2013 26"},"content":{"rendered":"<figure id=\"attachment_100447\" aria-describedby=\"caption-attachment-100447\" style=\"width: 1200px\" class=\"wp-caption aligncenter\"><img decoding=\"async\" loading=\"lazy\" class=\"size-full wp-image-100447\" src=\"https:\/\/www.ludwig-van.com\/toronto\/wp-content\/uploads\/sites\/2\/2023\/11\/Copy-of-CRITICS-PICKS-23.jpg\" alt=\"L-R (clockwise): Emily D'Angelo (Photo courtesy of the artist); Maestra JoAnn Falletta conducting in concert on February 15, 2015, 14:51:57 (Photo: David Adam Beloff\/CC BY-SA 4.0 DEED); Amici Chamber Ensemble (Photo courtesy of the artists)\" width=\"1200\" height=\"628\" srcset=\"https:\/\/www.ludwig-van.com\/toronto\/wp-content\/uploads\/sites\/2\/2023\/11\/Copy-of-CRITICS-PICKS-23.jpg 1200w, https:\/\/www.ludwig-van.com\/toronto\/wp-content\/uploads\/sites\/2\/2023\/11\/Copy-of-CRITICS-PICKS-23-300x157.jpg 300w, https:\/\/www.ludwig-van.com\/toronto\/wp-content\/uploads\/sites\/2\/2023\/11\/Copy-of-CRITICS-PICKS-23-1024x536.jpg 1024w, https:\/\/www.ludwig-van.com\/toronto\/wp-content\/uploads\/sites\/2\/2023\/11\/Copy-of-CRITICS-PICKS-23-768x402.jpg 768w\" sizes=\"(max-width: 1200px) 100vw, 1200px\" \/><figcaption id=\"caption-attachment-100447\" class=\"wp-caption-text\">L-R (clockwise): Emily D&#8217;Angelo (Photo courtesy of the artist); Maestra JoAnn Falletta conducting in concert on February 15, 2015, 14:51:57 (Photo: <a href=\"https:\/\/www.joannfalletta.com\/press\/valentinesdayconcert065.jpg\" target=\"_blank\" rel=\"noopener\">David Adam Beloff<\/a>\/<a href=\"https:\/\/creativecommons.org\/licenses\/by-sa\/4.0\/deed.en\" target=\"_blank\" rel=\"noopener\">CC BY-SA 4.0 DEED<\/a>); Amici Chamber Ensemble (Photo courtesy of the artists)<\/figcaption><\/figure>\n<p>This is a list of concerts we are attending, wishing we could attend, or thinking about attending between Nov. 20 and Nov. 26, 2023. For more of what\u2019s happening around Toronto, visit our calendar <strong><a href=\"https:\/\/www.ludwig-van.com\/toronto\/events\/\" target=\"_blank\" rel=\"noopener\">here<\/a><\/strong>.<\/p>\n<h3>Theatre of Early Music\/Dido and Aeneas<\/h3>\n<p>Tuesday Nov. 21 and Wednesday Nov. 22 at 7:30 p.m. at Jeanne Lamon Hall. $45 (students $20)<\/p>\n<p>Theatre of Early Music joins U of T\u2019s Schola Cantorum in a dance-enhanced performance of Purcell\u2019s opera, with Sinead White and Alexander Dobson in the title roles. An appearance by Evelyn Hart is promised. Daniel Taylor is the conductor. Info <strong><a href=\"https:\/\/www.rcmusic.com\/events-and-performances\/tem-in-collaboration-with-schola-cantorum-present\" target=\"_blank\" rel=\"noopener\">here.<\/a><\/strong><\/p>\n<h3>Toronto Symphony Orchestra\/Emily D\u2019Angelo\/David Robertson<\/h3>\n<p>Wednesday Nov. 22 at 8 p.m., Friday Nov. 24 at 7:30 p.m. and Saturday Nov. 25 at 8 p.m. Roy Thomson Hall. $51+<\/p>\n<p>The <a href=\"https:\/\/www.ludwig-van.com\/toronto\/2023\/11\/03\/scoop-michael-tilson-thomas-replaced-david-robertson-upcoming-tso-performance\/\" target=\"_blank\" rel=\"noopener\">American conductor makes his TSO debut<\/a> as a substitute for the ailing Michael Tilson Thomas in Mahler\u2019s Fifth Symphony. Canadian mezzo-soprano (and Deutsche Grammophon recording artist) Emily D\u2019Angelo is heard in Berg\u2019s Seven Early Songs. Info <strong><a href=\"https:\/\/www.tso.ca\/concerts-and-events\/events\/mahlers-fifth\/\" target=\"_blank\" rel=\"noopener\">here<\/a><\/strong>.<\/p>\n<h3>Royal Conservatory Orchestra\/JoAnn Falletta\/Henry From<\/h3>\n<p>Friday, Nov. 24 at 8 p.m. Koerner Hall. $25+<\/p>\n<p>JoAnn Falletta, veteran music director of the Buffalo Philharmonic, leads a program of Roussel (Bacchus et Ariane Suite No. 2), Hindemith (Symphonic Metamorphosis of Themes by Carl Maria von Weber) and Brahms (Piano Concerto No. 1 with prizewinning RCM student Henry From as soloist). Read our <a href=\"https:\/\/www.ludwig-van.com\/toronto\/2023\/11\/13\/preview-multiple-grammy-winner-joann-falletta-conduct-royal-conservatory-orchestra\/\" target=\"_blank\" rel=\"noopener\">Preview here<\/a>; more info <strong><a href=\"https:\/\/www.rcmusic.com\/events-and-performances\/joann-falletta-conducts-the-royal-conservatory-orc\" target=\"_blank\" rel=\"noopener\">here.<\/a><\/strong><\/p>\n<h3>RCM\/Staatskapelle Berlin\/Giedr\u0117 \u0160lekyt\u0117<\/h3>\n<p>Saturday Nov. 25 at 8 p.m. and Sunday Nov. 26 at 3 p.m. Koerner Hall. $100+<\/p>\n<p>The <a href=\"https:\/\/www.ludwig-van.com\/toronto\/2023\/11\/17\/scoop-giedre-slekyte-make-north-american-debut-leading-staatskapelle-berlins-sold-koerner-hall-dates\/\" target=\"_blank\" rel=\"noopener\">up-and-coming Lithuanian conductor<\/a> steps in for Daniel Barenboim in a two-concert cycle of the Brahms Symphonies with the Staatskapelle Berlin (the orchestra of the Berlin State Opera). Said to be sold out, but you can always try. Info <strong><a href=\"https:\/\/www.rcmusic.com\/events-and-performances\/staatskapelle-berlin-with-daniel-barenboim-1\" target=\"_blank\" rel=\"noopener\">here<\/a><\/strong>.<\/p>\n<h3>Amici Chamber Ensemble\/Winds of Time<\/h3>\n<p>Sunday Nov. 26 at 3 p.m. Jeanne Lemon Hall. $30+<\/p>\n<p>The Amici are joined by woodwind extras (including two TSO principals) in a program of Mozart (Quintet for Piano and Winds in E flat K. 452), Poulenc (Sextet for Piano and Winds; Trio for Oboe, Bassoon and Piano) and Omar Daniel (a 1991 trio for flute, clarinet and cello). Info <strong><a href=\"https:\/\/www.rcmusic.com\/events-and-performances\/amici-chamber-ensemble-presents-winds-of-time\" target=\"_blank\" rel=\"noopener\">here<\/a><\/strong>.<\/p>\n<h3 class=\"western\"><em><b>#LUDWIGVAN<\/b><\/em><\/h3>\n<p class=\"western\"><em>Get the daily arts news straight to your inbox.<\/em><\/p>\n<h3 class=\"western\"><em>Sign up for the Ludwig Van Toronto e-Blast! \u2014 local classical music and opera news straight to your inbox <\/em><br \/>\n<a href=\"https:\/\/583e6ce0-dfd0-48be-8a33-61256b3c58e3.mlbtlr.com\/p2\/Fbd8jWoWQQ6CdBcLIvut3Q\/02E3cYaETqaj4Xm087cpSg?contactid=S3HHYfHY5rZv5f94S15MnA\" target=\"_blank\" rel=\"noopener\" data-saferedirecturl=\"https:\/\/www.google.com\/url?q=https:\/\/583e6ce0-dfd0-48be-8a33-61256b3c58e3.mlbtlr.com\/p2\/Fbd8jWoWQQ6CdBcLIvut3Q\/02E3cYaETqaj4Xm087cpSg?contactid%3DS3HHYfHY5rZv5f94S15MnA&amp;source=gmail&amp;ust=1695737525351000&amp;usg=AOvVaw0QTqKRwRJQFGK3KoJYigxX\">HERE<\/a>.<\/h3>\n","protected":false},"excerpt":{"rendered":"<p>Classical music and opera events in Toronto for the week of November 20 to 26, 2023. <\/p>\n","protected":false},"author":25,"featured_media":100447,"comment_status":"open","ping_status":"open","sticky":false,"template":"","format":"standard","meta":{"om_disable_all_campaigns":false,"jetpack_post_was_ever_published":false},"categories":[40430,74,76,19,875,3895,21,63],"tags":[258,40867,40905,40906,5937],"yst_prominent_words":[8965,7173,8345,12826,8544,6606,11881,12857],"acf":[],"jetpack_featured_media_url":"https:\/\/www.ludwig-van.com\/toronto\/wp-content\/uploads\/sites\/2\/2023\/11\/Copy-of-CRITICS-PICKS-23.jpg","jetpack_sharing_enabled":true,"jetpack_shortlink":"https:\/\/wp.me\/p9bakr-q84","amp_enabled":true,"_links":{"self":[{"href":"https:\/\/www.ludwig-van.com\/toronto\/wp-json\/wp\/v2\/posts\/100444"}],"collection":[{"href":"https:\/\/www.ludwig-van.com\/toronto\/wp-json\/wp\/v2\/posts"}],"about":[{"href":"https:\/\/www.ludwig-van.com\/toronto\/wp-json\/wp\/v2\/types\/post"}],"author":[{"embeddable":true,"href":"https:\/\/www.ludwig-van.com\/toronto\/wp-json\/wp\/v2\/users\/25"}],"replies":[{"embeddable":true,"href":"https:\/\/www.ludwig-van.com\/toronto\/wp-json\/wp\/v2\/comments?post=100444"}],"version-history":[{"count":3,"href":"https:\/\/www.ludwig-van.com\/toronto\/wp-json\/wp\/v2\/posts\/100444\/revisions"}],"predecessor-version":[{"id":100448,"href":"https:\/\/www.ludwig-van.com\/toronto\/wp-json\/wp\/v2\/posts\/100444\/revisions\/100448"}],"wp:featuredmedia":[{"embeddable":true,"href":"https:\/\/www.ludwig-van.com\/toronto\/wp-json\/wp\/v2\/media\/100447"}],"wp:attachment":[{"href":"https:\/\/www.ludwig-van.com\/toronto\/wp-json\/wp\/v2\/media?parent=100444"}],"wp:term":[{"taxonomy":"category","embeddable":true,"href":"https:\/\/www.ludwig-van.com\/toronto\/wp-json\/wp\/v2\/categories?post=100444"},{"taxonomy":"post_tag","embeddable":true,"href":"https:\/\/www.ludwig-van.com\/toronto\/wp-json\/wp\/v2\/tags?post=100444"},{"taxonomy":"yst_prominent_words","embeddable":true,"href":"https:\/\/www.ludwig-van.com\/toronto\/wp-json\/wp\/v2\/yst_prominent_words?post=100444"}],"curies":[{"name":"wp","href":"https:\/\/api.w.org\/{rel}","templated":true}]}}