{"id":100244,"date":"2023-11-07T13:05:06","date_gmt":"2023-11-07T18:05:06","guid":{"rendered":"https:\/\/www.ludwig-van.com\/toronto\/?p=100244"},"modified":"2023-11-07T13:05:06","modified_gmt":"2023-11-07T18:05:06","slug":"scrutiny-sir-andras-schiff-makes-stunning-return-koerner-hall","status":"publish","type":"post","link":"https:\/\/www.ludwig-van.com\/toronto\/2023\/11\/07\/scrutiny-sir-andras-schiff-makes-stunning-return-koerner-hall\/","title":{"rendered":"SCRUTINY | Sir Andr\u00e1s Schiff Makes A Stunning Return To Koerner Hall"},"content":{"rendered":"<figure id=\"attachment_100245\" aria-describedby=\"caption-attachment-100245\" style=\"width: 1200px\" class=\"wp-caption aligncenter\"><img decoding=\"async\" loading=\"lazy\" class=\"size-full wp-image-100245\" src=\"https:\/\/www.ludwig-van.com\/toronto\/wp-content\/uploads\/sites\/2\/2023\/11\/Copy-of-CRITICS-PICKS-14.jpg\" alt=\"Sir Andr\u00e1s Schiff (Photo: Royal Conservatory of Music\/Koerner Hall\/Lisa Sakulensky)\" width=\"1200\" height=\"628\" srcset=\"https:\/\/www.ludwig-van.com\/toronto\/wp-content\/uploads\/sites\/2\/2023\/11\/Copy-of-CRITICS-PICKS-14.jpg 1200w, https:\/\/www.ludwig-van.com\/toronto\/wp-content\/uploads\/sites\/2\/2023\/11\/Copy-of-CRITICS-PICKS-14-300x157.jpg 300w, https:\/\/www.ludwig-van.com\/toronto\/wp-content\/uploads\/sites\/2\/2023\/11\/Copy-of-CRITICS-PICKS-14-1024x536.jpg 1024w, https:\/\/www.ludwig-van.com\/toronto\/wp-content\/uploads\/sites\/2\/2023\/11\/Copy-of-CRITICS-PICKS-14-768x402.jpg 768w\" sizes=\"(max-width: 1200px) 100vw, 1200px\" \/><figcaption id=\"caption-attachment-100245\" class=\"wp-caption-text\">Sir Andr\u00e1s Schiff (Photo: Royal Conservatory of Music\/Koerner Hall\/Lisa Sakulensky)<\/figcaption><\/figure>\n<p><em><strong>Bach: Prelude &amp; Fugue in C Major; Capriccio in B Flat Major; Chromatic Fantasy and Fugue in D Minor; Haydn: Variations in F Minor; Schumann: Davidsb\u00fcndlert\u00e4nze; Mendelssohn: Variations s\u00e9rieuses; Beethoven: Sonata no. 17 &#8220;The Tempest&#8221;; Encore: Schubert: Hungarian Melody in B Minor. Sir Andr\u00e1s Schiff, Koerner Hall, November 5, 2023.<\/strong><\/em><\/p>\n<p>Brilliant. Mesmerizing. Idiosyncratic. Mercurial. Four adjectives that come easily to mind when describing the great Hungarian pianist Andras Schiff \u2014 oh yes, add <em>great<\/em> to the list. Having attended many of his recitals, I can honestly say a Sir Andras recital is never boring. He is now called Sir, as he is a knighted British citizen of Hungarian parentage.<\/p>\n<p>Schiff can be unpredictable. I was in the audience many years ago when he stunned everyone by walking off-stage in the middle, only to return with a bottle of water for a front-row gentleman whose coughing was bothering the pianist. Others have seen him telling the audience off for making too much noise or walking in and out.<\/p>\n<p>Thankfully, his return to Koerner Hall on Sunday was all sunshine and smiles. It was a full house, packed to the rafters including the choir loft and stage seats. Sold out concerts are rare in post-Pandemic times, and tickets for this concert were quite pricey. Yet there was no a seat to be had, a testament to his drawing power.<\/p>\n<p>There was zero programme information before the concert. I was expecting at least an insert, but there was absolutely nothing. It turned out that Schiff wanted to introduce each work to the audience \u2014 and I paraphrase: \u201c\u2026some people plan the programme two years in advance, very predictable\u2026I want spontaneity!\u201d At times, I felt like I was in a musicology course I took as an undergraduate!<\/p>\n<p>His first piece, the Bach Prelude and Fugue from the Well tempered Clavier Book 1, didn\u2019t have his customary refined expressivity and sheen. I thought to myself \u2014 hmmm, what\u2019s happening? It was foolish of me to worry, as he was just warming up. For the rest of the recital, it was vintage Andras Schiff. I was blown away by his Chromatic Fantasy and Fugue, played more romantically than I have ever heard.<\/p>\n<p>All in all, it was an extraordinarily generous programme of Bach, Haydn, Schumann, Mendelssohn, Beethoven and Schubert. After having played for nearly an hour in the first half, he announced his next piece was Schumann\u2019s Davidsb\u00fcndlert\u00e4nze. I thought he was just doing a selection, but he played all 30 minutes of it. The first half ending up nearly an hour and a half.<\/p>\n<p>The second half was a bit shorter, but just as marvellous, beginning with Mendelssohn, whom he called \u201cunderrated,\u201d an adjective he also applied to Haydn. He played Mendelssohn\u2019s Variations s\u00e9rieuses with clarity and economy, quite a contrast to the Chromatic Fantasy and Fugue. In fact, everything he did this afternoon was just exemplary \u2014 I was totally blown away by the Beethoven \u201cTempest\u201d sonata, a felicitous balance of power and lyricism. When Schiff is on, nobody can beat him.<\/p>\n<p>After such a huge programme, the grateful audience gave him tidal waves of ovations. He rewarded us with Schubert\u2019s Hungarian Melody in B Minor \u2014 including the little aside that \u201c\u2026Schubert was no Hungarian\u2026\u201d That said, he probably would agree that Schubert captures beautifully the folksy spirits of Hungarian Gypsies.<br \/>\nA marvellous end to a recital destined for the memory bank.<\/p>\n<p>Schiff has already played in Koerner Hall half a dozen times. Despite looking a bit superannuated both in appearance and body language, Schiff is only 69 and still at the height of his pianistic powers. Let\u2019s hope he\u2019ll continue to return for another half a dozen times at least, and entertain us with his brilliant artistry and inimitable stage persona.<\/p>\n<p><strong><em>Are you looking to promote an <a href=\"https:\/\/www.ludwig-van.com\/toronto\/advertising\/\" target=\"_blank\" rel=\"noopener\"><span style=\"color: #0e101a\"><u>event<\/u><\/span><\/a>? Have a\u00a0<a href=\"https:\/\/www.ludwig-van.com\/toronto\/masthead\/\" target=\"_blank\" rel=\"noopener\"><u>news tip<\/u><\/a>? Need to know the best\u00a0<a href=\"https:\/\/www.ludwig-van.com\/toronto\/events\/\" target=\"_blank\" rel=\"noopener\"><u>events<\/u><\/a>\u00a0happening this weekend? Send us a\u00a0<\/em><\/strong><a href=\"mailto:anya@ludwig-van.com?subject=Let's%20chat\" target=\"_blank\" rel=\"noopener\"><strong><em><u>note<\/u>.<\/em><\/strong><br \/>\n<\/a><\/p>\n<h3 class=\"western\"><em><b>#LUDWIGVAN<\/b><\/em><\/h3>\n<p class=\"western\"><em>Get the daily arts news straight to your inbox.<\/em><\/p>\n<h3 class=\"western\"><em>Sign up for the Ludwig Van Toronto e-Blast! \u2014 local classical music and opera news straight to your inbox <\/em><a href=\"https:\/\/583e6ce0-dfd0-48be-8a33-61256b3c58e3.mlbtlr.com\/p2\/Fbd8jWoWQQ6CdBcLIvut3Q\/02E3cYaETqaj4Xm087cpSg?contactid=S3HHYfHY5rZv5f94S15MnA\" target=\"_blank\" rel=\"noopener\" data-saferedirecturl=\"https:\/\/www.google.com\/url?q=https:\/\/583e6ce0-dfd0-48be-8a33-61256b3c58e3.mlbtlr.com\/p2\/Fbd8jWoWQQ6CdBcLIvut3Q\/02E3cYaETqaj4Xm087cpSg?contactid%3DS3HHYfHY5rZv5f94S15MnA&amp;source=gmail&amp;ust=1695737525351000&amp;usg=AOvVaw0QTqKRwRJQFGK3KoJYigxX\">HERE<\/a>.<\/h3>\n","protected":false},"excerpt":{"rendered":"<p>Brilliant. Mesmerizing. Idiosyncratic. Mercurial. Four adjectives that come easily to mind when describing the great Hungarian pianist Andras Schiff.<\/p>\n","protected":false},"author":22,"featured_media":100245,"comment_status":"open","ping_status":"open","sticky":false,"template":"","format":"standard","meta":{"om_disable_all_campaigns":false,"jetpack_post_was_ever_published":false},"categories":[40430,74,76,19,47,52,63],"tags":[1876,5938],"yst_prominent_words":[31427,18276,6606,36350,31428,31424],"acf":[],"jetpack_featured_media_url":"https:\/\/www.ludwig-van.com\/toronto\/wp-content\/uploads\/sites\/2\/2023\/11\/Copy-of-CRITICS-PICKS-14.jpg","jetpack_sharing_enabled":true,"jetpack_shortlink":"https:\/\/wp.me\/p9bakr-q4Q","amp_enabled":true,"_links":{"self":[{"href":"https:\/\/www.ludwig-van.com\/toronto\/wp-json\/wp\/v2\/posts\/100244"}],"collection":[{"href":"https:\/\/www.ludwig-van.com\/toronto\/wp-json\/wp\/v2\/posts"}],"about":[{"href":"https:\/\/www.ludwig-van.com\/toronto\/wp-json\/wp\/v2\/types\/post"}],"author":[{"embeddable":true,"href":"https:\/\/www.ludwig-van.com\/toronto\/wp-json\/wp\/v2\/users\/22"}],"replies":[{"embeddable":true,"href":"https:\/\/www.ludwig-van.com\/toronto\/wp-json\/wp\/v2\/comments?post=100244"}],"version-history":[{"count":1,"href":"https:\/\/www.ludwig-van.com\/toronto\/wp-json\/wp\/v2\/posts\/100244\/revisions"}],"predecessor-version":[{"id":100246,"href":"https:\/\/www.ludwig-van.com\/toronto\/wp-json\/wp\/v2\/posts\/100244\/revisions\/100246"}],"wp:featuredmedia":[{"embeddable":true,"href":"https:\/\/www.ludwig-van.com\/toronto\/wp-json\/wp\/v2\/media\/100245"}],"wp:attachment":[{"href":"https:\/\/www.ludwig-van.com\/toronto\/wp-json\/wp\/v2\/media?parent=100244"}],"wp:term":[{"taxonomy":"category","embeddable":true,"href":"https:\/\/www.ludwig-van.com\/toronto\/wp-json\/wp\/v2\/categories?post=100244"},{"taxonomy":"post_tag","embeddable":true,"href":"https:\/\/www.ludwig-van.com\/toronto\/wp-json\/wp\/v2\/tags?post=100244"},{"taxonomy":"yst_prominent_words","embeddable":true,"href":"https:\/\/www.ludwig-van.com\/toronto\/wp-json\/wp\/v2\/yst_prominent_words?post=100244"}],"curies":[{"name":"wp","href":"https:\/\/api.w.org\/{rel}","templated":true}]}}