{"id":100225,"date":"2023-11-05T20:53:50","date_gmt":"2023-11-06T01:53:50","guid":{"rendered":"https:\/\/www.ludwig-van.com\/toronto\/?p=100225"},"modified":"2023-11-05T20:53:50","modified_gmt":"2023-11-06T01:53:50","slug":"critics-picks-classical-music-events-absolutely-need-see-week-nov-6-nov-12","status":"publish","type":"post","link":"https:\/\/www.ludwig-van.com\/toronto\/2023\/11\/05\/critics-picks-classical-music-events-absolutely-need-see-week-nov-6-nov-12\/","title":{"rendered":"CRITIC\u2019S PICKS | Classical Music Events You Absolutely Need To See This Week: Nov. 6 \u2013 Nov. 12"},"content":{"rendered":"<figure id=\"attachment_100226\" aria-describedby=\"caption-attachment-100226\" style=\"width: 1200px\" class=\"wp-caption aligncenter\"><img decoding=\"async\" loading=\"lazy\" class=\"size-full wp-image-100226\" src=\"https:\/\/www.ludwig-van.com\/toronto\/wp-content\/uploads\/sites\/2\/2023\/11\/Copy-of-CRITICS-PICKS-13.jpg\" alt=\"L-R (clockwise): Sir Andrew Davis (Photo courtesy of the TSO); composer Cecilia Livingston (Photo courtesy of the artist); The Ligeti Quartet (Photo: Ed Miles)\" width=\"1200\" height=\"628\" srcset=\"https:\/\/www.ludwig-van.com\/toronto\/wp-content\/uploads\/sites\/2\/2023\/11\/Copy-of-CRITICS-PICKS-13.jpg 1200w, https:\/\/www.ludwig-van.com\/toronto\/wp-content\/uploads\/sites\/2\/2023\/11\/Copy-of-CRITICS-PICKS-13-300x157.jpg 300w, https:\/\/www.ludwig-van.com\/toronto\/wp-content\/uploads\/sites\/2\/2023\/11\/Copy-of-CRITICS-PICKS-13-1024x536.jpg 1024w, https:\/\/www.ludwig-van.com\/toronto\/wp-content\/uploads\/sites\/2\/2023\/11\/Copy-of-CRITICS-PICKS-13-768x402.jpg 768w\" sizes=\"(max-width: 1200px) 100vw, 1200px\" \/><figcaption id=\"caption-attachment-100226\" class=\"wp-caption-text\">L-R (clockwise): Sir Andrew Davis (Photo courtesy of the TSO); composer Cecilia Livingston (Photo courtesy of the artist); The Ligeti Quartet (Photo: Ed Miles)<\/figcaption><\/figure>\n<p>This is a list of concerts we are attending, wishing we could attend, or thinking about attending between Nov. 6 and Nov. 12, 2023. For more of what\u2019s happening around Toronto, visit our calendar <strong><a href=\"https:\/\/www.ludwig-van.com\/toronto\/events\/\" target=\"_blank\" rel=\"noopener\">here<\/a><\/strong>.<\/p>\n<h3>Tafelmusik\/Mods &amp; Rockers<\/h3>\n<p>Tuesday Nov. 7 at 8 p.m. El Mocambo (464 Spadina Ave.). $20\/$25 at the door<\/p>\n<p>Tafelmusik players in their Haus Musik incarnation join vocalist Alex Samaras in the famed road house with a program of baroqued-up pop hits including Petula Clark\u2019s \u201cDon\u2019t Sleep in the Subway,\u201d the Beatles\u2019s \u201cAcross the Universe\u201d and David Bowie\u2019s \u201cLife on Mars.\u201d Oldies by Henry Purcell and John Dowland are also promised. Info <strong><a href=\"https:\/\/tafelmusik.org\/concerts-events\/concerts\/haus-musik-nov\/\" target=\"_blank\" rel=\"noopener\">here<\/a><\/strong>.<\/p>\n<h3>Toronto Symphony Orchestra\/Faur\u00e9 Requiem<\/h3>\n<p>Wednesday Nov. 8, Thursday Nov. 9 and Saturday Nov. 11 at 8 p.m. Roy Thomson Hall. $42+<\/p>\n<p>Sir Andrew Davis returns to the TSO podium to lead the Amadeus Choir in Faur\u00e9\u2019s peaceful Requiem, programmed to coincide with Remembrance Day. Nardus Williams is the soprano soloist. The baritone, Ed Frazier Davis \u2014 the conductor\u2019s son and also a composer \u2014 contributes a nine-minute piece making its Canadian premiere. Mozart\u2019s Symphony No. 40 completes the program. Info <strong><a href=\"https:\/\/www.tso.ca\/concerts-and-events\/events\/sir-andrew-conducts-faures-requiem\/\" target=\"_blank\" rel=\"noopener\">here<\/a><\/strong>.<\/p>\n<h3>New Music Concerts\/Ligeti String Quartet<\/h3>\n<p>Thursday Nov. 9 at 8 p.m. St. George on the Grange (30 Stephanie St.). $30, seniors $22, students $13<\/p>\n<p>The British quartet honours the centennial of its namesake with performances of Ramifications (1968), the Po\u00e8me symphonique for 100 Metronomes (1962) and String Quartet No. 2 (1968), plus works by Ana Sokolovi\u0107, Nicole Liz\u00e9e and others. Info <strong><a href=\"https:\/\/www.newmusicconcerts.com\/concert\/ligeti-100-an-evening-with-the-ligeti-string-quartet\/\" target=\"_blank\" rel=\"noopener\">here<\/a><\/strong>.<\/p>\n<h3>Soundstreams\/The Bright Divide<\/h3>\n<p>Friday Nov. 10 at 7:30 p.m., Saturday Nov. 11 at 2 p.m. and 7:30 p.m. TD Music Hall (178 Victoria St.). $29+<\/p>\n<p>The contemporary collective mounts a double bill of Morton Feldman\u2019s 1971 minimalist classic Rothko Chapel (Steven Dann, viola) and a new work by Cecilia Livingston, also based on the paintings of Mark Rothko. There is a staging by Tim Albery. David Fallis conducts. Info <strong><a href=\"https:\/\/soundstreams.ca\/events\/the-bright-divide\/\" target=\"_blank\" rel=\"noopener\">here<\/a><\/strong>.<\/p>\n<h3>Music at Metropolitan\/Bach Cantatas<\/h3>\n<p>Sunday Nov. 12 at 3 p.m. Metropolitan United Church (56 Queen St. E.). $25<\/p>\n<p>Veteran bass-baritone Daniel Lichti takes the solo role in Bach\u2019s Cantatas No. 56 (Ich will den Kreuzstab gerne tragen) and No. 82 (Ich habe Genug). John Abberger, oboe. The choir and period chamber ensemble are led by Jonathan Oldengarm. Info <strong><a href=\"https:\/\/www.metunited.org\/events\/bach-cantatas-56-82-lichti-and-abberger\/2023-11-12\" target=\"_blank\" rel=\"noopener\">here<\/a><\/strong>.<\/p>\n<p><strong><em>Are you looking to promote an <a href=\"https:\/\/www.ludwig-van.com\/toronto\/advertising\/\" target=\"_blank\" rel=\"noopener\"><span style=\"color: #0e101a\"><u>event<\/u><\/span><\/a>? Have a\u00a0<a href=\"https:\/\/www.ludwig-van.com\/toronto\/masthead\/\" target=\"_blank\" rel=\"noopener\"><u>news tip<\/u><\/a>? Need to know the best\u00a0<a href=\"https:\/\/www.ludwig-van.com\/toronto\/events\/\" target=\"_blank\" rel=\"noopener\"><u>events<\/u><\/a>\u00a0happening this weekend? Send us a\u00a0<\/em><\/strong><a href=\"mailto:anya@ludwig-van.com?subject=Let's%20chat\" target=\"_blank\" rel=\"noopener\"><strong><em><u>note<\/u>.<\/em><\/strong><br \/>\n<\/a><\/p>\n<h3 class=\"western\"><em><b>#LUDWIGVAN<\/b><\/em><\/h3>\n<p class=\"western\"><em>Get the daily arts news straight to your inbox.<\/em><\/p>\n<h3 class=\"western\"><em>Sign up for the Ludwig Van Toronto e-Blast! \u2014 local classical music and opera news straight to your inbox <\/em><a href=\"https:\/\/583e6ce0-dfd0-48be-8a33-61256b3c58e3.mlbtlr.com\/p2\/Fbd8jWoWQQ6CdBcLIvut3Q\/02E3cYaETqaj4Xm087cpSg?contactid=S3HHYfHY5rZv5f94S15MnA\" target=\"_blank\" rel=\"noopener\" data-saferedirecturl=\"https:\/\/www.google.com\/url?q=https:\/\/583e6ce0-dfd0-48be-8a33-61256b3c58e3.mlbtlr.com\/p2\/Fbd8jWoWQQ6CdBcLIvut3Q\/02E3cYaETqaj4Xm087cpSg?contactid%3DS3HHYfHY5rZv5f94S15MnA&amp;source=gmail&amp;ust=1695737525351000&amp;usg=AOvVaw0QTqKRwRJQFGK3KoJYigxX\">HERE<\/a>.<\/h3>\n","protected":false},"excerpt":{"rendered":"<p>Classical music and opera events in Toronto for the week of November 6 to November 12, 2023.<\/p>\n","protected":false},"author":25,"featured_media":100226,"comment_status":"open","ping_status":"open","sticky":false,"template":"","format":"standard","meta":{"om_disable_all_campaigns":false,"jetpack_post_was_ever_published":false},"categories":[40430,74,76,18,19,3895,38,43,49,63],"tags":[4452,40868,3032],"yst_prominent_words":[7173,8345,6918,34127,6919,19763,6616,11881,10287,12857,6804,6915,6913,10132,7677],"acf":[],"jetpack_featured_media_url":"https:\/\/www.ludwig-van.com\/toronto\/wp-content\/uploads\/sites\/2\/2023\/11\/Copy-of-CRITICS-PICKS-13.jpg","jetpack_sharing_enabled":true,"jetpack_shortlink":"https:\/\/wp.me\/p9bakr-q4x","amp_enabled":true,"_links":{"self":[{"href":"https:\/\/www.ludwig-van.com\/toronto\/wp-json\/wp\/v2\/posts\/100225"}],"collection":[{"href":"https:\/\/www.ludwig-van.com\/toronto\/wp-json\/wp\/v2\/posts"}],"about":[{"href":"https:\/\/www.ludwig-van.com\/toronto\/wp-json\/wp\/v2\/types\/post"}],"author":[{"embeddable":true,"href":"https:\/\/www.ludwig-van.com\/toronto\/wp-json\/wp\/v2\/users\/25"}],"replies":[{"embeddable":true,"href":"https:\/\/www.ludwig-van.com\/toronto\/wp-json\/wp\/v2\/comments?post=100225"}],"version-history":[{"count":1,"href":"https:\/\/www.ludwig-van.com\/toronto\/wp-json\/wp\/v2\/posts\/100225\/revisions"}],"predecessor-version":[{"id":100227,"href":"https:\/\/www.ludwig-van.com\/toronto\/wp-json\/wp\/v2\/posts\/100225\/revisions\/100227"}],"wp:featuredmedia":[{"embeddable":true,"href":"https:\/\/www.ludwig-van.com\/toronto\/wp-json\/wp\/v2\/media\/100226"}],"wp:attachment":[{"href":"https:\/\/www.ludwig-van.com\/toronto\/wp-json\/wp\/v2\/media?parent=100225"}],"wp:term":[{"taxonomy":"category","embeddable":true,"href":"https:\/\/www.ludwig-van.com\/toronto\/wp-json\/wp\/v2\/categories?post=100225"},{"taxonomy":"post_tag","embeddable":true,"href":"https:\/\/www.ludwig-van.com\/toronto\/wp-json\/wp\/v2\/tags?post=100225"},{"taxonomy":"yst_prominent_words","embeddable":true,"href":"https:\/\/www.ludwig-van.com\/toronto\/wp-json\/wp\/v2\/yst_prominent_words?post=100225"}],"curies":[{"name":"wp","href":"https:\/\/api.w.org\/{rel}","templated":true}]}}