{"id":88,"name":"Denis-Daniel Boull\u00e9","url":"","description":"Enseignant en France, Denis-Daniel Boull\u00e9 a collabor\u00e9 \u00e0 des revues pour des chroniques socio-culturelles. Depuis 1996, il collabore r\u00e9guli\u00e8rement au magazine Fugues, en tant que chroniqueur, et journaliste sociopolitique, culturel (th\u00e9\u00e2tre, danse contemporaine, musique classique, arts visuels). Il a collabor\u00e9 aussi \u00e0 des dossiers sur le VIH. Son int\u00e9r\u00eat pour la musique classique n'est pas li\u00e9e \u00e0 une \u00e9poque particuli\u00e8re, ni \u00e0 quelques musiciens, Minavec peut-\u00eatre une pr\u00e9dilection pour les musiciens russes, pour le baroque, pour les quatuors \u00e0 cordes.","link":"https:\/\/www.ludwig-van.com\/montreal\/author\/denisdanielboulle\/","slug":"denisdanielboulle","avatar_urls":{"24":"https:\/\/secure.gravatar.com\/avatar\/3f18b6ea9986970a0ba6dbcb41b08368?s=24&d=mm&r=g","48":"https:\/\/secure.gravatar.com\/avatar\/3f18b6ea9986970a0ba6dbcb41b08368?s=48&d=mm&r=g","96":"https:\/\/secure.gravatar.com\/avatar\/3f18b6ea9986970a0ba6dbcb41b08368?s=96&d=mm&r=g"},"meta":[],"acf":[],"amp_review_panel_dismissed_for_template_mode":"","amp_dev_tools_enabled":false,"_links":{"self":[{"href":"https:\/\/www.ludwig-van.com\/montreal\/wp-json\/wp\/v2\/users\/88"}],"collection":[{"href":"https:\/\/www.ludwig-van.com\/montreal\/wp-json\/wp\/v2\/users"}]}}