{"id":86,"name":"Audrey Gauthier","url":"","description":"Audrey Gauthier s\u2019inscrit dans une volont\u00e9 de contribuer \u00e0 l\u2019\u00e9volution et \u00e0 la p\u00e9rennit\u00e9 de la culture et des arts au Qu\u00e9bec. Son but premier est de partager sa passion de la musique avec ceux qui l\u2019entourent, que ce soit en tant qu\u2019altiste au sein de l\u2019Orchestre Philharmonique des Musiciens de Montr\u00e9al depuis 2017, ou bien par son emploi \u00e0 la Place des Arts. Dipl\u00f4m\u00e9e en graphisme (France, 2004) et d\u00e9tentrice d\u2019un baccalaur\u00e9at en musique \u00e0 l\u2019Universit\u00e9 de Montr\u00e9al (2019), Audrey travaille sur plusieurs projets reli\u00e9s \u00e0 une bourse d'initiation \u00e0 la recherche (OICRM et P2M, 2019). Elle compl\u00e8te actuellement sa formation par le D.E.S.S. en m\u00e9diation de la musique et projette d\u2019int\u00e9grer un certificat en gestion d\u2019organisme culturel \u00e0 son parcours afin de concr\u00e9tiser son implication dans le rayonnement du milieu culturel qu\u00e9b\u00e9cois.","link":"https:\/\/www.ludwig-van.com\/montreal\/author\/audreygauthier\/","slug":"audreygauthier","avatar_urls":{"24":"https:\/\/secure.gravatar.com\/avatar\/7149a2e1024be402bac2e04d6e093d60?s=24&d=mm&r=g","48":"https:\/\/secure.gravatar.com\/avatar\/7149a2e1024be402bac2e04d6e093d60?s=48&d=mm&r=g","96":"https:\/\/secure.gravatar.com\/avatar\/7149a2e1024be402bac2e04d6e093d60?s=96&d=mm&r=g"},"meta":[],"acf":[],"amp_review_panel_dismissed_for_template_mode":"","amp_dev_tools_enabled":false,"_links":{"self":[{"href":"https:\/\/www.ludwig-van.com\/montreal\/wp-json\/wp\/v2\/users\/86"}],"collection":[{"href":"https:\/\/www.ludwig-van.com\/montreal\/wp-json\/wp\/v2\/users"}]}}