{"id":84,"name":"Thierry Clouette","url":"","description":"Titulaire d\u2019un baccalaur\u00e9at en musicologie \u00e0 l\u2019Universit\u00e9 de Montr\u00e9al et dipl\u00f4m\u00e9 du programme de musique traditionnelle du C\u00e9gep de Joliette en bouzouki irlandais, Thierry Clouette \u0153uvre au sein du trio trad \u00c9.T.\u00c9 depuis sa formation en 2015. Multi-instrumentiste, ses influences vari\u00e9es se refl\u00e8tent aussi au travers des nombreux projets auxquels ils participent tant devant le micro que derri\u00e8re la console, notamment avec le groupe Saligaude.","link":"https:\/\/www.ludwig-van.com\/montreal\/author\/thierryclouette\/","slug":"thierryclouette","avatar_urls":{"24":"https:\/\/secure.gravatar.com\/avatar\/f50b45f431e947b1bd2b9b33f05fa109?s=24&d=mm&r=g","48":"https:\/\/secure.gravatar.com\/avatar\/f50b45f431e947b1bd2b9b33f05fa109?s=48&d=mm&r=g","96":"https:\/\/secure.gravatar.com\/avatar\/f50b45f431e947b1bd2b9b33f05fa109?s=96&d=mm&r=g"},"meta":[],"acf":[],"amp_review_panel_dismissed_for_template_mode":"","amp_dev_tools_enabled":false,"_links":{"self":[{"href":"https:\/\/www.ludwig-van.com\/montreal\/wp-json\/wp\/v2\/users\/84"}],"collection":[{"href":"https:\/\/www.ludwig-van.com\/montreal\/wp-json\/wp\/v2\/users"}]}}