{"id":75,"name":"Emmanuel Bernier","url":"","description":"Emmanuel Bernier a \u00e9tudi\u00e9 au Conservatoire de musique et d\u2019art dramatique du Qu\u00e9bec, o\u00f9 il a obtenu un Prix avec distinction en orgue et un dipl\u00f4me d\u2019\u00e9tudes sup\u00e9rieures en chant. Il a \u00e9t\u00e9 collaborateur au quotidien Le Soleil et \u00e9crit r\u00e9guli\u00e8rement pour la revue L\u2019Op\u00e9ra et le site Bachtrack. Il effectue pr\u00e9sentement des \u00e9tudes de ma\u00eetrise en histoire \u00e0 l\u2019Universit\u00e9 Laval.","link":"https:\/\/www.ludwig-van.com\/montreal\/author\/emmanuelbernier\/","slug":"emmanuelbernier","avatar_urls":{"24":"https:\/\/secure.gravatar.com\/avatar\/1a65f17feb9869a796ab6d0eb86dbbe0?s=24&d=mm&r=g","48":"https:\/\/secure.gravatar.com\/avatar\/1a65f17feb9869a796ab6d0eb86dbbe0?s=48&d=mm&r=g","96":"https:\/\/secure.gravatar.com\/avatar\/1a65f17feb9869a796ab6d0eb86dbbe0?s=96&d=mm&r=g"},"meta":[],"acf":[],"amp_review_panel_dismissed_for_template_mode":"","amp_dev_tools_enabled":false,"_links":{"self":[{"href":"https:\/\/www.ludwig-van.com\/montreal\/wp-json\/wp\/v2\/users\/75"}],"collection":[{"href":"https:\/\/www.ludwig-van.com\/montreal\/wp-json\/wp\/v2\/users"}]}}