{"id":56,"name":"H\u00e9l\u00e8ne Dorion","url":"","description":"H\u00e9l\u00e8ne Dorion, \u00e9crivaine et po\u00e9tesse r\u00e9put\u00e9e, a \u00e9t\u00e9 la premi\u00e8re Qu\u00e9b\u00e9coise r\u00e9cipiendaire du prix de l'Acad\u00e9mie Mallarm\u00e9 en 2005. Elle s'est aussi m\u00e9rit\u00e9, entre autres, le prix du Gouverneur g\u00e9n\u00e9ral du Canada pour son livre de po\u00e9sie Ravir: les lieux.","link":"https:\/\/www.ludwig-van.com\/montreal\/author\/helenedorion\/","slug":"helenedorion","avatar_urls":{"24":"https:\/\/secure.gravatar.com\/avatar\/bfdf61cf7e063b8b9af09d8cdb1b3099?s=24&d=mm&r=g","48":"https:\/\/secure.gravatar.com\/avatar\/bfdf61cf7e063b8b9af09d8cdb1b3099?s=48&d=mm&r=g","96":"https:\/\/secure.gravatar.com\/avatar\/bfdf61cf7e063b8b9af09d8cdb1b3099?s=96&d=mm&r=g"},"meta":[],"acf":[],"amp_review_panel_dismissed_for_template_mode":"","amp_dev_tools_enabled":false,"_links":{"self":[{"href":"https:\/\/www.ludwig-van.com\/montreal\/wp-json\/wp\/v2\/users\/56"}],"collection":[{"href":"https:\/\/www.ludwig-van.com\/montreal\/wp-json\/wp\/v2\/users"}]}}