{"id":55,"name":"B\u00e9atrice Cadrin","url":"","description":"Passionn\u00e9e par l\u2019orchestre symphonique et par la m\u00e9diation de la musique, B\u00e9atrice est form\u00e9e en interpr\u00e9tation musicale (alto et direction d\u2019orchestre) au Conservatoire de musique de Qu\u00e9bec, \u00e0 l'Universit\u00e9 Laval et \u00e0 l'\u00c9cole sup\u00e9rieure de musique et de th\u00e9\u00e2tre de Hanovre (Allemagne). Elle d\u00e9tient aussi une ma\u00eetrise en musicologie de l\u2019Universit\u00e9 de Montr\u00e9al. Elle est r\u00e9guli\u00e8rement sollicit\u00e9e comme conseill\u00e8re musicale et assistante r\u00e9alisatrice pour des transmissions et captations de concerts des plus grands ensembles \u00e0 Montr\u00e9al et au Festival international de Lanaudi\u00e8re.","link":"https:\/\/www.ludwig-van.com\/montreal\/author\/beatricecadrin\/","slug":"beatricecadrin","avatar_urls":{"24":"https:\/\/secure.gravatar.com\/avatar\/637461b10e1269b79b1df72023384c7a?s=24&d=mm&r=g","48":"https:\/\/secure.gravatar.com\/avatar\/637461b10e1269b79b1df72023384c7a?s=48&d=mm&r=g","96":"https:\/\/secure.gravatar.com\/avatar\/637461b10e1269b79b1df72023384c7a?s=96&d=mm&r=g"},"meta":[],"acf":[],"amp_review_panel_dismissed_for_template_mode":"","amp_dev_tools_enabled":false,"_links":{"self":[{"href":"https:\/\/www.ludwig-van.com\/montreal\/wp-json\/wp\/v2\/users\/55"}],"collection":[{"href":"https:\/\/www.ludwig-van.com\/montreal\/wp-json\/wp\/v2\/users"}]}}