{"id":111,"name":"\u00c9ric Champagne","url":"","description":"Compositeur, mais aussi critique, chroniqueur, conf\u00e9rencier, enseignant et administrateur culturel, \u00c9ric Champagne \u0153uvre \u00e0 la d\u00e9mocratisation de la musique classique en g\u00e9n\u00e9rale et plus particuli\u00e8rement \u00e0 celle de la musique contemporaine. Sa musique est r\u00e9guli\u00e8rement interpr\u00e9t\u00e9e par des orchestres, ensembles et solistes tant au Qu\u00e9bec qu'au Canada, aux \u00c9tats-Unis et en Europe. On peut le lire dans plusieurs publications qu\u00e9b\u00e9coises sp\u00e9cialis\u00e9es aussi bien dans des textes musicologiques que dans des \u00e9crits de vulgarisation.","link":"https:\/\/www.ludwig-van.com\/montreal\/author\/ericchampagne\/","slug":"ericchampagne","avatar_urls":{"24":"https:\/\/secure.gravatar.com\/avatar\/4b50855ed3a4f5724a50a8fee5e26f06?s=24&d=mm&r=g","48":"https:\/\/secure.gravatar.com\/avatar\/4b50855ed3a4f5724a50a8fee5e26f06?s=48&d=mm&r=g","96":"https:\/\/secure.gravatar.com\/avatar\/4b50855ed3a4f5724a50a8fee5e26f06?s=96&d=mm&r=g"},"meta":[],"acf":[],"amp_review_panel_dismissed_for_template_mode":"","amp_dev_tools_enabled":false,"_links":{"self":[{"href":"https:\/\/www.ludwig-van.com\/montreal\/wp-json\/wp\/v2\/users\/111"}],"collection":[{"href":"https:\/\/www.ludwig-van.com\/montreal\/wp-json\/wp\/v2\/users"}]}}