{"id":42352,"count":1,"description":"","link":"https:\/\/www.ludwig-van.com\/montreal\/tag\/journee-de-lalbum-quebecois\/","name":"journ\u00e9e de l'album qu\u00e9b\u00e9cois","slug":"journee-de-lalbum-quebecois","taxonomy":"post_tag","meta":[],"_links":{"self":[{"href":"https:\/\/www.ludwig-van.com\/montreal\/wp-json\/wp\/v2\/tags\/42352"}],"collection":[{"href":"https:\/\/www.ludwig-van.com\/montreal\/wp-json\/wp\/v2\/tags"}],"about":[{"href":"https:\/\/www.ludwig-van.com\/montreal\/wp-json\/wp\/v2\/taxonomies\/post_tag"}],"wp:post_type":[{"href":"https:\/\/www.ludwig-van.com\/montreal\/wp-json\/wp\/v2\/posts?tags=42352"},{"href":"https:\/\/www.ludwig-van.com\/montreal\/wp-json\/wp\/v2\/tribe_events?tags=42352"}],"curies":[{"name":"wp","href":"https:\/\/api.w.org\/{rel}","templated":true}]}}