{"id":93039,"date":"2026-04-30T11:43:01","date_gmt":"2026-04-30T15:43:01","guid":{"rendered":"https:\/\/www.ludwig-van.com\/montreal\/?p=93039"},"modified":"2026-04-30T14:00:02","modified_gmt":"2026-04-30T18:00:02","slug":"entrevue-guillaume-cote-ambassadeur-de-levenement-benefice-de-lesbq-la-danse-cest-la-plus-belle-chose-au-monde","status":"publish","type":"post","link":"https:\/\/www.ludwig-van.com\/montreal\/2026\/04\/30\/entrevue-guillaume-cote-ambassadeur-de-levenement-benefice-de-lesbq-la-danse-cest-la-plus-belle-chose-au-monde\/","title":{"rendered":"ENTREVUE | Guillaume C\u00f4t\u00e9, ambassadeur de l&rsquo;\u00e9v\u00e9nement b\u00e9n\u00e9fice de l&rsquo;ESBQ : \u00ab\u00a0La danse, c&rsquo;est la plus belle chose au monde!\u00a0\u00bb"},"content":{"rendered":"<figure id=\"attachment_93037\" aria-describedby=\"caption-attachment-93037\" style=\"width: 1200px\" class=\"wp-caption aligncenter\"><img decoding=\"async\" loading=\"lazy\" class=\"size-full wp-image-93037\" src=\"https:\/\/www.ludwig-van.com\/montreal\/wp-content\/uploads\/sites\/3\/2026\/04\/Copie-de-ENTREVUE18.jpg\" alt=\"Guillaume C\u00f4t\u00e9 lors du lancement de saison des Grands Ballets (Photo : Sasha Onyshchenko)\" width=\"1200\" height=\"628\" srcset=\"https:\/\/www.ludwig-van.com\/montreal\/wp-content\/uploads\/sites\/3\/2026\/04\/Copie-de-ENTREVUE18.jpg 1200w, https:\/\/www.ludwig-van.com\/montreal\/wp-content\/uploads\/sites\/3\/2026\/04\/Copie-de-ENTREVUE18-300x157.jpg 300w, https:\/\/www.ludwig-van.com\/montreal\/wp-content\/uploads\/sites\/3\/2026\/04\/Copie-de-ENTREVUE18-1024x536.jpg 1024w, https:\/\/www.ludwig-van.com\/montreal\/wp-content\/uploads\/sites\/3\/2026\/04\/Copie-de-ENTREVUE18-768x402.jpg 768w\" sizes=\"(max-width: 1200px) 100vw, 1200px\" \/><figcaption id=\"caption-attachment-93037\" class=\"wp-caption-text\">Guillaume C\u00f4t\u00e9 lors du lancement de saison des Grands Ballets (Photo : Sasha Onyshchenko)<\/figcaption><\/figure>\n<p>La passion de <strong>Guillaume C\u00f4t\u00e9<\/strong> pour son art n&rsquo;a clairement pas diminu\u00e9 depuis sa retraite du <strong>Ballet national du Canada<\/strong> l&rsquo;an dernier. \u00ab\u00a0La danse, c&rsquo;est la plus belle chose au monde\u00a0\u00bb, affirme l&rsquo;ancien danseur principal, avec un enthousiasme si contagieux qu&rsquo;on n&rsquo;a pas os\u00e9 lui r\u00e9torquer que cette place revenait selon nous \u00e0 la musique &#8211; tout de m\u00eame talonn\u00e9e de pr\u00e8s par la danse! Ces deux formes d&rsquo;art de la sc\u00e8ne ont certainement en commun d&rsquo;exiger un entra\u00eenement physique et mental rigoureux afin d&rsquo;ex\u00e9cuter sous les regards attentifs du public des mouvements extr\u00eamement pr\u00e9cis, combinant technique ma\u00eetris\u00e9e et expressivit\u00e9 profonde. <strong>Guillaume C\u00f4t\u00e9<\/strong> conna\u00eet d&rsquo;exp\u00e9rience les effets d\u00e9l\u00e9t\u00e8res de cette recherche constante de perfection. C&rsquo;est pourquoi il a accept\u00e9 pour une deuxi\u00e8me ann\u00e9e d&rsquo;\u00eatre ambassadeur de l&rsquo;\u00e9v\u00e9nement-b\u00e9n\u00e9fice de l&rsquo;<strong>\u00c9cole sup\u00e9rieure de ballet du Qu\u00e9bec (ESBQ)<\/strong>, qui soutient le <strong>Fonds pour l&rsquo;excellence &#8211; Anik Bissonnette<\/strong> et le programme <strong>Danser en sant\u00e9<\/strong>.<\/p>\n<p>Comme l&rsquo;apprentissage d&rsquo;un instrument de musique, l&rsquo;\u00e9tude de la danse forme \u00ab\u00a0des gens tr\u00e8s complets, des jeunes allum\u00e9\u00b7e\u00b7s, avec de la discipline et de la rigueur. M\u00eame si ces personnes-l\u00e0 ne deviennent pas des professionnel\u00b7le\u00b7s de la danse, c&rsquo;est une formation qui leur donne des ailes pour autre chose.\u00a0\u00bb<\/p>\n<p>La passion\u00a0qui anime <strong>Guillaume C\u00f4t\u00e9<\/strong> est notable par les hauteurs vers lesquelles elle l&rsquo;a pouss\u00e9, mais elle n&rsquo;est pas pour autant unique : c&rsquo;est plut\u00f4t une condition <em>sine qua non<\/em> pour pers\u00e9v\u00e9rer dans ce cheminement exigeant. Emport\u00e9\u00b7e\u00b7s par l&rsquo;intensit\u00e9 de leur passion, les danseurs\u00b7euses courent cependant le risque de se d\u00e9penser sans compter, en venant \u00e0 outrepasser leurs limites. C&rsquo;est pourquoi l&rsquo;<strong>ESBQ<\/strong> s&rsquo;est pos\u00e9e en pr\u00e9curseure et a mis en place des mesures sophistiqu\u00e9es de soutien et d&rsquo;accompagnement s&rsquo;adressant autant aux dimensions mentale que physique des \u00e9l\u00e8ves en danse.<\/p>\n<p>\u00ab\u00a0C&rsquo;est tellement pr\u00e9cieux de savoir prendre soin de son statut physique et mental. Ce genre de programme n&rsquo;existait pas \u00e0 mon \u00e9poque\u00a0\u00bb, d\u00e9plore <strong>Guillaume C\u00f4t\u00e9<\/strong>. \u00ab\u00a0Quand j&rsquo;ai frapp\u00e9 un mur \u00e0 33 ans, je ne savais m\u00eame pas o\u00f9 aller chercher de l&rsquo;aide.\u00a0\u00bb<\/p>\n<p>Le danseur a bien retenu la le\u00e7on de cette p\u00e9riode sombre de sa carri\u00e8re : aujourd&rsquo;hui, il ne n\u00e9glige aucun aspect pour se maintenir au meilleur de sa forme physique, mentale et \u00e9motionnelle : \u00ab\u00a0J&rsquo;ai deux psys!\u00a0\u00bb, avoue-t-il dans un grand \u00e9clat de rire. \u00ab\u00a0Une pour l&rsquo;aspect carri\u00e8re et performance, l&rsquo;autre pour ma vie priv\u00e9e!\u00a0\u00bb Au niveau physique, les traitements de physioth\u00e9rapie et de massoth\u00e9rapie sont des parties int\u00e9grantes de son arsenal de soin. \u00ab\u00a0Quand on conna\u00eet les outils, on est plus apte \u00e0 faire les bons suivis. Il est primordial qu&rsquo;on fasse tout ce qu&rsquo;on peut pour aider les jeunes en formation.\u00a0\u00bb<\/p>\n<h3>Danser en sant\u00e9<\/h3>\n<p>La directrice artistique de l&rsquo;ESBQ <strong>Anik Bissonnette<\/strong> est du m\u00eame avis. Sur le site du programme, elle fait part que \u00ab\u00a0[r]ien ne me tient plus \u00e0 c\u0153ur que de prot\u00e9ger la sant\u00e9 physique et psychologique de ces athl\u00e8tes dans la fleur de l\u2019\u00e2ge, un enjeu de plus en plus criant dont j\u2019ai fait mon cheval de bataille ces derni\u00e8res ann\u00e9es. \u00bb<\/p>\n<p>L&rsquo;approche holistique de l&rsquo;<strong>ESBQ<\/strong> en a fait une r\u00e9f\u00e9rence au Canada et \u00e0 l&rsquo;international. Chaque ann\u00e9e, le programme <strong>Danser en sant\u00e9<\/strong> investit 75 000 $ dans des services soutenant la sant\u00e9 physique, mentale et \u00e9motionnelle des aspirants danseurs\u00b7euses. Ces services peuvent prendre la forme d&rsquo;ateliers sur la gestion du stress et de la performance, de programmes de saines habitudes de vie, de consultations personnalis\u00e9es, de cours de cuisine et ateliers de nutrition, d&rsquo;encadrement offert par une \u00e9quipe professionnelle sp\u00e9cialis\u00e9e en sant\u00e9 des danseurs et d&rsquo;acc\u00e8s \u00e0 un local d&rsquo;entra\u00eenement pour pr\u00e9venir les blessures.<\/p>\n<h3>Soir\u00e9e b\u00e9n\u00e9fice<\/h3>\n<p>La soir\u00e9e b\u00e9n\u00e9fice <em>Rencontrez l&rsquo;exceptionnel<\/em>, qui se tenait le 22 avril dernier, c\u00e9l\u00e9brait \u00e0 la fois le 60e anniversaire de l&rsquo;institution et la fin du parcours d&rsquo;\u00e9tudes des finissant\u00b7e\u00b7s de cette ann\u00e9e, qui ont fait la d\u00e9monstration de leurs habilet\u00e9s dans le spectacle <em>SOLO<\/em>. Reprenant la formule \u00e9prouv\u00e9e des ann\u00e9es pass\u00e9es, ce spectacle voyait chacun\u00b7e des neuf finissant\u00b7e\u00b7s pr\u00e9senter des num\u00e9ros en solo \u00e9labor\u00e9s en collaboration \u00e9troite avec un\u00b7e chor\u00e9graphe de leur choix.<\/p>\n<p>\u00ab\u00a0Ce processus collaboratif de cr\u00e9ation constitue une belle exp\u00e9rience que j&rsquo;aurais ador\u00e9e \u00e0 cet \u00e2ge-l\u00e0! \u00c7a m&rsquo;a touch\u00e9 l&rsquo;an dernier de voir les jeunes danseurs s&rsquo;approprier ce moment\u00a0\u00bb, s&rsquo;exclame <strong>Guillaume C\u00f4t\u00e9<\/strong>, qui se consacre lui-m\u00eame de plus en plus \u00e0 la chor\u00e9graphie :\u00a0<a href=\"https:\/\/www.placedesarts.com\/evenement\/ex-machina-cote-danse\" target=\"_blank\" rel=\"noopener\">sa version dans\u00e9e de <\/a><em>Hamlet, <\/em>\u00e9labor\u00e9e en collaboration avec <strong>Robert Lepage<\/strong>, reprend l&rsquo;affiche du 13 au 26 mai au Monument National, et les <strong>Grands Ballets<\/strong> pr\u00e9senteront en octobre prochain une autre <a href=\"https:\/\/grandsballets.com\/fr\/spectacles\/detail\/les-songes-d-une-nuit-d-ete\/\" target=\"_blank\" rel=\"noopener\">cr\u00e9ation inspir\u00e9e de Shakespeare, <em>Les songes d&rsquo;une nuit d&rsquo;\u00e9t\u00e9.<\/em><\/a><\/p>\n<p>En d\u00e9but de soir\u00e9e, l&rsquo;<strong>ESBQ<\/strong> a proc\u00e9d\u00e9 \u00e0 la remise du premier <strong>Prix de l&rsquo;exceptionnel<\/strong> \u00e0 la sc\u00e9nariste <strong>Florence Longpr\u00e9<\/strong> et au r\u00e9alisateur <strong>Guillaume Lonergan<\/strong>, en reconnaissance de leur contribution au rayonnement de la danse et de leur capacit\u00e9 \u00e0 r\u00e9v\u00e9ler, au petit \u00e9cran, toute la puissance \u00e9motionnelle du ballet. Le succ\u00e8s retentissant de leur s\u00e9rie <em>Empathie<\/em> et le r\u00f4le original qu&rsquo;y jouaient les danseurs\u00b7euses de l&rsquo;<strong>ESBQ<\/strong> ont en effet offert une vitrine inattendue au travail de l&rsquo;institution et \u00e0 la forme d&rsquo;expression artistique qui y est enseign\u00e9, mais \u00e9galement aux dangers de la pression exerc\u00e9e par les exigences du milieu.<\/p>\n<p>Un prix honorifique a \u00e9galement \u00e9t\u00e9 remis au d\u00e9fenseur des arts <strong>Pierre Goulet<\/strong>, soulignant son engagement infaillible envers l&rsquo;<strong>ESBQ<\/strong> depuis 17 ans.<\/p>\n<p>Pour en savoir plus sur le programme <strong>Danser en sant\u00e9<\/strong> du <strong>Fonds de l&rsquo;excellence &#8211; Anik Bissonnette<\/strong> et faire un don, il suffit de <a href=\"https:\/\/www.esbq.ca\/fr\/danser-en-sante\/\" target=\"_blank\" rel=\"noopener\">consulter la page<\/a> qui y est consacr\u00e9e sur le site de l&rsquo;<strong>ESBQ<\/strong>.<\/p>\n<h2><em>Inscrivez-vous \u00e0 notre infolettre! La musique classique et l\u2019op\u00e9ra en 5 minutes, chaque jour<\/em>\u00a0<a href=\"https:\/\/ludwig-van.us9.list-manage.com\/subscribe?u=4f785cb3f9058f2393ccad035&amp;id=b9b160c032\" target=\"_blank\" rel=\"noopener noreferrer\">ICI.<\/a><\/h2>\n","protected":false},"excerpt":{"rendered":"<p>Le danseur et chor\u00e9graphe Guillaume C\u00f4t\u00e9 conna\u00eet d&rsquo;exp\u00e9rience les exigences que posent l&rsquo;apprentissage de la danse sur le physique et le mental. C&rsquo;est pourquoi il a accept\u00e9 d&rsquo;\u00eatre pour une deuxi\u00e8me ann\u00e9e ambassadeur de l&rsquo;\u00e9v\u00e9nement-b\u00e9n\u00e9fice de l&rsquo;\u00c9cole sup\u00e9rieure de ballet du Qu\u00e9bec (ESBQ), qui soutient le Fonds pour l&rsquo;excellence &#8211; Anik Bissonnette et le programme Danser en sant\u00e9.<\/p>\n","protected":false},"author":55,"featured_media":93037,"comment_status":"open","ping_status":"open","sticky":false,"template":"","format":"standard","meta":{"om_disable_all_campaigns":false,"jetpack_post_was_ever_published":false},"categories":[42368,10998],"tags":[42369,42384],"yst_prominent_words":[11592,10008,11644,38942,39888,26176,26370],"acf":[],"jetpack_featured_media_url":"https:\/\/www.ludwig-van.com\/montreal\/wp-content\/uploads\/sites\/3\/2026\/04\/Copie-de-ENTREVUE18.jpg","jetpack_sharing_enabled":true,"jetpack_shortlink":"https:\/\/wp.me\/p9bdYt-ocD","amp_enabled":true,"_links":{"self":[{"href":"https:\/\/www.ludwig-van.com\/montreal\/wp-json\/wp\/v2\/posts\/93039"}],"collection":[{"href":"https:\/\/www.ludwig-van.com\/montreal\/wp-json\/wp\/v2\/posts"}],"about":[{"href":"https:\/\/www.ludwig-van.com\/montreal\/wp-json\/wp\/v2\/types\/post"}],"author":[{"embeddable":true,"href":"https:\/\/www.ludwig-van.com\/montreal\/wp-json\/wp\/v2\/users\/55"}],"replies":[{"embeddable":true,"href":"https:\/\/www.ludwig-van.com\/montreal\/wp-json\/wp\/v2\/comments?post=93039"}],"version-history":[{"count":3,"href":"https:\/\/www.ludwig-van.com\/montreal\/wp-json\/wp\/v2\/posts\/93039\/revisions"}],"predecessor-version":[{"id":93045,"href":"https:\/\/www.ludwig-van.com\/montreal\/wp-json\/wp\/v2\/posts\/93039\/revisions\/93045"}],"wp:featuredmedia":[{"embeddable":true,"href":"https:\/\/www.ludwig-van.com\/montreal\/wp-json\/wp\/v2\/media\/93037"}],"wp:attachment":[{"href":"https:\/\/www.ludwig-van.com\/montreal\/wp-json\/wp\/v2\/media?parent=93039"}],"wp:term":[{"taxonomy":"category","embeddable":true,"href":"https:\/\/www.ludwig-van.com\/montreal\/wp-json\/wp\/v2\/categories?post=93039"},{"taxonomy":"post_tag","embeddable":true,"href":"https:\/\/www.ludwig-van.com\/montreal\/wp-json\/wp\/v2\/tags?post=93039"},{"taxonomy":"yst_prominent_words","embeddable":true,"href":"https:\/\/www.ludwig-van.com\/montreal\/wp-json\/wp\/v2\/yst_prominent_words?post=93039"}],"curies":[{"name":"wp","href":"https:\/\/api.w.org\/{rel}","templated":true}]}}