{"id":93032,"date":"2026-05-01T17:40:29","date_gmt":"2026-05-01T21:40:29","guid":{"rendered":"https:\/\/www.ludwig-van.com\/montreal\/?p=93032"},"modified":"2026-05-01T18:11:43","modified_gmt":"2026-05-01T22:11:43","slug":"nouvelle-la-salle-bourgie-series-2026-2027","status":"publish","type":"post","link":"https:\/\/www.ludwig-van.com\/montreal\/2026\/05\/01\/nouvelle-la-salle-bourgie-series-2026-2027\/","title":{"rendered":"NOUVELLE | Les s\u00e9ries aussi l&rsquo;an prochain? Certainement : celles de la Salle Bourgie!"},"content":{"rendered":"<p><img decoding=\"async\" loading=\"lazy\" class=\"aligncenter size-full wp-image-93061\" src=\"https:\/\/www.ludwig-van.com\/montreal\/wp-content\/uploads\/sites\/3\/2026\/05\/Copie-de-NOUVELLE40.jpg\" alt=\"\" width=\"1200\" height=\"628\" srcset=\"https:\/\/www.ludwig-van.com\/montreal\/wp-content\/uploads\/sites\/3\/2026\/05\/Copie-de-NOUVELLE40.jpg 1200w, https:\/\/www.ludwig-van.com\/montreal\/wp-content\/uploads\/sites\/3\/2026\/05\/Copie-de-NOUVELLE40-300x157.jpg 300w, https:\/\/www.ludwig-van.com\/montreal\/wp-content\/uploads\/sites\/3\/2026\/05\/Copie-de-NOUVELLE40-1024x536.jpg 1024w, https:\/\/www.ludwig-van.com\/montreal\/wp-content\/uploads\/sites\/3\/2026\/05\/Copie-de-NOUVELLE40-768x402.jpg 768w\" sizes=\"(max-width: 1200px) 100vw, 1200px\" \/><\/p>\n<p>Mercredi soir, pendant qu&rsquo;une foule survolt\u00e9e v\u00eatue de rouge convergeait vers la place ext\u00e9rieure du Centre Bell, un public anim\u00e9 de passions aussi intenses, mais d\u00e9pourvu de jerseys, s&rsquo;assemblait \u00e0 la Salle Bourgie pour assister au d\u00e9voilement de la programmation 2026-2027. Apr\u00e8s une nouvelle saison exceptionnelle en 2025-2026, l&rsquo;\u00e9quipe de la Salle, dirig\u00e9e par<strong> Caroline Louis <\/strong>\u00e0 la direction g\u00e9n\u00e9rale et par <strong>Olivier Godin<\/strong> \u00e0 la direction artistique, mise sur le lien de confiance qu&rsquo;elle a forg\u00e9 avec son public et invite celui-ci \u00e0 se \u00ab\u00a0laisser surprendre\u00a0\u00bb.<\/p>\n<p>Toutes les grandes s\u00e9ries (il ne s&rsquo;agit pas ici de s\u00e9ries \u00e9liminatoires!) sont de retour, dont Pianistes d&rsquo;exception, Musique de chambre, Cordes \u00e0 l&rsquo;honneur, R\u00e9cital vocal, Guitare et luth, Musique contemporaine, Musique d&rsquo;ici et d&rsquo;ailleurs, et celles accueillant les Violons du Roy et les Musicien\u00b7ne\u00b7s de l&rsquo;OSM. L&rsquo;importante s\u00e9rie consacr\u00e9e \u00e0 l&rsquo;int\u00e9grale des lieder de Schubert se poursuit pour la troisi\u00e8me ann\u00e9e, ayant toujours comme objectif de culminer en 2028 \u00e0 l&rsquo;occasion du 200e anniversaire de son d\u00e9c\u00e8s. La s\u00e9rie consacr\u00e9e aux musiques ancienne et baroque a pris de l&rsquo;ampleur pour atteindre 14 concerts. La s\u00e9rie Jazz, r\u00e9cemment offerte uniquement en formule 5 \u00e0 7, ajoute en 2026-2027 trois rendez-vous en soir\u00e9e, tandis que les matinaux pr\u00e9f\u00e9reront les cinq Matin\u00e9es pr\u00e9sent\u00e9es \u00e0 11 h, offrant une programmation allant de Bach et Schubert \u00e0 Rachmaninov et Kurtag.<\/p>\n<p>\u00c0 ces s\u00e9ries r\u00e9guli\u00e8res s&rsquo;ajoutent trois festivals rendant hommage \u00e0 trois g\u00e9ants de la musique : <strong>Philip Glass<\/strong>, toujours prolifique \u00e0 90 ans; Pierre Mercure, remarquable pionnier de la musique et de la t\u00e9l\u00e9vision qu\u00e9b\u00e9coises qui aurait eu 100 ans; et l&rsquo;omnipr\u00e9sent Beethoven, dont le 200e anniversaire de d\u00e9c\u00e8s en 2027 pourra servir \u00e0 r\u00e9tablir la balance cosmique des c\u00e9l\u00e9brations annul\u00e9es de son 250e anniversaire en 2020.<\/p>\n<h3>De la musique ancienne et baroque pour encadrer la saison<\/h3>\n<p>La saison sera lanc\u00e9e par un groupe de musique ancienne venu de Suisse, le <strong>Concerto di Margherita<\/strong>. Sous le titre <em>L&rsquo;Amour aveugle<\/em>, les cinq instrumentistes-chanteurs\u00b7euses exploreront en musique les m\u00e9andres et les trahisons de l&rsquo;amour.<\/p>\n<p>Le point final de la saison sera pos\u00e9 par le r\u00e9put\u00e9 <strong>Concerto Italiano<\/strong>, avec <strong>Rinaldo Alessandrini<\/strong> au clavecin et \u00e0 la direction, avec un programme de transcriptions d&rsquo;\u0153uvres pour clavier de J. S. Bach.<\/p>\n<h3>S\u00e9rie Schubert<\/h3>\n<p>Apr\u00e8s le r\u00e9cital du baryton<strong>\u00a0Konstantin Krimmel<\/strong> avec le pianiste <strong>Ammiel Bushakevitz<\/strong>, ainsi que celui du grand sp\u00e9cialiste du lied <strong>Christian Immler<\/strong>, donn\u00e9 avec le pianiste <strong>Francis Perron<\/strong>, je me r\u00e9jouis que l&rsquo;Int\u00e9grale Schubert fasse une place \u00e0 l&rsquo;expressive mezzo-soprano <strong>Mireille Lebel<\/strong>, qui sera associ\u00e9e aux pianistes <strong>Jean Marchand<\/strong> et <strong>Olivier Godin<\/strong> pour un programme combinant Schubert et Reger. La s\u00e9rie se poursuivra avec <strong>Thomas Doli\u00e9<\/strong>, accompagn\u00e9 d&rsquo;<strong>Olivier Godin<\/strong>, et avec <strong>Marianne Lambert<\/strong>, accompagn\u00e9e de <strong>Jeff Cohen<\/strong>, avant de culminer avec une originale Schubertiade moderne imagin\u00e9e par <strong>Xavier<\/strong> <strong>Brossard-M\u00e9nard<\/strong> et l&rsquo;ensemble vocal <strong>Les Rugissants<\/strong>, en compagnie des solistes <strong>Jacqueline Woodley<\/strong> et <strong>Patricia Yates<\/strong>, ainsi que de <strong>Francis Perron<\/strong> au piano.<\/p>\n<h3>\u00c0 ne pas manquer : Gilles Vigneault mis en musique par Simon Leclerc<\/h3>\n<p>Une nouvelle collaboration avec le <strong>Festival international de la litt\u00e9rature<\/strong> (<strong>FIL<\/strong>) donnera lieu le 3 octobre \u00e0 un \u00e9v\u00e9nement unique et pr\u00e9cieux, alors que la Salle Bourgie accueillera <strong>Gilles Vigneault<\/strong>. Des \u00e9crits du v\u00e9n\u00e9rable po\u00e8te, dont certains in\u00e9dits, seront mis en valeur dans un cycle de lieder pour voix et piano compos\u00e9 par<strong> Simon Leclerc<\/strong> et confi\u00e9 aux talents d&rsquo;interpr\u00e8tes du baryton <strong>Hugo Laporte<\/strong> et du pianiste <strong>Olivier Godin<\/strong>. Cette rencontre musicale a le potentiel d&rsquo;\u00eatre aussi mythique que l&rsquo;extraordinaire soir\u00e9e offerte par<strong> Alanis Obomsawin<\/strong> et <strong>Jeremy Dutcher<\/strong> en janvier dernier.<\/p>\n<p>Ce projet s&rsquo;est trouv\u00e9 facilit\u00e9 par l&rsquo;amiti\u00e9 liant la directrice g\u00e9n\u00e9rale et artistique du FIL <strong>Michelle Corbeil<\/strong> et <strong>Gilles Vigneault<\/strong>. Sur un ton qui r\u00e9fl\u00e9tait l&rsquo;\u00e9moi v\u00e9cu, <strong>Olivier Godin<\/strong> a relat\u00e9 au public le privil\u00e8ge qu&rsquo;a eu la petite \u00e9quipe compos\u00e9e de <strong>Michelle Corbeil<\/strong>, de <strong>Simon Leclerc<\/strong> et de lui-m\u00eame d&rsquo;\u00eatre re\u00e7ue dans l&rsquo;atelier de <strong>Gilles Vigneault<\/strong> et de l&rsquo;entendre leur faire la lecture de ses plus r\u00e9cents po\u00e8mes.<\/p>\n<h3>Visites exceptionnelles<\/h3>\n<p>Au chapitre des visites exceptionnelles, le compositeur britannique<strong> George Benjamin<\/strong> sera pr\u00e9sent en personne pour prendre part \u00e0 la cr\u00e9ation canadienne de sa pi\u00e8ce pour piano quatre mains <em>Divisions<\/em>, qu&rsquo;il interpr\u00e8tera aux c\u00f4t\u00e9s de <strong>Pierre-Laurent Aimard<\/strong>. Ce dernier poursuivra avec deux autres pi\u00e8ces du compositeur ainsi que des \u0153uvres de Mozart, de Beethoven et de Ravel.<\/p>\n<p>Le Festival Philip Glass offre l&rsquo;occasion d&rsquo;accueillir deux collaborateurs \u00e9troits du compositeur am\u00e9ricain, le <strong>Quatuor Kronos<\/strong> dans un programme m\u00ealant quatuors embl\u00e9matiques, arrangements in\u00e9dits et pi\u00e8ces \u00e9crites sp\u00e9cialement pour l\u2019ensemble, et le contret\u00e9nor <strong>Anthony Roth Constanzo<\/strong>, qui, accompagn\u00e9 du pianiste <strong>Bryan Wagorn<\/strong>, chantera une s\u00e9lection d&rsquo;extraits d&rsquo;op\u00e9ras et de cycles vocaux du compositeur. La programmation du festival est compl\u00e9t\u00e9e par des prestations d&rsquo;<strong>\u00c9lisabeth Pion<\/strong> et des <strong>Violons du Roy<\/strong> sous la baguette de <strong>Thomas Le Duc-Moreau<\/strong> et des pianistes<strong> Louise Bessette<\/strong>, <strong>Janelle Fung<\/strong>, <strong>Olivier Godin<\/strong>, <strong>David Jalbert<\/strong> et <strong>Brigitte<\/strong> <strong>Poulin<\/strong>, qui se partageront l&rsquo;int\u00e9grale des <em>Vingt \u00e9tudes pour piano<\/em>.<\/p>\n<h3>Trio Thibaudet-Batiashvili-Capu\u00e7on<\/h3>\n<p>La Salle Bourgie s&rsquo;enorgueillit d&rsquo;accueillir en exclusivit\u00e9 le trio form\u00e9 du pianiste <strong>Jean-Yves Thibaudet<\/strong>, de la violoniste <strong>Lisa Batiashvili<\/strong> et du violoncelliste <strong>Gautier Capu\u00e7on<\/strong>, trois interpr\u00e8tes menant des carri\u00e8res internationales de haut niveau. Ils interpr\u00e9teront des trios avec piano de Chostakovitch, Debussy et Dvorak. Ce concert, d\u00e9j\u00e0 offert en pr\u00e9-vente, suscite un vif int\u00e9r\u00eat : il est pr\u00e9f\u00e9rable de ne pas trop tarder \u00e0 se procurer des billets!<\/p>\n<h3>Festival Pierre Mercure<\/h3>\n<p>Le <strong>Festival\/Nouvelles Musiques<\/strong> et la <strong>Soci\u00e9t\u00e9 de musique contemporaine du Qu\u00e9bec<\/strong> s&rsquo;associent \u00e0 la Salle Bourgie pour c\u00e9l\u00e9brer le centenaire de naissance de Pierre Mercure. Malgr\u00e9 une vie dramatiquement \u00e9court\u00e9e par un accident d&rsquo;auto, le compositeur et r\u00e9alisateur a laiss\u00e9 une influence durable sur la vie musicale qu\u00e9b\u00e9coise. Le 19 f\u00e9vrier, le <strong>Nouvel Ensemble moderne<\/strong> et des interpr\u00e8tes invit\u00e9\u00b7e\u00b7s feront entendre une s\u00e9lection des compositions musicales de Mercure, pr\u00e9c\u00e9d\u00e9e d&rsquo;une conf\u00e9rence explorant ses cr\u00e9ations au fil des diff\u00e9rentes \u00e9tapes de sa carri\u00e8re. Le lendemain, c&rsquo;est son travail \u00e0 l&rsquo;\u00e9cran qui est mis de l&rsquo;avant, avec la projection au Cin\u00e9ma du Mus\u00e9e de deux \u00e9missions de <em>L&rsquo;heure du<\/em> <em>concert<\/em>, auxquelles Mercure a contribu\u00e9 \u00e0 diff\u00e9rents titres, ainsi que du court-m\u00e9trage <em>La forme des choses<\/em>, pour lequel il a compos\u00e9 la musique.<\/p>\n<p>Le troisi\u00e8me et dernier soir donnera une occasion unique d&rsquo;entendre les \u0153uvres \u00e9lectroacoustiques de Mercure <em>Incandescence<\/em> et <em>Manipulations<\/em>, ensuite de quoi le quatuor d&rsquo;improvisation <strong>Theresa Transistor<\/strong> se lancera dans un <em>remix<\/em> \u00e0 partir d&rsquo;archives sonores, de fragments et d&rsquo;extraits d&rsquo;\u0153uvres du compositeur.<\/p>\n<h3>Prestations musicales<\/h3>\n<p>Trois prestations musicales ont agr\u00e9ment\u00e9 la pr\u00e9sentation de la nouvelle saison lors de l&rsquo;\u00e9v\u00e9nement de mercredi. La soprano <strong>Anna-Sophie Neher<\/strong> et la claveciniste <strong>M\u00e9lisande McNabney<\/strong> ont fait d\u00e9couvrir au public un extrait de la cantate profane <em>Il Delirio amoroso<\/em> de Handel, qu&rsquo;elles intepr\u00e9teront au complet avec leurs coll\u00e8gues du groupe <strong>Les Ondes<\/strong> le 28 f\u00e9vrier prochain. Plus tard, les membres du <strong>Masmoudi<\/strong> <strong>Quartette<\/strong> sont venus pr\u00e9senter un extait de leur spectacle <em>Vibrations universelles<\/em>, pr\u00e9vu le 6 novembre, et la pr\u00e9sentation s&rsquo;est cl\u00f4t par la pi\u00e8ce <em>Birdsong<\/em> de Paul Motlan interpr\u00e9t\u00e9e par le trio <strong>BR3<\/strong>, en anticipation de leur spectacle<em> Hommage \u00e0 Paul Motlan<\/em> pr\u00e9sent\u00e9 le 6 mai.<\/p>\n<h3>Abonnements et billets<\/h3>\n<p>La billetterie est ouverte d\u00e8s maintenant. Des rabais croissants sont offerts \u00e0 l&rsquo;achat de trois, cinq et sept concerts tandis que les billets individuels sont offerts en trois niveaux de prix, r\u00e9gulier, membre du Mus\u00e9e et 34 ans et moins.<\/p>\n<p>L&rsquo;ensemble de l&rsquo;offre de concerts de la saison peut \u00eatre explor\u00e9 <a href=\"https:\/\/www.mbam.qc.ca\/fr\/salle-bourgie\/les-series\/?utm_source=D%C3%A9voilement_26-27_FR&amp;utm_campaign=b854b69700-FR_29-04-25_Lancement_SAISON+25-26_COPY_01&amp;utm_medium=email&amp;utm_term=0_-b0362ae380-381441654\" target=\"_blank\" rel=\"noopener\">ici<\/a>.<\/p>\n<h2><em>Inscrivez-vous \u00e0 notre infolettre! La musique classique et l\u2019op\u00e9ra en 5 minutes, chaque jour<\/em> <a href=\"https:\/\/ludwig-van.us9.list-manage.com\/subscribe?u=4f785cb3f9058f2393ccad035&amp;id=b9b160c032\" target=\"_blank\" rel=\"noopener noreferrer\">ICI.<\/a><\/h2>\n","protected":false},"excerpt":{"rendered":"<p>Mercredi soir, pendant qu&rsquo;une foule survolt\u00e9e v\u00eatue de rouge convergeait vers la place ext\u00e9rieure du Centre Bell, un public anim\u00e9 de passions aussi intenses, mais d\u00e9pourvu de jerseys, s&rsquo;assemblait \u00e0 la Salle Bourgie pour assister au d\u00e9voilement de la programmation 2026-2027. L&rsquo;\u00e9quipe de la Salle, dirig\u00e9e par Caroline Jean \u00e0 la direction g\u00e9n\u00e9rale et par Olivier Godin \u00e0 la direction artistique, mise sur le lien de confiance qu&rsquo;elle a forg\u00e9 avec son public et invite celui-ci \u00e0 se \u00ab\u00a0laisser surprendre\u00a0\u00bb.<\/p>\n","protected":false},"author":55,"featured_media":93061,"comment_status":"open","ping_status":"open","sticky":false,"template":"","format":"standard","meta":{"om_disable_all_campaigns":false,"jetpack_post_was_ever_published":false},"categories":[42368,10992],"tags":[42369,11137],"yst_prominent_words":[29438,25395,9811,10652,10213,11523,11520,19968,10546,9956,19386,9974],"acf":[],"jetpack_featured_media_url":"https:\/\/www.ludwig-van.com\/montreal\/wp-content\/uploads\/sites\/3\/2026\/05\/Copie-de-NOUVELLE40.jpg","jetpack_sharing_enabled":true,"jetpack_shortlink":"https:\/\/wp.me\/p9bdYt-ocw","amp_enabled":true,"_links":{"self":[{"href":"https:\/\/www.ludwig-van.com\/montreal\/wp-json\/wp\/v2\/posts\/93032"}],"collection":[{"href":"https:\/\/www.ludwig-van.com\/montreal\/wp-json\/wp\/v2\/posts"}],"about":[{"href":"https:\/\/www.ludwig-van.com\/montreal\/wp-json\/wp\/v2\/types\/post"}],"author":[{"embeddable":true,"href":"https:\/\/www.ludwig-van.com\/montreal\/wp-json\/wp\/v2\/users\/55"}],"replies":[{"embeddable":true,"href":"https:\/\/www.ludwig-van.com\/montreal\/wp-json\/wp\/v2\/comments?post=93032"}],"version-history":[{"count":5,"href":"https:\/\/www.ludwig-van.com\/montreal\/wp-json\/wp\/v2\/posts\/93032\/revisions"}],"predecessor-version":[{"id":93063,"href":"https:\/\/www.ludwig-van.com\/montreal\/wp-json\/wp\/v2\/posts\/93032\/revisions\/93063"}],"wp:featuredmedia":[{"embeddable":true,"href":"https:\/\/www.ludwig-van.com\/montreal\/wp-json\/wp\/v2\/media\/93061"}],"wp:attachment":[{"href":"https:\/\/www.ludwig-van.com\/montreal\/wp-json\/wp\/v2\/media?parent=93032"}],"wp:term":[{"taxonomy":"category","embeddable":true,"href":"https:\/\/www.ludwig-van.com\/montreal\/wp-json\/wp\/v2\/categories?post=93032"},{"taxonomy":"post_tag","embeddable":true,"href":"https:\/\/www.ludwig-van.com\/montreal\/wp-json\/wp\/v2\/tags?post=93032"},{"taxonomy":"yst_prominent_words","embeddable":true,"href":"https:\/\/www.ludwig-van.com\/montreal\/wp-json\/wp\/v2\/yst_prominent_words?post=93032"}],"curies":[{"name":"wp","href":"https:\/\/api.w.org\/{rel}","templated":true}]}}