{"id":92996,"date":"2026-04-28T14:39:53","date_gmt":"2026-04-28T18:39:53","guid":{"rendered":"https:\/\/www.ludwig-van.com\/montreal\/?p=92996"},"modified":"2026-04-28T20:00:04","modified_gmt":"2026-04-29T00:00:04","slug":"nouvelle-en-2026-2027-yannick-nezet-seguin-et-lorchestre-metropolitain-renforcent-leurs-liens-avec-la-nature","status":"publish","type":"post","link":"https:\/\/www.ludwig-van.com\/montreal\/2026\/04\/28\/nouvelle-en-2026-2027-yannick-nezet-seguin-et-lorchestre-metropolitain-renforcent-leurs-liens-avec-la-nature\/","title":{"rendered":"NOUVELLE | En 2026-2027, Yannick-N\u00e9zet-S\u00e9guin et l&rsquo;Orchestre M\u00e9tropolitain renforcent leurs liens avec la nature"},"content":{"rendered":"<figure id=\"attachment_92999\" aria-describedby=\"caption-attachment-92999\" style=\"width: 1200px\" class=\"wp-caption aligncenter\"><img decoding=\"async\" loading=\"lazy\" class=\"size-full wp-image-92999\" src=\"https:\/\/www.ludwig-van.com\/montreal\/wp-content\/uploads\/sites\/3\/2026\/04\/Copie-de-CONCERTS25.jpg\" alt=\"Matilda Lloyd (Photo : courtoisie OM); Yannick N\u00e9zet-S\u00e9guin (Visuel de saison 2026-2027 courtoisie de l'OM); Antoine Tamestit (Photo : Julien Mignot)\" width=\"1200\" height=\"628\" srcset=\"https:\/\/www.ludwig-van.com\/montreal\/wp-content\/uploads\/sites\/3\/2026\/04\/Copie-de-CONCERTS25.jpg 1200w, https:\/\/www.ludwig-van.com\/montreal\/wp-content\/uploads\/sites\/3\/2026\/04\/Copie-de-CONCERTS25-300x157.jpg 300w, https:\/\/www.ludwig-van.com\/montreal\/wp-content\/uploads\/sites\/3\/2026\/04\/Copie-de-CONCERTS25-1024x536.jpg 1024w, https:\/\/www.ludwig-van.com\/montreal\/wp-content\/uploads\/sites\/3\/2026\/04\/Copie-de-CONCERTS25-768x402.jpg 768w\" sizes=\"(max-width: 1200px) 100vw, 1200px\" \/><figcaption id=\"caption-attachment-92999\" class=\"wp-caption-text\">Matilda Lloyd (Photo : courtoisie OM); Yannick N\u00e9zet-S\u00e9guin (Visuel de saison 2026-2027 courtoisie de l&rsquo;OM); Antoine Tamestit (Photo : Julien Mignot)<\/figcaption><\/figure>\n<p>L&rsquo;<strong>Orchestre M\u00e9tropolitain<\/strong> r\u00e9v\u00e8le la programmation de sa saison 2026-2027, qui met de l&rsquo;avant les liens \u00e9troits entre nature et humanit\u00e9 \u00e0 travers grandes \u0153uvres du r\u00e9pertoire, cr\u00e9ations canadiennes, d\u00e9couvertes inattendues et projets audacieux.<\/p>\n<p>Conform\u00e9ment \u00e0 la tradition qu&rsquo;il a instaur\u00e9e, l&rsquo;Orchestre lancera la saison par une \u0153uvre compos\u00e9e par une personne issue des Premi\u00e8res Nations, dans ce cas-ci la compositrice anishinaabekwe <strong>Barbara Assiginaak<\/strong>, et la cl\u00f4turera avec la cr\u00e9ation canadienne du <em>Dream Requiem<\/em> de <strong>Rufus Wainwright <\/strong>et la voix de la soprano <strong>Angel Blue<\/strong>.\u00a0Entre les deux, l&rsquo;<strong>OM<\/strong> accueillera solistes d&rsquo;ici et d&rsquo;ailleurs et chef\u00b7fe\u00b7s invit\u00e9\u00b7e\u00b7s.<strong> Yannick N\u00e9zet-S\u00e9guin<\/strong> dirigera \u00ab\u00a0son\u00a0\u00bb orchestre pour six programmes, dont deux repr\u00e9sentations en version concert de l&rsquo;op\u00e9ra <em>Le Chevalier \u00e0 la Rose <\/em>de Richard Strauss, une coproduction sp\u00e9ciale avec l&rsquo;Op\u00e9ra de Montr\u00e9al.<\/p>\n<p>Aditionnellement \u00e0 la cr\u00e9ation de la pi\u00e8ce de <strong>Barbara Assiginaak<\/strong>, intitul\u00e9e <em>Shpiming angokaae<\/em>, le concert d&rsquo;ouverture du 20 septembre verra l&rsquo;<strong>OM<\/strong> et le soliste invit\u00e9 <strong>Antoine Tamestit<\/strong> reprendre le <em>Concerto pour alto<\/em> de Walton, qu&rsquo;ils ont jou\u00e9 ensemble \u00e0 l&rsquo;\u00e9t\u00e9 2024 dans le cadre du <strong>Festival international du Domaine Forget<\/strong> (qui d\u00e9voile incidemment sa programmation de l&rsquo;\u00e9t\u00e9 2026 \u00e9galement aujourd&rsquo;hui). Les sopranos et altos du <strong>Ch\u0153ur M\u00e9tropolitain<\/strong>, pr\u00e9par\u00e9es par les chef\u00b7fe\u00b7s de ch\u0153ur <strong>Julie Dufresne<\/strong> et <strong>Pierre Tourville<\/strong>, seront \u00e9galement de la partie pour <em>Les Plan\u00e8tes<\/em> de Holst, pr\u00e9sent\u00e9 en deuxi\u00e8me partie.<\/p>\n<p>D&rsquo;autres commandes pass\u00e9es par l&rsquo;<strong>OM<\/strong> \u00e0 des compositeurs\u00b7ices qu\u00e9b\u00e9cois\u00b7es et canadien\u00b7ne\u00b7s trouvent leur place dans les programmes de cette saison : les pi\u00e8ces <em>Strata<\/em> de <strong>Keiko Devaux<\/strong> et <em>Orbital<\/em> d&rsquo;<strong>Ian<\/strong> <strong>Cusson<\/strong> seront cr\u00e9\u00e9es en f\u00e9vrier sous la direction de <strong>Simon Rivard<\/strong> lors d&rsquo;un concert \u00e0 la th\u00e9matique pastorale. Plus t\u00f4t dans la saison, le th\u00e8me de la mise en valeur de la nature aura \u00e9t\u00e9 explor\u00e9 visuellement et musicalement lors de la projection en grande premi\u00e8re du film <em>Symphonie du vivant<\/em>, r\u00e9alis\u00e9 par <strong>Marie-Julie Dallaire<\/strong>. La trame sonore compos\u00e9e par <strong>Ana\u00efs Larocque<\/strong> et orchestr\u00e9e par <strong>Fran\u00e7ois Valli\u00e8res<\/strong> sera interpr\u00e9t\u00e9e en direct par l&rsquo;<strong>OM<\/strong> et <strong>Yannick N\u00e9zet-S\u00e9guin<\/strong> lors de l&rsquo;\u00e9v\u00e9nement du 1er novembre.<\/p>\n<p>L&rsquo;<strong>OM<\/strong> continue de valoriser l&rsquo;\u00e9quit\u00e9 et la repr\u00e9sentativit\u00e9, accordant une place \u00e9quitable aux cheffes et compositrices f\u00e9minines. En 2026-2027, <strong>Anna Su\u0142kowska-Migo\u0144<\/strong>, <strong>Keri-Lynn Wilson<\/strong>, <strong>Stephanie Childress<\/strong> et l&rsquo;assistante-cheffe de l&rsquo;OM <strong>L\u00e9a Moisan-Perrier<\/strong> monteront sur le podium pour diriger des programmes mettant respectivement de l&rsquo;avant les solistes <strong>Gabriela Montero<\/strong> (dans le <em>Concerto pour piano no 1<\/em> de Chostakovitch, avec le trompettiste <strong>Antoine Mailloux<\/strong>), <strong>Sarah Dufresne<\/strong> (qui incarnera le personnage de Manon Lescaut dans des airs d&rsquo;Auber et de Massenet), <strong>Matilda Lloyd<\/strong> (dans le <em>Concerto pour trompette<\/em> de John Williams) et le <strong>Ch\u0153ur M\u00e9tropolitain<\/strong> (dans un concert de No\u00ebl hors s\u00e9rie pr\u00e9sent\u00e9 \u00e0 la Basilique Notre-Dame, ce qui n&#8217;emp\u00eachera pas l&rsquo;appr\u00e9ci\u00e9 concert <em>Des airs de f\u00eates<\/em>, dirig\u00e9 par <strong>Yannick N\u00e9zet-S\u00e9guin<\/strong> et rassemblant des artistes tels que <strong>Louis-Jean Cormier<\/strong>, <strong>Dominique Fils-Aim\u00e9<\/strong> et <strong>\u00c9lisabeth St-Gelais<\/strong>, d&rsquo;\u00eatre pr\u00e9sent\u00e9 \u00e0 la Maison symphonique moins de deux semaines plus tard). En plus des compositrices vivantes d\u00e9j\u00e0 nomm\u00e9es, auxquelles s&rsquo;ajoutent \u00e9galement <strong>Valerie Coleman<\/strong> et sa pi\u00e8ce <em>Umoja: Anthem of Unity<\/em>, le public aura l&rsquo;occasion de d\u00e9couvrir la <em>Symphonie no 2<\/em> de Gra\u017cyna Bacewicz et <em>D&rsquo;un soir triste<\/em> de Lili Boulanger.<\/p>\n<p>Apr\u00e8s une premi\u00e8re rencontre en novembre 2023 dict\u00e9e par les circonstances du tournage du film <em>Mesures fun\u00e8bres<\/em> de <strong>Sofia Bohdanowicz<\/strong>, la violoniste <strong>Mar\u00eda Due\u00f1as<\/strong> revient interpr\u00e9ter le <strong>Concerto pour violon no 3<\/strong> de Saint-Saens, que l&rsquo;<strong>OM<\/strong> et <strong>Yannick N\u00e9zet-S\u00e9guin<\/strong> feront suivre de la <em>Symphonie no 1<\/em> de Sibelius. Le violoncelliste <strong>Edgar Moreau<\/strong> intepr\u00e9tera <em>Tout un monde lointain&#8230;<\/em> de Dutilleux lors d&rsquo;un concert dirig\u00e9 par <strong>Roderick Cox<\/strong>, et<strong> Louis Lortie<\/strong> pr\u00e9sentera son c\u00f4t\u00e9 mozartien dans le cadre d&rsquo;un concert consacr\u00e9 \u00e0 la vaste influence du classicisme viennois, plac\u00e9 sous la baguette de <strong>Louis Langr\u00e9e<\/strong>.<\/p>\n<p>Les familles appr\u00e9cieront le concert<em> Dr\u00f4lemement D\u00e9brouillards<\/em>, anim\u00e9 par <strong>Vikie Pedneault<\/strong>, et le <strong>Ch\u0153ur M\u00e9tropolitain\u00a0<\/strong>mettra \u00e0 l\u2019honneur la grande tradition vocale italienne dans <em>L&rsquo;Italie sacr\u00e9e de Vivaldi \u00e0 Puccini<\/em>.<\/p>\n<p>Les billets et abonnements sont dor\u00e9navant en vente <a href=\"https:\/\/orchestremetropolitain.com\/fr\/saisons\/2026-2027\/\" target=\"_blank\" rel=\"noopener\">sur le site de l&rsquo;OM<\/a>.<\/p>\n<h2><em>Inscrivez-vous \u00e0 notre infolettre! La musique classique et l\u2019op\u00e9ra en 5 minutes, chaque jour<\/em> <a href=\"https:\/\/ludwig-van.us9.list-manage.com\/subscribe?u=4f785cb3f9058f2393ccad035&amp;id=b9b160c032\" target=\"_blank\" rel=\"noopener noreferrer\">ICI<\/a>.<\/h2>\n","protected":false},"excerpt":{"rendered":"<p>L&rsquo;Orchestre M\u00e9tropolitain r\u00e9v\u00e8le la programmation de sa saison 2026-2027, qui met de l&rsquo;avant les liens \u00e9troits entre nature et humanit\u00e9 \u00e0 travers grandes \u0153uvres du r\u00e9pertoire, cr\u00e9ations canadiennes, d\u00e9couvertes inattendues et projets audacieux.<\/p>\n","protected":false},"author":55,"featured_media":92999,"comment_status":"open","ping_status":"open","sticky":false,"template":"","format":"standard","meta":{"om_disable_all_campaigns":false,"jetpack_post_was_ever_published":false},"categories":[42368,10992],"tags":[42369,2521,3627],"yst_prominent_words":[9934,9926,7202,7261,9837,9900,10058,11820,10546,11819,9899,9848],"acf":[],"jetpack_featured_media_url":"https:\/\/www.ludwig-van.com\/montreal\/wp-content\/uploads\/sites\/3\/2026\/04\/Copie-de-CONCERTS25.jpg","jetpack_sharing_enabled":true,"jetpack_shortlink":"https:\/\/wp.me\/p9bdYt-obW","amp_enabled":true,"_links":{"self":[{"href":"https:\/\/www.ludwig-van.com\/montreal\/wp-json\/wp\/v2\/posts\/92996"}],"collection":[{"href":"https:\/\/www.ludwig-van.com\/montreal\/wp-json\/wp\/v2\/posts"}],"about":[{"href":"https:\/\/www.ludwig-van.com\/montreal\/wp-json\/wp\/v2\/types\/post"}],"author":[{"embeddable":true,"href":"https:\/\/www.ludwig-van.com\/montreal\/wp-json\/wp\/v2\/users\/55"}],"replies":[{"embeddable":true,"href":"https:\/\/www.ludwig-van.com\/montreal\/wp-json\/wp\/v2\/comments?post=92996"}],"version-history":[{"count":4,"href":"https:\/\/www.ludwig-van.com\/montreal\/wp-json\/wp\/v2\/posts\/92996\/revisions"}],"predecessor-version":[{"id":93011,"href":"https:\/\/www.ludwig-van.com\/montreal\/wp-json\/wp\/v2\/posts\/92996\/revisions\/93011"}],"wp:featuredmedia":[{"embeddable":true,"href":"https:\/\/www.ludwig-van.com\/montreal\/wp-json\/wp\/v2\/media\/92999"}],"wp:attachment":[{"href":"https:\/\/www.ludwig-van.com\/montreal\/wp-json\/wp\/v2\/media?parent=92996"}],"wp:term":[{"taxonomy":"category","embeddable":true,"href":"https:\/\/www.ludwig-van.com\/montreal\/wp-json\/wp\/v2\/categories?post=92996"},{"taxonomy":"post_tag","embeddable":true,"href":"https:\/\/www.ludwig-van.com\/montreal\/wp-json\/wp\/v2\/tags?post=92996"},{"taxonomy":"yst_prominent_words","embeddable":true,"href":"https:\/\/www.ludwig-van.com\/montreal\/wp-json\/wp\/v2\/yst_prominent_words?post=92996"}],"curies":[{"name":"wp","href":"https:\/\/api.w.org\/{rel}","templated":true}]}}