{"id":92990,"date":"2026-04-28T16:55:55","date_gmt":"2026-04-28T20:55:55","guid":{"rendered":"https:\/\/www.ludwig-van.com\/montreal\/?p=92990"},"modified":"2026-04-28T17:16:35","modified_gmt":"2026-04-28T21:16:35","slug":"nouvelle-domaine-forget-beau-devant","status":"publish","type":"post","link":"https:\/\/www.ludwig-van.com\/montreal\/2026\/04\/28\/nouvelle-domaine-forget-beau-devant\/","title":{"rendered":"NOUVELLE | Il fera beau au Festival international du Domaine Forget cet \u00e9t\u00e9!"},"content":{"rendered":"<p><img decoding=\"async\" loading=\"lazy\" class=\"aligncenter size-full wp-image-93004\" src=\"https:\/\/www.ludwig-van.com\/montreal\/wp-content\/uploads\/sites\/3\/2026\/04\/Copie-de-NOUVELLE39.jpg\" alt=\"\" width=\"1200\" height=\"628\" srcset=\"https:\/\/www.ludwig-van.com\/montreal\/wp-content\/uploads\/sites\/3\/2026\/04\/Copie-de-NOUVELLE39.jpg 1200w, https:\/\/www.ludwig-van.com\/montreal\/wp-content\/uploads\/sites\/3\/2026\/04\/Copie-de-NOUVELLE39-300x157.jpg 300w, https:\/\/www.ludwig-van.com\/montreal\/wp-content\/uploads\/sites\/3\/2026\/04\/Copie-de-NOUVELLE39-1024x536.jpg 1024w, https:\/\/www.ludwig-van.com\/montreal\/wp-content\/uploads\/sites\/3\/2026\/04\/Copie-de-NOUVELLE39-768x402.jpg 768w\" sizes=\"(max-width: 1200px) 100vw, 1200px\" \/><\/p>\n<p>Le <strong>Festival international du Domaine Forget<\/strong> d\u00e9voile aujourd&rsquo;hui la programmation de sa 48e \u00e9dition, guid\u00e9e par le slogan \u00ab\u00a0Beau devant!\u00a0\u00bb Du 27 juin au 22 ao\u00fbt, formations orchestrales r\u00e9put\u00e9es, compagnies de danse et grands solistes venu\u00b7e\u00b7s d&rsquo;ici et d&rsquo;ailleurs agr\u00e9menteront de leur musique le site exceptionnel du Festival.<\/p>\n<p>Les impatient\u00b7e\u00b7s pourront se tourner vers la s\u00e9rie Pr\u00e9ludes \u00e0 l&rsquo;\u00e9t\u00e9, qui propose des concerts certaines vendredis et samedis de juin, en attendant que la saison ouvre officiellement le 27 juin par un concert c\u00e9l\u00e9brant le 30e anniversaire de la salle de concert. Les solistes <strong>Julien Beaudiment<\/strong> et <strong>Val\u00e9rie Milot<\/strong> se joignent aux <strong>Violons du Roy<\/strong> et \u00e0 <strong>Bernard Labadie<\/strong> pour interpr\u00e9ter un programme consacr\u00e9 \u00e0 Haydn et Mozart. Au fil de l&rsquo;\u00e9t\u00e9, d&rsquo;autres formations orchestrales feront la route jusqu&rsquo;\u00e0 St-Ir\u00e9n\u00e9e pour se produire dans la salle surplombant le fleuve Saint-Laurent, soit l&rsquo;<strong>Orchestre M\u00e9tropolitain<\/strong> et <strong>Yannick N\u00e9zet-S\u00e9guin<\/strong>, l&rsquo;<strong>Orchestre du Centre national des arts<\/strong> dirig\u00e9 par <strong>Kensho Watanabe<\/strong> et l&rsquo;<strong>Orchestre national des jeunes du Canada<\/strong> dirig\u00e9 par <strong>Daniel Bartholomew-Poyser<\/strong>.<\/p>\n<p>Les nombreux amateurs\u00b7ices de la tradition vocale britannique seront attir\u00e9\u00b7e\u00b7s par la pr\u00e9sence le 3 juillet de l&rsquo;ensemble vocal <strong>VOCES8<\/strong>, qui marque son 20e anniversaire par un parcours musical r\u00e9unissant des \u0153uvres\u00a0 ayant marqu\u00e9 son histoire, de Gregorio Allegri et Orlando Gibbons \u00e0 <strong>Arvo P\u00e4rt<\/strong> et <strong>Caroline Shaw<\/strong>. Un autre anniversaire sera soulign\u00e9 en concert le 8 ao\u00fbt, alors que le porte-parole du Festival, <strong>Marc Hervieux<\/strong>, soulignera ses 35 ans de carri\u00e8re en revisitant lui aussi ses grands succ\u00e8s, du r\u00e9peroire lyrique \u00e0 la chanson populaire.<\/p>\n<p>Parmi les interpr\u00e8tes d&rsquo;envergure, soulignons les noms d&rsquo;Emmanuel Pahud, Charles Richard-Hamelin, Benedetto Lupo, Veronika Eberle et C\u00e9lim\u00e8ne Daudet. Le Trio Hochelaga, pr\u00e9sent r\u00e9cemment sur la sc\u00e8ne de la Maison symphonique <a href=\"https:\/\/www.ludwig-van.com\/montreal\/2026\/04\/20\/critique-lom-celebre-hetu-et-la-musique-francaise\/\" target=\"_blank\" rel=\"noopener\">pour le Triple concerto de Jacques H\u00e9tu avec l&rsquo;Orchestre M\u00e9tropolitain<\/a>, s&rsquo;associe \u00e0 <strong>Luc Beaus\u00e9jour<\/strong> dans le r\u00f4le du professeur Th\u00e9ophile Dissonant pour pr\u00e9senter un voyage musical \u00e0 travers les \u00e9poques<\/p>\n<p>La guitare est \u00e0 l&rsquo;honneur le 4 juillet avec la Journ\u00e9e de la guitare et le r\u00e9cital <strong>Bach au Br\u00e9sil<\/strong> de <strong>Ga\u00eblle Solal<\/strong> et <strong>Jason Vieaux<\/strong>. La musique ancienne et baroque ont \u00e9galement leurs moments, d&rsquo;une part lors du concert de l&rsquo;ensemble<strong> La Bella Incognita<\/strong>, o\u00f9 airs de cours baroques et chansons fran\u00e7aises romantiques s&rsquo;entrem\u00ealeront, et d&rsquo;autre part, avec le concert <em>Bach \u00e9ternel<\/em>, comprenant entre autres chefs-d&rsquo;\u0153uvre du ma\u00eetre de Leipzig les <em>Concertos brandebourgeois no 3<\/em> et <em>no 6<\/em>.<\/p>\n<p>Le Festival propose ainsi des incursions dans le jazz, avec des artistes tels que <strong>Jane Monheit<\/strong>, qui revisite l\u2019univers de Cole Porter, et <strong>Kim Richardson<\/strong>, qui rend hommage \u00e0 Duke Ellington accompagn\u00e9e de l\u2019<strong>Orchestre national de Jazz de Montr\u00e9al<\/strong>.<\/p>\n<p>Une place de choix est toujours r\u00e9serv\u00e9e \u00e0 la danse. La compagnie <strong>Vias<\/strong> de <strong>Diana Le\u00f3n<\/strong> et <strong>Paco Ziel <\/strong>ainsi que les musicien\u00b7ne\u00b7s <strong>Chlo\u00e9 Dumoulin<\/strong> et <strong>Olivier Bergeron<\/strong> reprendront <a href=\"https:\/\/www.ludwig-van.com\/montreal\/2026\/03\/23\/entretien-tout-ce-quil-reste-ressentir-schubert-par-la-danse\/\" target=\"_blank\" rel=\"noopener\">leur spectacle <em>Tout ce qu&rsquo;il reste <\/em><\/a>sur la musique de Schubert, cr\u00e9\u00e9 il y a quelques semaines au Centre national des arts et \u00e0 la Salle Bourgie, tandis que la <strong>compagnie Virginie Brunelle<\/strong> pr\u00e9sentera <em>Sans quoi nous cr\u00e8verons<\/em>, d\u00e9crite comme une chor\u00e9graphie incisive et profond\u00e9ment humaine.<\/p>\n<p>Le Festival se terminera en crescendo avec trois concerts r\u00e9unissant<strong> Les Violons du Roy<\/strong>, le quintette \u00e0 vents <strong>Penta\u00e8dre<\/strong> et l&rsquo;<strong>Orchestre de chambre de l&rsquo;Acad\u00e9mie du Domaine Forget<\/strong> sous la direction des chefs . Le premier est intitul\u00e9 <em>Aux origines de la symphonie<\/em> et propose un r\u00e9pertoire constitu\u00e9 d&rsquo;\u0153uvres de Rameau, C.P.E Bach, Gossec et Haydn. Le deuxi\u00e8me, <em>Vienne \u00e9ternelle<\/em>, se concentre sur les trois repr\u00e9sentants indiscutables de l&rsquo;\u00e9cole classique viennoise, Haydn, Mozart et Beethoven. Finalement, la soprano <strong>Magali Simard-Gald\u00e8s<\/strong> et le t\u00e9nor P<strong>ierre Derhet<\/strong> se joindront aux effectifs d\u00e9j\u00e0 pour nomm\u00e9s pour le troisi\u00e8me et dernier concert, <em>Fleurs et<\/em> <em>couronnes<\/em>, dans un programme de musique principalement fran\u00e7aise.<\/p>\n<p>Les informations compl\u00e8tes et l&rsquo;acc\u00e8s \u00e0 la billetterie sont disponibles <a href=\"https:\/\/www.domaineforget.com\/programmation\/festival\/\" target=\"_blank\" rel=\"noopener\">sur le site du Domaine Forget<\/a>.<\/p>\n<h2><em>Inscrivez-vous \u00e0 notre infolettre! La musique classique et l\u2019op\u00e9ra en 5 minutes, chaque jour<\/em> \u00a0<a href=\"https:\/\/ludwig-van.us9.list-manage.com\/subscribe?u=4f785cb3f9058f2393ccad035&amp;id=b9b160c032\" target=\"_blank\" rel=\"noopener noreferrer\">ICI.<\/a><\/h2>\n","protected":false},"excerpt":{"rendered":"<p>Le Festival international du Domaine Forget d\u00e9voile aujourd&rsquo;hui la programmation de sa 48e \u00e9dition, guid\u00e9e par le slogan \u00ab\u00a0Beau devant!\u00a0\u00bb Du 27 juin au 22 ao\u00fbt, formations orchestrales r\u00e9put\u00e9es, compagnies de danse et grands solistes venu\u00b7e\u00b7s d&rsquo;ici et d&rsquo;ailleurs agr\u00e9menteront de leur musique le site exceptionnel du Festival.<\/p>\n","protected":false},"author":55,"featured_media":93004,"comment_status":"open","ping_status":"open","sticky":false,"template":"","format":"standard","meta":{"om_disable_all_campaigns":false,"jetpack_post_was_ever_published":false},"categories":[42368,10992],"tags":[42369,42226],"yst_prominent_words":[12085,12012,9960,22879,18266,7202,14337,14335,7412,14338,10117,17806,9811,20857,18267,10001,10710,9974],"acf":[],"jetpack_featured_media_url":"https:\/\/www.ludwig-van.com\/montreal\/wp-content\/uploads\/sites\/3\/2026\/04\/Copie-de-NOUVELLE39.jpg","jetpack_sharing_enabled":true,"jetpack_shortlink":"https:\/\/wp.me\/p9bdYt-obQ","amp_enabled":true,"_links":{"self":[{"href":"https:\/\/www.ludwig-van.com\/montreal\/wp-json\/wp\/v2\/posts\/92990"}],"collection":[{"href":"https:\/\/www.ludwig-van.com\/montreal\/wp-json\/wp\/v2\/posts"}],"about":[{"href":"https:\/\/www.ludwig-van.com\/montreal\/wp-json\/wp\/v2\/types\/post"}],"author":[{"embeddable":true,"href":"https:\/\/www.ludwig-van.com\/montreal\/wp-json\/wp\/v2\/users\/55"}],"replies":[{"embeddable":true,"href":"https:\/\/www.ludwig-van.com\/montreal\/wp-json\/wp\/v2\/comments?post=92990"}],"version-history":[{"count":5,"href":"https:\/\/www.ludwig-van.com\/montreal\/wp-json\/wp\/v2\/posts\/92990\/revisions"}],"predecessor-version":[{"id":93008,"href":"https:\/\/www.ludwig-van.com\/montreal\/wp-json\/wp\/v2\/posts\/92990\/revisions\/93008"}],"wp:featuredmedia":[{"embeddable":true,"href":"https:\/\/www.ludwig-van.com\/montreal\/wp-json\/wp\/v2\/media\/93004"}],"wp:attachment":[{"href":"https:\/\/www.ludwig-van.com\/montreal\/wp-json\/wp\/v2\/media?parent=92990"}],"wp:term":[{"taxonomy":"category","embeddable":true,"href":"https:\/\/www.ludwig-van.com\/montreal\/wp-json\/wp\/v2\/categories?post=92990"},{"taxonomy":"post_tag","embeddable":true,"href":"https:\/\/www.ludwig-van.com\/montreal\/wp-json\/wp\/v2\/tags?post=92990"},{"taxonomy":"yst_prominent_words","embeddable":true,"href":"https:\/\/www.ludwig-van.com\/montreal\/wp-json\/wp\/v2\/yst_prominent_words?post=92990"}],"curies":[{"name":"wp","href":"https:\/\/api.w.org\/{rel}","templated":true}]}}