{"id":92967,"date":"2026-04-27T13:43:26","date_gmt":"2026-04-27T17:43:26","guid":{"rendered":"https:\/\/www.ludwig-van.com\/montreal\/?p=92967"},"modified":"2026-04-27T20:00:03","modified_gmt":"2026-04-28T00:00:03","slug":"choix-de-la-redaction-les-duos-lhonneur","status":"publish","type":"post","link":"https:\/\/www.ludwig-van.com\/montreal\/2026\/04\/27\/choix-de-la-redaction-les-duos-lhonneur\/","title":{"rendered":"CHOIX DE LA R\u00c9DACTION | Les duos \u00e0 l&rsquo;honneur"},"content":{"rendered":"<p><i>Quand on est deux, \u00e7a va deux fois mieux!<\/i> Cette comptine que l\u2019on retrouve dans l\u2019un des \u00e9pisodes de Passe-Partout s\u2019applique parfaitement \u00e0 l\u2019offre musicale de cette semaine puisqu\u2019on y retrouve plusieurs duos. Duo de pianos, duo fl\u00fbte-harpe, duo chant-piano, duo saxophone-piano et m\u00eame, en extrapolant un peu, duo piano-orchestre. Seules quatre repr\u00e9sentations ne peuvent rentrer dans cette cat\u00e9gorie, soit un solo d\u2019orgue, un quatuor \u00e0 cordes (\u00e0 moins qu\u2019on appelle cela un duo de duo?), un ensemble de chant et les jeunes violonistes des Petits Violons. Par contre, la finale de cette m\u00eame comptine ne s\u2019applique certainement pas ici puisqu\u2019elle termine par <i>Et lorsqu\u2019on a fini, on est heureux!<\/i>, ce qui est vrai lorsqu\u2019on compl\u00e8te une t\u00e2che, mais beaucoup moins lorsqu\u2019il s\u2019agit de la fin d\u2019un concert qui nous a transport\u00e9\u00b7e\u00b7s!<\/p>\n<p>&nbsp;<\/p>\n<p><img decoding=\"async\" loading=\"lazy\" class=\"aligncenter size-full wp-image-92968\" src=\"https:\/\/www.ludwig-van.com\/montreal\/wp-content\/uploads\/sites\/3\/2026\/04\/Klavierduo_La_Fiammata\u00a9Daniel_Delang.jpg\" alt=\"\" width=\"1200\" height=\"847\" srcset=\"https:\/\/www.ludwig-van.com\/montreal\/wp-content\/uploads\/sites\/3\/2026\/04\/Klavierduo_La_Fiammata\u00a9Daniel_Delang.jpg 1200w, https:\/\/www.ludwig-van.com\/montreal\/wp-content\/uploads\/sites\/3\/2026\/04\/Klavierduo_La_Fiammata\u00a9Daniel_Delang-300x212.jpg 300w, https:\/\/www.ludwig-van.com\/montreal\/wp-content\/uploads\/sites\/3\/2026\/04\/Klavierduo_La_Fiammata\u00a9Daniel_Delang-1024x723.jpg 1024w, https:\/\/www.ludwig-van.com\/montreal\/wp-content\/uploads\/sites\/3\/2026\/04\/Klavierduo_La_Fiammata\u00a9Daniel_Delang-768x542.jpg 768w\" sizes=\"(max-width: 1200px) 100vw, 1200px\" \/><\/p>\n<h3>Duo La Fiammata<\/h3>\n<p>Le duo de pianistes <b>La Fiammata<\/b>, compos\u00e9 de <b>Linda Ruan<\/b> et de <b>Charissa Vandikas<\/b>, pr\u00e9sente un r\u00e9cital de piano quatre mains ce mercredi. Ce duo canadien form\u00e9 en 2015 s\u2019est rapidement d\u00e9marqu\u00e9 \u00e0 l\u2019international pour sa virtuosit\u00e9, gagnant plusieurs premiers prix \u00e0 des concours reconnus, lui permettant ainsi de se classer parmi les jeunes duos les plus prometteurs au monde. Les deux jeunes musiciennes interpr\u00e9teront quatre \u0153uvres des compositeurs\u00b7trices Rachmaninov, Schubert, Saint-Sa\u00ebns et C\u00e9cile Chaminade.<\/p>\n<p>LE 29 AVRIL, 12 H 15, PIANO NOBILE DE LA SALLE WILFRID-PELLETIER\u00a0 <a href=\"https:\/\/www.placedesarts.com\/evenement\/la-fiammata\" target=\"_blank\" rel=\"noopener\">D\u00c9TAILS ET BILLETS<\/a><\/p>\n<p>&nbsp;<\/p>\n<figure id=\"attachment_92969\" aria-describedby=\"caption-attachment-92969\" style=\"width: 1200px\" class=\"wp-caption aligncenter\"><img decoding=\"async\" loading=\"lazy\" class=\"size-full wp-image-92969\" src=\"https:\/\/www.ludwig-van.com\/montreal\/wp-content\/uploads\/sites\/3\/2026\/04\/Duo-Aster.jpg\" alt=\"Duo Aster (Photo : courtoisie JMC)\" width=\"1200\" height=\"675\" srcset=\"https:\/\/www.ludwig-van.com\/montreal\/wp-content\/uploads\/sites\/3\/2026\/04\/Duo-Aster.jpg 1200w, https:\/\/www.ludwig-van.com\/montreal\/wp-content\/uploads\/sites\/3\/2026\/04\/Duo-Aster-300x169.jpg 300w, https:\/\/www.ludwig-van.com\/montreal\/wp-content\/uploads\/sites\/3\/2026\/04\/Duo-Aster-1024x576.jpg 1024w, https:\/\/www.ludwig-van.com\/montreal\/wp-content\/uploads\/sites\/3\/2026\/04\/Duo-Aster-768x432.jpg 768w\" sizes=\"(max-width: 1200px) 100vw, 1200px\" \/><figcaption id=\"caption-attachment-92969\" class=\"wp-caption-text\">Duo Aster (Photo : courtoisie JMC)<\/figcaption><\/figure>\n<h3>JMC &#8211; <em>Cartes postales : D\u2019Isaac Albeniz \u00e0 John Williams<\/em><\/h3>\n<p>Le <b>Duo Aster<\/b> vous invite \u00e0 un voyage autour du monde \u00e0 diff\u00e9rentes \u00e9poques dans ce concert aux sonorit\u00e9s espagnoles, hell\u00e9niques et arabes. La saxophoniste <b>Clio Theodoridis<\/b> et le pianiste <b>Jonathan Nemtanu<\/b> poursuivent leur mission de mieux faire conna\u00eetre la beaut\u00e9 et la richesse sonore du saxophone classique accompagn\u00e9 de celles bien connues du piano en interpr\u00e9tant des \u0153uvres de Isaac Albeniz, <b>Alexis Ciesla<\/b> et Iturralde Pedro.<\/p>\n<p>LE 30 AVRIL, 19 H, SALLE JOSEPH-ROULEAU\u00a0 <a href=\"https:\/\/www.jmcanada.ca\/fr\/concerts\/cartes-postales\/?utm_source=Jeunesses+Musicales+Canada&amp;utm_campaign=8f5435a17c-EMAIL_CAMPAIGN_2023_10_18_03_58_COPY_01&amp;utm_medium=email&amp;utm_term=0_-0b057601e2-576017121\" target=\"_blank\" rel=\"noopener\">D\u00c9TAILS ET BILLETS<\/a><\/p>\n<p>&nbsp;<\/p>\n<figure id=\"attachment_92970\" aria-describedby=\"caption-attachment-92970\" style=\"width: 1200px\" class=\"wp-caption aligncenter\"><img decoding=\"async\" loading=\"lazy\" class=\"size-full wp-image-92970\" src=\"https:\/\/www.ludwig-van.com\/montreal\/wp-content\/uploads\/sites\/3\/2026\/04\/Simone-Young_Klaus_Lefebvre.jpg\" alt=\"Simone Young (Photo : Klaus Lefebvre)\" width=\"1200\" height=\"800\" srcset=\"https:\/\/www.ludwig-van.com\/montreal\/wp-content\/uploads\/sites\/3\/2026\/04\/Simone-Young_Klaus_Lefebvre.jpg 1200w, https:\/\/www.ludwig-van.com\/montreal\/wp-content\/uploads\/sites\/3\/2026\/04\/Simone-Young_Klaus_Lefebvre-300x200.jpg 300w, https:\/\/www.ludwig-van.com\/montreal\/wp-content\/uploads\/sites\/3\/2026\/04\/Simone-Young_Klaus_Lefebvre-1024x683.jpg 1024w, https:\/\/www.ludwig-van.com\/montreal\/wp-content\/uploads\/sites\/3\/2026\/04\/Simone-Young_Klaus_Lefebvre-768x512.jpg 768w\" sizes=\"(max-width: 1200px) 100vw, 1200px\" \/><figcaption id=\"caption-attachment-92970\" class=\"wp-caption-text\">Simone Young (Photo : Klaus Lefebvre)<\/figcaption><\/figure>\n<h3>OSM &#8211; <em>Le romantisme selon Chopin et Brahms<\/em><\/h3>\n<p>L\u2019<b>Orchestre symphonique de Montr\u00e9al<\/b> s\u2019alliera \u00e0 la pianiste <b>Yulianna Avdeeva<\/b> pour interpr\u00e9ter toute la po\u00e9sie du <i>Concerto pour piano et orchestre no 1<\/i> de Chopin ces jeudi et samedi. La cheffe d&rsquo;orchestre d&rsquo;origine australienne <b>Simone Young\u00a0<\/b>sera au pupitre. Active depuis plus de 40 ans, <strong>Simone Young<\/strong> s&rsquo;est b\u00e2ti une carri\u00e8re importante en Allemagne, o\u00f9 elle a entre autres \u00e9t\u00e9 directrice musicale de l&rsquo;Op\u00e9ra d&rsquo;\u00c9tat de Hambourg pendant dix ans. De retour dans son pays natal, elle est pr\u00e9sentement cheffe principale de l&rsquo;<strong>Orchestre symphonique de Sydney<\/strong>. Sous sa direction, l&rsquo;<strong>OSM<\/strong> interpr\u00e9tera en deuxi\u00e8me partie l\u2019orchestration de Schoenberg du <i>Quatuor pour piano et cordes no 1<\/i> de Brahms. Un moment tout en romantisme, tant par la richesse harmonique du Brahms que par la grande finesse rythmique du Chopin.<\/p>\n<p>LE 30 AVRIL, 19 H 30 ET LE 2 MAI, 14 H 30, MAISON SYMPHONIQUE\u00a0 <a href=\"https:\/\/www.osm.ca\/fr\/concert\/le-romantisme-selon-chopin-et-brahms\/?date=2026-04-30+19:30:00\" target=\"_blank\" rel=\"noopener\">D\u00c9TAILS ET BILLETS<\/a><\/p>\n<p>&nbsp;<\/p>\n<figure id=\"attachment_92971\" aria-describedby=\"caption-attachment-92971\" style=\"width: 1200px\" class=\"wp-caption aligncenter\"><img decoding=\"async\" loading=\"lazy\" class=\"size-full wp-image-92971\" src=\"https:\/\/www.ludwig-van.com\/montreal\/wp-content\/uploads\/sites\/3\/2026\/04\/Les-Rugissants.jpg\" alt=\"Les Rugissants (Photo : Luigi Capasso)\" width=\"1200\" height=\"802\" srcset=\"https:\/\/www.ludwig-van.com\/montreal\/wp-content\/uploads\/sites\/3\/2026\/04\/Les-Rugissants.jpg 1200w, https:\/\/www.ludwig-van.com\/montreal\/wp-content\/uploads\/sites\/3\/2026\/04\/Les-Rugissants-300x201.jpg 300w, https:\/\/www.ludwig-van.com\/montreal\/wp-content\/uploads\/sites\/3\/2026\/04\/Les-Rugissants-1024x684.jpg 1024w, https:\/\/www.ludwig-van.com\/montreal\/wp-content\/uploads\/sites\/3\/2026\/04\/Les-Rugissants-768x513.jpg 768w\" sizes=\"(max-width: 1200px) 100vw, 1200px\" \/><figcaption id=\"caption-attachment-92971\" class=\"wp-caption-text\">Les Rugissants (Photo : Luigi Capasso)<\/figcaption><\/figure>\n<h3>Les Rugissants &#8211; ARCHES : Pr\u00e9sence arm\u00e9nienne<\/h3>\n<p><b>Les Rugissants<\/b> poursuivent leurs pr\u00e9sentations de la s\u00e9rie ARCHES : Pr\u00e9sence arm\u00e9nienne en vous invitant cette fois \u00e0 d\u00e9couvrir l\u2019\u00e9glise St-Gr\u00e9goire l\u2019Illuminateur ainsi que la Premi\u00e8re \u00c9glise \u00e9vang\u00e9lique arm\u00e9nienne. Au travers l\u2019architecture des lieux, la musique, l\u2019histoire et l\u2019art, vous en apprendrez davantage sur la culture arm\u00e9nienne, une communaut\u00e9 dynamique et vibrante d\u2019importance dans la r\u00e9gion montr\u00e9alaise. Le chef Xavier Brossard-M\u00e9nard explique sa d\u00e9marche <a href=\"https:\/\/www.ludwig-van.com\/montreal\/2026\/04\/24\/entrevue-les-rugissants-offrent-une-plongee-dans-la-musique-et-larchitecture-armeniennes\/\" target=\"_blank\" rel=\"noopener\">dans cette entrevue<\/a>.<\/p>\n<p>LE 1 MAI, 19 H, \u00c9GLISE ST-GR\u00c9GOIRE L\u2019ILLUMINATEUR\u00a0 <a href=\"https:\/\/www.zeffy.com\/fr-CA\/ticketing\/arches-presence-armenienne-cathedrale-armenienne-st-gregoire-lilluminateur\" target=\"_blank\" rel=\"noopener\">D\u00c9TAILS ET BILLETS<\/a><\/p>\n<p>LE 2 MAI, 19 H, PREMI\u00c8RE \u00c9GLISE \u00c9VANG\u00c9LIQUE ARM\u00c9NIENNE\u00a0<a href=\"https:\/\/www.zeffy.com\/fr-CA\/ticketing\/arches-presence-armenienne-premiere-eglise-evangelique-armenienne\" target=\"_blank\" rel=\"noopener\"> D\u00c9TAILS ET BILLETS<\/a><\/p>\n<p>&nbsp;<\/p>\n<figure id=\"attachment_92972\" aria-describedby=\"caption-attachment-92972\" style=\"width: 1200px\" class=\"wp-caption aligncenter\"><img decoding=\"async\" loading=\"lazy\" class=\"size-full wp-image-92972\" src=\"https:\/\/www.ludwig-van.com\/montreal\/wp-content\/uploads\/sites\/3\/2026\/04\/Jean-Philippe-Tanguay_OSL.png\" alt=\"Jean-Philippe Tanguay (Photo : site web de l'OSL)\" width=\"1200\" height=\"571\" srcset=\"https:\/\/www.ludwig-van.com\/montreal\/wp-content\/uploads\/sites\/3\/2026\/04\/Jean-Philippe-Tanguay_OSL.png 1200w, https:\/\/www.ludwig-van.com\/montreal\/wp-content\/uploads\/sites\/3\/2026\/04\/Jean-Philippe-Tanguay_OSL-300x143.png 300w, https:\/\/www.ludwig-van.com\/montreal\/wp-content\/uploads\/sites\/3\/2026\/04\/Jean-Philippe-Tanguay_OSL-1024x487.png 1024w, https:\/\/www.ludwig-van.com\/montreal\/wp-content\/uploads\/sites\/3\/2026\/04\/Jean-Philippe-Tanguay_OSL-768x365.png 768w\" sizes=\"(max-width: 1200px) 100vw, 1200px\" \/><figcaption id=\"caption-attachment-92972\" class=\"wp-caption-text\">Jean-Philippe Tanguay (Photo : site web de l&rsquo;OSL)<\/figcaption><\/figure>\n<h3>S\u00e9rie Les Chambristes de l&rsquo;OSL &#8211; <em>T\u00eate-\u00e0-t\u00eate : fl\u00fbte et harpe<\/em><\/h3>\n<p>Pour ce dernier concert de la s\u00e9rie Les Chambristes de l\u2019<b>Orchestre symphonique de Laval<\/b>, vous \u00eates convi\u00e9s \u00e0 un \u00e9v\u00e9nement tout en douceur et en \u00e9l\u00e9gance avec <b>Jean-Philippe Tanguay<\/b> \u00e0 la fl\u00fbte et <b>Val\u00e9rie Milot<\/b> \u00e0 la harpe. Ensemble, les deux instrumentistes interpr\u00e9teront un r\u00e9pertoire vari\u00e9, allant de la p\u00e9riode classique avec le deuxi\u00e8me mouvement du <i>Concerto pour fl\u00fbte et harpe <\/i>de Mozart, au tango avec <i>Histoire du tango<\/i> d\u2019Astor Piazzolla, en passant par la musique impressionniste fran\u00e7aise de Ravel, Ibert et Debussy, le n\u00e9o-classique de Marc Berthomieu ainsi qu\u2019un d\u00e9tour au Japon avec quelques m\u00e9lodies japonaises pour fl\u00fbte et harpe.<\/p>\n<p>LE 2 MAI, 14 H, \u00c9GLISE ST-MAURICE-DE-DUVERNAY\u00a0 <a href=\"https:\/\/www.osl.ca\/flute-et-harpe\" target=\"_blank\" rel=\"noopener\">D\u00c9TAILS ET BILLETS<\/a><\/p>\n<p>&nbsp;<\/p>\n<figure id=\"attachment_66331\" aria-describedby=\"caption-attachment-66331\" style=\"width: 1200px\" class=\"wp-caption aligncenter\"><img decoding=\"async\" loading=\"lazy\" class=\"size-full wp-image-66331\" src=\"https:\/\/www.ludwig-van.com\/montreal\/wp-content\/uploads\/sites\/3\/2021\/03\/Julie-Boulianne-redim.jpg\" alt=\"Julie Boulianne\" width=\"1200\" height=\"792\" \/><figcaption id=\"caption-attachment-66331\" class=\"wp-caption-text\">Julie Boulianne. (Photo : courtoisie)<\/figcaption><\/figure>\n<h3><i>L\u2019\u00c2me de Pauline<\/i><\/h3>\n<p>La Chapelle musicale du Bon-Pasteur ainsi que Clavecin en concert s\u2019associent pour vous pr\u00e9senter <i>L\u2019\u00c2me de Pauline<\/i>, un concert de chant et piano inspir\u00e9 de la l\u00e9gendaire cantatrice et compositrice romantique Pauline Viardot. Au chant, la mezzo soprano <b>Julie Boulianne<\/b> fera r\u00e9sonner les m\u00e9lodies de ladite Madame Viardot ainsi que celles de ses contemporain\u00b7e\u00b7s Gounod, Saint-Sa\u00ebns, Faur\u00e9 et Chaminade accompagn\u00e9e du pianiste <b>Luc Beaus\u00e9jour<\/b>. Pour compl\u00e9ter le programme, quelques pi\u00e8ces pour piano seul seront sem\u00e9es ici et l\u00e0, ajoutant \u00e0 l\u2019ambiance intime et \u00e0 r\u00eaverie du moment.<\/p>\n<p>LE 3 MAI, 15 H, SALLE PAUL-DESMARAIS\u00a0 <a href=\"https:\/\/lepointdevente.com\/billets\/dwv260503001?lang=fr\" target=\"_blank\" rel=\"noopener\">D\u00c9TAILS ET BILLETS<\/a><\/p>\n<p>&nbsp;<\/p>\n<figure id=\"attachment_50138\" aria-describedby=\"caption-attachment-50138\" style=\"width: 1024px\" class=\"wp-caption aligncenter\"><img decoding=\"async\" loading=\"lazy\" class=\"size-full wp-image-50138\" src=\"https:\/\/www.ludwig-van.com\/montreal\/wp-content\/uploads\/sites\/3\/2017\/12\/Jerusalem_StringQuartet_1_CREDIT_Felix-Broede.jpg\" alt=\"Jerusalem Quartet\" width=\"1024\" height=\"714\" srcset=\"https:\/\/www.ludwig-van.com\/montreal\/wp-content\/uploads\/sites\/3\/2017\/12\/Jerusalem_StringQuartet_1_CREDIT_Felix-Broede.jpg 1024w, https:\/\/www.ludwig-van.com\/montreal\/wp-content\/uploads\/sites\/3\/2017\/12\/Jerusalem_StringQuartet_1_CREDIT_Felix-Broede-300x209.jpg 300w, https:\/\/www.ludwig-van.com\/montreal\/wp-content\/uploads\/sites\/3\/2017\/12\/Jerusalem_StringQuartet_1_CREDIT_Felix-Broede-768x536.jpg 768w\" sizes=\"(max-width: 1024px) 100vw, 1024px\" \/><figcaption id=\"caption-attachment-50138\" class=\"wp-caption-text\">Quatuor Jerusalem (Photo : Felix Broede)<\/figcaption><\/figure>\n<h3>LMMC &#8211; Jerusalem Quartet<\/h3>\n<p>Le quatuor \u00e0 cordes <b>Jerusalem Quartet<\/b> en est \u00e0 sa quatri\u00e8me visite au Ladies\u2019 Morning Musical Club au grand plaisir des m\u00e9lomanes. L\u2019ensemble, qui c\u00e9l\u00e9brait en 2025-2026 sa 30e saison, est acclam\u00e9 pour sa pr\u00e9cision et sa passion, et est reconnu pour son approche chaleureuse, profond\u00e9ment humaine ainsi que pour l\u2019\u00e9coute de l\u2019expression individuelle de ses membres, <b>Alexander Pavlovsky<\/b> et <b>Sergei Bresler<\/b>, violons, <b>Mathis Rochat<\/b>, alto et Kyril <b>Zlotnikov<\/b>, violoncelle. Vous pourrez entendre lors de cette repr\u00e9sentation le <i>Quatuor \u00e0 cordes no 19<\/i> de Mozart, le <i>Quatuor \u00e0 cordes en si b\u00e9mol majeur<\/i> de Beethoven. ainsiqu&rsquo;une commande commune du Jerusalem Quartet et de la Philharmonie de Paris pour le 30e anniversaire du quatuor, le <i>Quatuor \u00e0 cordes no 4<\/i> \u00ab Betwixt and Between \u00bb de <b>Schulamit Ran<\/b>.<\/p>\n<p>LE 3 MAI, 15 H 30, SALLE OSCAR-PETERSON\u00a0 <a href=\"https:\/\/www.lmmc.ca\/fr\/jerusalemquartet-2025-2026\" target=\"_blank\" rel=\"noopener\">D\u00c9TAILS ET BILLETS<\/a><\/p>\n<p>&nbsp;<\/p>\n<p><img decoding=\"async\" loading=\"lazy\" class=\"aligncenter size-full wp-image-92740\" src=\"https:\/\/www.ludwig-van.com\/montreal\/wp-content\/uploads\/sites\/3\/2026\/04\/MusiSienne-2026_cropped.jpg\" alt=\"\" width=\"1200\" height=\"726\" srcset=\"https:\/\/www.ludwig-van.com\/montreal\/wp-content\/uploads\/sites\/3\/2026\/04\/MusiSienne-2026_cropped.jpg 1200w, https:\/\/www.ludwig-van.com\/montreal\/wp-content\/uploads\/sites\/3\/2026\/04\/MusiSienne-2026_cropped-300x182.jpg 300w, https:\/\/www.ludwig-van.com\/montreal\/wp-content\/uploads\/sites\/3\/2026\/04\/MusiSienne-2026_cropped-1024x620.jpg 1024w, https:\/\/www.ludwig-van.com\/montreal\/wp-content\/uploads\/sites\/3\/2026\/04\/MusiSienne-2026_cropped-768x465.jpg 768w\" sizes=\"(max-width: 1200px) 100vw, 1200px\" \/><\/p>\n<h3>Festival MusiSienne &#8211; Yves Pr\u00e9fontaine<\/h3>\n<p>Pour cette avant-derni\u00e8re repr\u00e9sentation du Festival MusiSienne 2026, la paroisse Ste-Catherine-de-Sienne re\u00e7oit l\u2019organiste <b>Yves Pr\u00e9fontaine<\/b>. Le Montr\u00e9alais, tr\u00e8s actif sur la sc\u00e8ne musicale de la r\u00e9gion et \u00e0 l&rsquo;international, cumule une feuille de route impressionnante en tant qu&rsquo;interpr\u00e8te, enseignant, fondateur de festivals et de s\u00e9ries de concerts et m\u00eame animateur de l\u2019\u00e9mission de radio <i>Vous avez dit classique?<\/i> sur les ondes de Radio VM. Nul doute qu&rsquo;<strong>Yves Pr\u00e9fontaine<\/strong> saura mettre en valeur l\u2019instrument d\u2019exception qu\u2019est l\u2019orgue Karl Wilhelm op. 129, seul orgue italien \u00e0 traction m\u00e9canique suspendue au Qu\u00e9bec. La repr\u00e9sentation est gratuite, mais une contribution volontaire est appr\u00e9ci\u00e9e : les montants recueillis serviront \u00e0 assurer la p\u00e9rennit\u00e9 de l\u2019\u00e9v\u00e9nement annuel.<\/p>\n<p>LE 3 MAI, 16 H, \u00c9GLISE STE-CATHERINE-DE-SIENNE<\/p>\n<p><img decoding=\"async\" loading=\"lazy\" class=\"aligncenter size-full wp-image-92973\" src=\"https:\/\/www.ludwig-van.com\/montreal\/wp-content\/uploads\/sites\/3\/2026\/04\/Petits-Violons-3-mai-2026.jpg\" alt=\"\" width=\"1200\" height=\"675\" srcset=\"https:\/\/www.ludwig-van.com\/montreal\/wp-content\/uploads\/sites\/3\/2026\/04\/Petits-Violons-3-mai-2026.jpg 1200w, https:\/\/www.ludwig-van.com\/montreal\/wp-content\/uploads\/sites\/3\/2026\/04\/Petits-Violons-3-mai-2026-300x169.jpg 300w, https:\/\/www.ludwig-van.com\/montreal\/wp-content\/uploads\/sites\/3\/2026\/04\/Petits-Violons-3-mai-2026-1024x576.jpg 1024w, https:\/\/www.ludwig-van.com\/montreal\/wp-content\/uploads\/sites\/3\/2026\/04\/Petits-Violons-3-mai-2026-768x432.jpg 768w\" sizes=\"(max-width: 1200px) 100vw, 1200px\" \/><\/p>\n<h3>Les Petits Violons &#8211; Concert 61e anniversaire<\/h3>\n<p>L\u2019\u00e9cole <b>Les Petits Violons<\/b>, qui poursuit sous la direction de Marie-Claire Cousineau l&rsquo;h\u00e9ritage p\u00e9dagogique de son p\u00e8re Jean Cousineau, souligne son 61e anniversaire avec un concert de fin de saison musicale festif, riche en couleurs et en \u00e9motions. En plus de <i>Romance andalouse<\/i> du compositeur espagnol Pablo de Sarasate et du <i>Quatuor \u00e0 cordes no 12<\/i> d\u2019Anton\u00edn Dvo\u0159\u00e1k, les jeunes violonistes joueront plusieurs compositions de Jean Cousineau, offrant ainsi un apr\u00e8s-midi joyeux et entra\u00eenant au public.<\/p>\n<p>LE 3 MAI, 16 H, SALLE PIERRE-MERCURE\u00a0 <a href=\"https:\/\/centrepierrepeladeau.tuxedobillet.com\/main\/concert-61e-anniversaire-les-petits-violons\" target=\"_blank\" rel=\"noopener\">D\u00c9TAILS ET BILLETS<\/a><\/p>\n<h2><em>Inscrivez-vous \u00e0 notre infolettre! La musique classique et l\u2019op\u00e9ra en 5 minutes, chaque jour<\/em> <a href=\"https:\/\/ludwig-van.us9.list-manage.com\/subscribe?u=4f785cb3f9058f2393ccad035&amp;id=b9b160c032\" target=\"_blank\" rel=\"noopener noreferrer\">ICI<\/a>.<\/h2>\n","protected":false},"excerpt":{"rendered":"<p>Quand on est deux, \u00e7a va deux fois mieux! Cette comptine que l\u2019on retrouve dans l\u2019un des \u00e9pisodes de Passe-Partout s\u2019applique parfaitement \u00e0 l\u2019offre musicale de cette semaine puisqu\u2019on y retrouve plusieurs duos. Duo de pianos, duo fl\u00fbte-harpe, duo chant-piano, duo saxophone-piano et m\u00eame, en extrapolant un peu, duo piano-orchestre &#8211; seules quatre repr\u00e9sentations ne peuvent rentrer dans cette cat\u00e9gorie, soit un solo d\u2019orgue, un quatuor \u00e0 cordes (\u00e0 moins qu\u2019on appelle cela un duo de duo?), un ensemble de chant et les jeunes violonistes des Petits Violons. Par contre, la finale de cette m\u00eame comptine ne s\u2019applique certainement pas ici puisqu\u2019elle termine par Et lorsqu\u2019on a fini, on est heureux!, ce qui est vrai lorsqu\u2019on roule des balles de laine comme dans l\u2019\u00e9mission, mais beaucoup moins lorsqu\u2019il s\u2019agit de la fin d\u2019un concert qui nous a transport\u00e9\u00b7e\u00b7s!<\/p>\n","protected":false},"author":1,"featured_media":92974,"comment_status":"open","ping_status":"open","sticky":false,"template":"","format":"standard","meta":{"om_disable_all_campaigns":false,"jetpack_post_was_ever_published":false},"categories":[42368,10994],"tags":[42369,11882],"yst_prominent_words":[18277,26052,31662,18276,10015,10113],"acf":[],"jetpack_featured_media_url":"https:\/\/www.ludwig-van.com\/montreal\/wp-content\/uploads\/sites\/3\/2026\/04\/Copie-de-CONCERTS23.jpg","jetpack_sharing_enabled":true,"jetpack_shortlink":"https:\/\/wp.me\/p9bdYt-obt","amp_enabled":true,"_links":{"self":[{"href":"https:\/\/www.ludwig-van.com\/montreal\/wp-json\/wp\/v2\/posts\/92967"}],"collection":[{"href":"https:\/\/www.ludwig-van.com\/montreal\/wp-json\/wp\/v2\/posts"}],"about":[{"href":"https:\/\/www.ludwig-van.com\/montreal\/wp-json\/wp\/v2\/types\/post"}],"author":[{"embeddable":true,"href":"https:\/\/www.ludwig-van.com\/montreal\/wp-json\/wp\/v2\/users\/1"}],"replies":[{"embeddable":true,"href":"https:\/\/www.ludwig-van.com\/montreal\/wp-json\/wp\/v2\/comments?post=92967"}],"version-history":[{"count":6,"href":"https:\/\/www.ludwig-van.com\/montreal\/wp-json\/wp\/v2\/posts\/92967\/revisions"}],"predecessor-version":[{"id":92986,"href":"https:\/\/www.ludwig-van.com\/montreal\/wp-json\/wp\/v2\/posts\/92967\/revisions\/92986"}],"wp:featuredmedia":[{"embeddable":true,"href":"https:\/\/www.ludwig-van.com\/montreal\/wp-json\/wp\/v2\/media\/92974"}],"wp:attachment":[{"href":"https:\/\/www.ludwig-van.com\/montreal\/wp-json\/wp\/v2\/media?parent=92967"}],"wp:term":[{"taxonomy":"category","embeddable":true,"href":"https:\/\/www.ludwig-van.com\/montreal\/wp-json\/wp\/v2\/categories?post=92967"},{"taxonomy":"post_tag","embeddable":true,"href":"https:\/\/www.ludwig-van.com\/montreal\/wp-json\/wp\/v2\/tags?post=92967"},{"taxonomy":"yst_prominent_words","embeddable":true,"href":"https:\/\/www.ludwig-van.com\/montreal\/wp-json\/wp\/v2\/yst_prominent_words?post=92967"}],"curies":[{"name":"wp","href":"https:\/\/api.w.org\/{rel}","templated":true}]}}