{"id":92966,"date":"2026-04-30T04:23:39","date_gmt":"2026-04-30T08:23:39","guid":{"rendered":"https:\/\/www.ludwig-van.com\/montreal\/?p=92966"},"modified":"2026-04-30T04:23:39","modified_gmt":"2026-04-30T08:23:39","slug":"entrevue-lensemble-renouveau-rend-hommage-a-la-bonne-chanson","status":"publish","type":"post","link":"https:\/\/www.ludwig-van.com\/montreal\/2026\/04\/30\/entrevue-lensemble-renouveau-rend-hommage-a-la-bonne-chanson\/","title":{"rendered":"ENTREVUE | L&rsquo;Ensemble Renouveau rend hommage \u00e0 La Bonne Chanson"},"content":{"rendered":"<figure id=\"attachment_93030\" aria-describedby=\"caption-attachment-93030\" style=\"width: 1200px\" class=\"wp-caption aligncenter\"><img decoding=\"async\" loading=\"lazy\" class=\"size-full wp-image-93030\" src=\"https:\/\/www.ludwig-van.com\/montreal\/wp-content\/uploads\/sites\/3\/2026\/04\/Copie-de-ENTREVUE17.jpg\" alt=\"Couverture de l'album Partons, la mer est belle de l'Ensemble Renouveau (Photo : courtoisie)\" width=\"1200\" height=\"628\" srcset=\"https:\/\/www.ludwig-van.com\/montreal\/wp-content\/uploads\/sites\/3\/2026\/04\/Copie-de-ENTREVUE17.jpg 1200w, https:\/\/www.ludwig-van.com\/montreal\/wp-content\/uploads\/sites\/3\/2026\/04\/Copie-de-ENTREVUE17-300x157.jpg 300w, https:\/\/www.ludwig-van.com\/montreal\/wp-content\/uploads\/sites\/3\/2026\/04\/Copie-de-ENTREVUE17-1024x536.jpg 1024w, https:\/\/www.ludwig-van.com\/montreal\/wp-content\/uploads\/sites\/3\/2026\/04\/Copie-de-ENTREVUE17-768x402.jpg 768w\" sizes=\"(max-width: 1200px) 100vw, 1200px\" \/><figcaption id=\"caption-attachment-93030\" class=\"wp-caption-text\">Couverture de l&rsquo;album Partons, la mer est belle de l&rsquo;Ensemble Renouveau (Photo : courtoisie)<\/figcaption><\/figure>\n<p>Pr\u00e9sent le 2 mai \u00e0 la salle d&rsquo;Youville du Palais Montcalm, l\u2019<strong>Ensemble Renouveau <\/strong>retourne aux sources avec <em>Partons, la mer est belle<\/em>, un programme revisitant le folklore qu\u00e9b\u00e9cois dans des arrangements originaux \u00e0 la crois\u00e9e des musiques classique, traditionnelle et populaire. L&rsquo;Ensemble marque par l\u00e0 le lancement de son premier album du m\u00eame titre, disponible d\u00e8s le 1 mai.<\/p>\n<p>Pour l\u2019occasion, <strong>Simon Desbiens<\/strong>, directeur musical, compositeur, arrangeur et violoncelliste de l\u2019Ensemble, nous invite \u00e0 embarquer, avec c\u0153ur, dans cet univers singulier.<\/p>\n<h3>Une soir\u00e9e sous le signe de la rencontre<\/h3>\n<p>Au cours de la soir\u00e9e, l\u2019Ensemble proposera sur sc\u00e8ne une petite s\u00e9lection d\u2019extraits tir\u00e9s des 19 pi\u00e8ces de l\u2019album dans une ambiance informelle o\u00f9 musique, \u00e9changes et proximit\u00e9 avec les publics seront de la partie.<\/p>\n<p>\u00ab C&rsquo;est vraiment une soir\u00e9e rassembleuse o\u00f9 on est accessible, pour parler de notre ensemble, de notre projet, des projets qui s&rsquo;en viennent aussi, et \u00eatre proche du public \u00bb, pr\u00e9cise <strong>Simon Desbiens<\/strong>.<\/p>\n<p>Cette approche refl\u00e8te la volont\u00e9 du quintette de rendre la musique classique accessible \u00e0 travers des pi\u00e8ces \u00e0 la fois connues et plus nich\u00e9es, o\u00f9 cohabitent r\u00e9interpr\u00e9tation, arrangement et cr\u00e9ation, pour rejoindre tant les m\u00e9lomanes que les n\u00e9ophytes.<\/p>\n<p>&nbsp;<\/p>\n<div class=\"jetpack-video-wrapper\"><span class=\"embed-youtube\" style=\"text-align:center; display: block;\"><iframe loading=\"lazy\" class=\"youtube-player\" width=\"640\" height=\"360\" src=\"https:\/\/www.youtube.com\/embed\/sVu47hNhcco?version=3&#038;rel=1&#038;showsearch=0&#038;showinfo=1&#038;iv_load_policy=1&#038;fs=1&#038;hl=fr-FR&#038;autohide=2&#038;wmode=transparent\" allowfullscreen=\"true\" style=\"border:0;\" sandbox=\"allow-scripts allow-same-origin allow-popups allow-presentation\"><\/iframe><\/span><\/div>\n<h3>Un projet ancr\u00e9 dans le patrimoine<\/h3>\n<p>Si le folklore qu\u00e9b\u00e9cois a toujours \u00e9t\u00e9 pr\u00e9sent dans les programmes de l\u2019Ensemble, il en constitue ici le c\u0153ur, \u00ab par amour pour le folklore, notre folklore, par amour pour la musique classique \u00bb.<\/p>\n<p>L\u2019album s\u2019appuie sur plusieurs pi\u00e8ces des <em>Cahiers de La Bonne Chanson<\/em>, ces recueils r\u00e9unis par l&rsquo;abb\u00e9 Charles-\u00c9mile Gadbois autour desquels se sont r\u00e9unies de nombreuses familles francophones de l&rsquo;Am\u00e9rique du Nord. Le choix des pi\u00e8ces a surtout \u00e9t\u00e9 bas\u00e9 sur les souvenirs d\u2019enfance de <strong>Simon<\/strong> <strong>Desbiens<\/strong>.<\/p>\n<p>R\u00e9organis\u00e9es, arrang\u00e9es et parfois fusionn\u00e9es, les partitions dessinent le parcours sensible et po\u00e9tique d\u2019une femme quittant la France pour s\u2019\u00e9tablir dans un Qu\u00e9bec d\u2019antan illustr\u00e9e par <em>M\u2019en revenant de la jolie Rochelle<\/em>, <em>Mon p\u00e8re a fait b\u00e2tir maison<\/em> ou <em>Au chant de l\u2019alouette<\/em>, autant de m\u00e9lodies qui r\u00e9sonnent encore aujourd\u2019hui.<\/p>\n<h3>Un ensemble inclassable<\/h3>\n<p>Fond\u00e9 en 2017, l\u2019<strong>Ensemble Renouveau<\/strong> r\u00e9unit cinq artistes et complices issus du milieu classique autour d\u2019une approche d\u00e9cloisonn\u00e9e. Leur identit\u00e9 repose, entre autres, sur la rencontre de r\u00e9pertoires d\u2019airs d&rsquo;op\u00e9ra, de musiques de chambre, plus populaires, traditionnelles et de films dans une esth\u00e9tique distinctive.<\/p>\n<p>La formation atypique du quintette \u2014 deux sopranos (<strong>Carole-Anne Roussel<\/strong> et <strong>Evelyne Larochelle<\/strong>), violon (<strong>Jessy Dub\u00e9<\/strong>), violoncelle (<strong>Simon Desbiens<\/strong>) et piano (<strong>Bruce Gaulin<\/strong>) \u2014 contribue \u00e0 cette singularit\u00e9, combin\u00e9e \u00e0 une g\u00e9om\u00e9trie variable.<\/p>\n<p>\u00ab J\u2019aime \u00e7a qu&rsquo;on soit un peu inclassable parce qu&rsquo;on peut surprendre le public classique et le public habitu\u00e9 \u00e0 la musique traditionnelle ou folklorique. \u00bb<\/p>\n<p>Dans ce projet, le travail d\u2019arrangement a \u00e9t\u00e9 central, notamment en raison de la pr\u00e9sence inhabituelle de deux voix \u00e9gales de soprano. Certains choix d\u2019\u00e9criture ont ainsi fait place \u00e0 une lecture plus personnelle, par des structures rythmiques inattendues et des dur\u00e9es variables, o\u00f9 chaque instrument \u2014 et la voix elle-m\u00eame \u2014 transcende ces prises de positions.<\/p>\n<p>\u00ab Je pense que ce qui nous diff\u00e9rencie, c\u2019est qu\u2019on n&rsquo;a pas peur, justement, de transgresser la fronti\u00e8re entre la voie lyrique d&rsquo;op\u00e9ra et l&rsquo;instrument vocal \u00bb.<\/p>\n<h3>Vers une forme sc\u00e9nique \u00e9largie<\/h3>\n<p>Si le lancement du 2 mai constitue une premi\u00e8re \u00e9tape, la formation travaille d\u00e9j\u00e0 \u00e0 une version sc\u00e9nique plus d\u00e9velopp\u00e9e, int\u00e9grant narration et autres \u00e9l\u00e9ments afin d\u2019offrir une exp\u00e9rience compl\u00e8te du programme de l\u2019album.<\/p>\n<p>Avec <em>Partons, la mer est belle<\/em>, l\u2019<strong>Ensemble Renouveau<\/strong> propose une premi\u00e8re r\u00e9alisation o\u00f9 m\u00e9moires, r\u00e9interpr\u00e9tations et cr\u00e9ations se rencontrent et nous font nous rencontrer.<\/p>\n<p>LE 2 MAI, 19 H 30, PALAIS MONTCALM\u00a0 <a href=\"https:\/\/www.palaismontcalm.ca\/concert-spectacle-quebec\/ensemble-renouveau-lancement-dalbum-2-mai-2026\/\" target=\"_blank\" rel=\"noopener\">D\u00c9TAILS ET BILLETS<\/a><\/p>\n<h2><em>Inscrivez-vous \u00e0 notre infolettre! La musique classique et l\u2019op\u00e9ra en 5 minutes, chaque jour<\/em>\u00a0<a href=\"https:\/\/ludwig-van.us9.list-manage.com\/subscribe?u=4f785cb3f9058f2393ccad035&amp;id=b9b160c032\" target=\"_blank\" rel=\"noopener noreferrer\">ICI.<\/a><\/h2>\n","protected":false},"excerpt":{"rendered":"<p>Pr\u00e9sent le 2 mai \u00e0 la salle d&rsquo;Youville du Palais Montcalm, l\u2019Ensemble Renouveau retourne aux sources avec Partons, la mer est belle, un programme revisitant le folklore qu\u00e9b\u00e9cois dans des arrangements originaux \u00e0 la crois\u00e9e des musiques classique, traditionnelle et populaire. L&rsquo;Ensemble marque par l\u00e0 le lancement de son premier album du m\u00eame titre, disponible d\u00e8s le 1 mai.<\/p>\n","protected":false},"author":86,"featured_media":93030,"comment_status":"open","ping_status":"open","sticky":false,"template":"","format":"standard","meta":{"om_disable_all_campaigns":false,"jetpack_post_was_ever_published":false},"categories":[42368,10998],"tags":[42369,42386],"yst_prominent_words":[10175,7312,27379,11215,10579,12496,9811,10167,18766,11543,7595,10094,11685],"acf":[],"jetpack_featured_media_url":"https:\/\/www.ludwig-van.com\/montreal\/wp-content\/uploads\/sites\/3\/2026\/04\/Copie-de-ENTREVUE17.jpg","jetpack_sharing_enabled":true,"jetpack_shortlink":"https:\/\/wp.me\/p9bdYt-obs","amp_enabled":true,"_links":{"self":[{"href":"https:\/\/www.ludwig-van.com\/montreal\/wp-json\/wp\/v2\/posts\/92966"}],"collection":[{"href":"https:\/\/www.ludwig-van.com\/montreal\/wp-json\/wp\/v2\/posts"}],"about":[{"href":"https:\/\/www.ludwig-van.com\/montreal\/wp-json\/wp\/v2\/types\/post"}],"author":[{"embeddable":true,"href":"https:\/\/www.ludwig-van.com\/montreal\/wp-json\/wp\/v2\/users\/86"}],"replies":[{"embeddable":true,"href":"https:\/\/www.ludwig-van.com\/montreal\/wp-json\/wp\/v2\/comments?post=92966"}],"version-history":[{"count":2,"href":"https:\/\/www.ludwig-van.com\/montreal\/wp-json\/wp\/v2\/posts\/92966\/revisions"}],"predecessor-version":[{"id":93031,"href":"https:\/\/www.ludwig-van.com\/montreal\/wp-json\/wp\/v2\/posts\/92966\/revisions\/93031"}],"wp:featuredmedia":[{"embeddable":true,"href":"https:\/\/www.ludwig-van.com\/montreal\/wp-json\/wp\/v2\/media\/93030"}],"wp:attachment":[{"href":"https:\/\/www.ludwig-van.com\/montreal\/wp-json\/wp\/v2\/media?parent=92966"}],"wp:term":[{"taxonomy":"category","embeddable":true,"href":"https:\/\/www.ludwig-van.com\/montreal\/wp-json\/wp\/v2\/categories?post=92966"},{"taxonomy":"post_tag","embeddable":true,"href":"https:\/\/www.ludwig-van.com\/montreal\/wp-json\/wp\/v2\/tags?post=92966"},{"taxonomy":"yst_prominent_words","embeddable":true,"href":"https:\/\/www.ludwig-van.com\/montreal\/wp-json\/wp\/v2\/yst_prominent_words?post=92966"}],"curies":[{"name":"wp","href":"https:\/\/api.w.org\/{rel}","templated":true}]}}