{"id":92908,"date":"2026-04-27T18:51:30","date_gmt":"2026-04-27T22:51:30","guid":{"rendered":"https:\/\/www.ludwig-van.com\/montreal\/?p=92908"},"modified":"2026-04-27T18:53:22","modified_gmt":"2026-04-27T22:53:22","slug":"critique-osm-la-consecration-et-le-sacre","status":"publish","type":"post","link":"https:\/\/www.ludwig-van.com\/montreal\/2026\/04\/27\/critique-osm-la-consecration-et-le-sacre\/","title":{"rendered":"CRITIQUE | OSM : La cons\u00e9cration et le Sacre"},"content":{"rendered":"<figure id=\"attachment_92980\" aria-describedby=\"caption-attachment-92980\" style=\"width: 1200px\" class=\"wp-caption aligncenter\"><img decoding=\"async\" loading=\"lazy\" class=\"size-full wp-image-92980\" src=\"https:\/\/www.ludwig-van.com\/montreal\/wp-content\/uploads\/sites\/3\/2026\/04\/Copie-de-CRITIQUE30.jpg\" alt=\"Rafael Payare et l'OSM (Photo : Antoine Saito)\" width=\"1200\" height=\"628\" srcset=\"https:\/\/www.ludwig-van.com\/montreal\/wp-content\/uploads\/sites\/3\/2026\/04\/Copie-de-CRITIQUE30.jpg 1200w, https:\/\/www.ludwig-van.com\/montreal\/wp-content\/uploads\/sites\/3\/2026\/04\/Copie-de-CRITIQUE30-300x157.jpg 300w, https:\/\/www.ludwig-van.com\/montreal\/wp-content\/uploads\/sites\/3\/2026\/04\/Copie-de-CRITIQUE30-1024x536.jpg 1024w, https:\/\/www.ludwig-van.com\/montreal\/wp-content\/uploads\/sites\/3\/2026\/04\/Copie-de-CRITIQUE30-768x402.jpg 768w\" sizes=\"(max-width: 1200px) 100vw, 1200px\" \/><figcaption id=\"caption-attachment-92980\" class=\"wp-caption-text\">Rafael Payare et l&rsquo;OSM (Photo : Antoine Saito)<\/figcaption><\/figure>\n<p>C&rsquo;est maintenant chose faite, l&rsquo;<strong>OSM<\/strong> a annonc\u00e9 le renouvellement du contrat de <strong>Rafael Payare<\/strong> pour une dur\u00e9e additionnelle de cinq ans, soit jusqu&rsquo;\u00e0 la fin de la saison 2031-2032. Ce nouveau mandat \u00e9l\u00e8ve le dynamique chef au statut de directeur musical et artistique, consacrant l&#8217;empreinte importante de celui-ci sur l&rsquo;identit\u00e9 musicale et sociale de l&rsquo;Orchestre. \u00c0 la Maison symphonique la semaine derni\u00e8re, le public a accueilli la nouvelle avec des applaudissements fournis et des cris de joie, manifestant son appui enthousiaste au maestro v\u00e9n\u00e9zu\u00e9lien, visiblement touch\u00e9. Prenant le micro, celui-ci a parl\u00e9 de \u00ab\u00a0magie\u00a0\u00bb et d&rsquo;une \u00ab\u00a0lune de miel qui se poursuit\u00a0\u00bb sans fin.<\/p>\n<p>L&rsquo;annonce a \u00e9t\u00e9 faite par la directrice g\u00e9n\u00e9rale <strong>M\u00e9lanie La Couture<\/strong> en amont du concert <em>Le sacre du printemps<\/em>, qui voyait l&rsquo;<strong>OSM<\/strong> reprendre pour les micros de l&rsquo;\u00e9tiquette de disques <strong>Pentatone<\/strong> son interpr\u00e9tation enlevante de l&rsquo;\u0153uvre marquante de Stravinski, <a href=\"https:\/\/www.ludwig-van.com\/montreal\/2023\/09\/13\/critique-osm-concert-ouverture-inoubliable\/\" target=\"_blank\" rel=\"noopener\">entendue en ouverture de saison 2023.<\/a> \u00c0 l&rsquo;\u00e9poque, le concert avait \u00e9t\u00e9 capt\u00e9 par les cam\u00e9ras pour la plateforme Symphony. Sur l&rsquo;album de Pentatone, <em>Le sacre<\/em> sera jumel\u00e9 avec <em>Daphnis et Chlo\u00e9<\/em> de Ravel, enregistr\u00e9 en f\u00e9vrier 2025.<\/p>\n<p>L&rsquo;Orchestre et le chef restent fid\u00e8les \u00e0 leur lecture de l&rsquo;\u0153uvre, servie par quelques am\u00e9liorations acoustiques. Depuis l&rsquo;ex\u00e9cution de 2023, l&rsquo;OSM a perfectionn\u00e9 les ajustements de la canop\u00e9e acoustique au-dessus de la sc\u00e8ne, ainsi que la disposition de l&rsquo;orchestre sur celle-ci, rehaussant par exemple les derniers pupitres de cordes sur des gradins. Le r\u00e9sultat est un son d&rsquo;ensemble riche et multidimensionnel, dont les\u00a0 timbres individuels peuvent, selon les exigences de la partition, ais\u00e9ment se distinguer gr\u00e2ce aux contours clairement dessin\u00e9s que leur fournit la nouvelle configuration.\u00a0Les textures et les couleurs de l&rsquo;orchestration raffin\u00e9e de Stravinski se d\u00e9ploient presque sans contraintes dans cet \u00e9crin. Apr\u00e8s l&rsquo;exigeant solo de basson d&rsquo;ouverture, admirablement jou\u00e9 par <strong>St\u00e9phane L\u00e9vesque<\/strong>, les fr\u00e9missements de la nature du premier tableau sonnaient absolument comme une dense jungle amazonienne fourmillant de cris et de chants d&rsquo;une vari\u00e9t\u00e9 innombrable de cr\u00e9atures vivantes.<\/p>\n<p>Ayant assist\u00e9 maintenant \u00e0 quelques concerts de l&rsquo;<strong>OSM<\/strong> servant de s\u00e9ances d&rsquo;enregistrements pour des albums (<em>Pell\u00e9as et M\u00e9lisande<\/em> et <em>Verkl\u00e4rte Nacht <\/em>de Schoenberg, <em>Symphonie fantastique <\/em>de Berlioz), j&rsquo;ai toujours la m\u00eame impression, certainement compr\u00e9hensible, d&rsquo;un degr\u00e9 suppl\u00e9mentaire de prudence et de retenue que je ne ressens pas quand il s&rsquo;agit d&rsquo;enregistrements vid\u00e9o. Magr\u00e9 la f\u00e9rocit\u00e9 des coups de timbales et de grosse caisse percutants, malgr\u00e9 l&rsquo;impact sonore de cors, trompettes et trombones puissants et cuivr\u00e9s \u00e0 souhait, malgr\u00e9 une section de bois respirant d&rsquo;un seul souffle, malgr\u00e9 le son frustre et m\u00eame primal \u00e9mis occasionnellement par les cordes, certains passages conservaient un aspect trop contr\u00f4l\u00e9, surtout dans la premi\u00e8re partie de l&rsquo;\u0153uvre. L&rsquo;assurance s&rsquo;est progressivement install\u00e9e, surtout \u00e0 partir du crescendo vers la <em>Glorification de l&rsquo;\u00e9lue <\/em>menant \u00e0 une fin d\u00e9cha\u00een\u00e9e et \u00e9clatante.<\/p>\n<p>&nbsp;<\/p>\n<figure id=\"attachment_92983\" aria-describedby=\"caption-attachment-92983\" style=\"width: 1200px\" class=\"wp-caption aligncenter\"><img decoding=\"async\" loading=\"lazy\" class=\"size-full wp-image-92983\" src=\"https:\/\/www.ludwig-van.com\/montreal\/wp-content\/uploads\/sites\/3\/2026\/04\/Bruce-Liu_Antoine-Saito.jpg\" alt=\"Bruce Liu (Photo : Antoine Saito)\" width=\"1200\" height=\"800\" srcset=\"https:\/\/www.ludwig-van.com\/montreal\/wp-content\/uploads\/sites\/3\/2026\/04\/Bruce-Liu_Antoine-Saito.jpg 1200w, https:\/\/www.ludwig-van.com\/montreal\/wp-content\/uploads\/sites\/3\/2026\/04\/Bruce-Liu_Antoine-Saito-300x200.jpg 300w, https:\/\/www.ludwig-van.com\/montreal\/wp-content\/uploads\/sites\/3\/2026\/04\/Bruce-Liu_Antoine-Saito-1024x683.jpg 1024w, https:\/\/www.ludwig-van.com\/montreal\/wp-content\/uploads\/sites\/3\/2026\/04\/Bruce-Liu_Antoine-Saito-768x512.jpg 768w\" sizes=\"(max-width: 1200px) 100vw, 1200px\" \/><figcaption id=\"caption-attachment-92983\" class=\"wp-caption-text\">Bruce Liu (Photo : Antoine Saito)<\/figcaption><\/figure>\n<p>Cette prudence contrastait avec la premi\u00e8re partie, o\u00f9 le pianiste invit\u00e9 <strong>Bruce Liu<\/strong> a entra\u00een\u00e9 l&rsquo;orchestre dans une interpr\u00e9tation emplie de fra\u00eecheur du <em>Premier concerto pour piano<\/em> de Tcha\u00efkovski. <strong>Liu<\/strong> y infuse un esprit juv\u00e9nile \u00e0 la fois na\u00eff et fanfaron, appuy\u00e9 sur un art consomm\u00e9 de l&rsquo;expression narrative. Il donne ainsi \u00e0 ce concerto archiconnu un esprit fantaisiste \u00e0 la <em>Alice au pays des merveilles<\/em>, o\u00f9 les revirements les plus inattendus deviennent possibles. <strong>Rafael Payare<\/strong> et l&rsquo;<strong>OSM<\/strong> se sont pr\u00eat\u00e9s au jeu, faisant ressortir dans la partie d&rsquo;orchestre des rapprochements avec la musique compos\u00e9e par Tcha\u00efkovski pour une autre histoire fantastique pour les enfants,<em>\u00a0Casse-Noisette<\/em>. Le deuxi\u00e8me mouvement r\u00e9ussissait m\u00eame \u00e0 annoncer la fra\u00eecheur de la jeune Juliette telle que mise en musique par Prokofiev dans son ballet, tandis que dans le mouvement final, c&rsquo;est l&rsquo;atmosph\u00e8re villageoise rustique du <em>Petrouchka<\/em> de Stravinski qui semblait flotter \u00e0 port\u00e9e des doigts agiles de Liu &#8211; toutes des musiques de ballets narratifs, preuve de l&#8217;emphase mise sur le r\u00e9cit dans l&rsquo;approche de <strong>Liu<\/strong>.<\/p>\n<p>Le pianiste a puis\u00e9 dans un autre registre expressif pour le rappel, interpr\u00e9tant avec douceur l&rsquo;\u00e9vanescente <em>R\u00eaverie<\/em> de Debussy.<\/p>\n<p><em>La travers\u00e9e<\/em>, \u0153uvre \u00e9vocatrice command\u00e9e par l&rsquo;<strong>OSM<\/strong> au compositeur qu\u00e9b\u00e9cois <strong>Denis Gougeon<\/strong> et d\u00e9di\u00e9e \u00e0 <strong>Rafael Payare<\/strong>, avait donn\u00e9 le ton de la soir\u00e9e en ouverture de concert. La travers\u00e9e imagin\u00e9e par <strong>Gougeon<\/strong>, pouvant \u00eatre interpr\u00e9t\u00e9e autant comme un parcours physique que spirituel, est compos\u00e9e d&rsquo;\u00e9pisodes tour \u00e0 tour myst\u00e9rieux, triomphant ou \u00e9pique, signalant l&rsquo;atteinte de la destination finale par un th\u00e8me soutenu et lyrique. L&rsquo;inspiration dans un style musique de film est soulign\u00e9e par le glissando par lequel s&rsquo;installe l&rsquo;accord majeur final, rappelant l&rsquo;insigne sonore de fid\u00e9lit\u00e9 audio THX.<\/p>\n<h2><em>Inscrivez-vous \u00e0 notre infolettre! La musique classique et l\u2019op\u00e9ra en 5 minutes, chaque jour<\/em> <a href=\"https:\/\/ludwig-van.us9.list-manage.com\/subscribe?u=4f785cb3f9058f2393ccad035&amp;id=b9b160c032\" target=\"_blank\" rel=\"noopener noreferrer\">ICI<\/a>.<\/h2>\n","protected":false},"excerpt":{"rendered":"<p>C&rsquo;est maintenant chose faite, l&rsquo;OSM a annonc\u00e9 le renouvellement du contrat de Rafael Payare pour une dur\u00e9e additionnelle de cinq ans, soit jusqu&rsquo;\u00e0 la fin de la saison 2031-2032. Ce nouveau mandat \u00e9l\u00e8ve le dynamique chef au statut de directeur musical et artistique, consacrant l&#8217;empreinte importante de celui-ci sur l&rsquo;identit\u00e9 musicale et sociale de l&rsquo;Orchestre. \u00c0 la Maison symphonique la semaine derni\u00e8re, le public a accueilli la nouvelle avec des applaudissements fournis et des cris de joie, manifestant son appui enthousiaste au maestro v\u00e9n\u00e9zu\u00e9lien, visiblement touch\u00e9. Prenant le micro, celui-ci a parl\u00e9 de \u00ab\u00a0magie\u00a0\u00bb et d&rsquo;une \u00ab\u00a0lune de miel qui se poursuit\u00a0\u00bb sans fin.<\/p>\n","protected":false},"author":55,"featured_media":92980,"comment_status":"open","ping_status":"open","sticky":false,"template":"","format":"standard","meta":{"om_disable_all_campaigns":false,"jetpack_post_was_ever_published":false},"categories":[42368,52],"tags":[42369,2542],"yst_prominent_words":[38977,14253,7202,14959,11153,9813,10443,31035,9811,13255,11593,41121,8757,33286,11620,24802,17099,20367,13114],"acf":[],"jetpack_featured_media_url":"https:\/\/www.ludwig-van.com\/montreal\/wp-content\/uploads\/sites\/3\/2026\/04\/Copie-de-CRITIQUE30.jpg","jetpack_sharing_enabled":true,"jetpack_shortlink":"https:\/\/wp.me\/p9bdYt-oaw","amp_enabled":true,"_links":{"self":[{"href":"https:\/\/www.ludwig-van.com\/montreal\/wp-json\/wp\/v2\/posts\/92908"}],"collection":[{"href":"https:\/\/www.ludwig-van.com\/montreal\/wp-json\/wp\/v2\/posts"}],"about":[{"href":"https:\/\/www.ludwig-van.com\/montreal\/wp-json\/wp\/v2\/types\/post"}],"author":[{"embeddable":true,"href":"https:\/\/www.ludwig-van.com\/montreal\/wp-json\/wp\/v2\/users\/55"}],"replies":[{"embeddable":true,"href":"https:\/\/www.ludwig-van.com\/montreal\/wp-json\/wp\/v2\/comments?post=92908"}],"version-history":[{"count":3,"href":"https:\/\/www.ludwig-van.com\/montreal\/wp-json\/wp\/v2\/posts\/92908\/revisions"}],"predecessor-version":[{"id":92984,"href":"https:\/\/www.ludwig-van.com\/montreal\/wp-json\/wp\/v2\/posts\/92908\/revisions\/92984"}],"wp:featuredmedia":[{"embeddable":true,"href":"https:\/\/www.ludwig-van.com\/montreal\/wp-json\/wp\/v2\/media\/92980"}],"wp:attachment":[{"href":"https:\/\/www.ludwig-van.com\/montreal\/wp-json\/wp\/v2\/media?parent=92908"}],"wp:term":[{"taxonomy":"category","embeddable":true,"href":"https:\/\/www.ludwig-van.com\/montreal\/wp-json\/wp\/v2\/categories?post=92908"},{"taxonomy":"post_tag","embeddable":true,"href":"https:\/\/www.ludwig-van.com\/montreal\/wp-json\/wp\/v2\/tags?post=92908"},{"taxonomy":"yst_prominent_words","embeddable":true,"href":"https:\/\/www.ludwig-van.com\/montreal\/wp-json\/wp\/v2\/yst_prominent_words?post=92908"}],"curies":[{"name":"wp","href":"https:\/\/api.w.org\/{rel}","templated":true}]}}