{"id":92326,"date":"2026-03-16T12:11:01","date_gmt":"2026-03-16T16:11:01","guid":{"rendered":"https:\/\/www.ludwig-van.com\/montreal\/?p=92326"},"modified":"2026-03-17T16:26:33","modified_gmt":"2026-03-17T20:26:33","slug":"choix-de-la-redaction-affuter-son-ame-par-la-musique","status":"publish","type":"post","link":"https:\/\/www.ludwig-van.com\/montreal\/2026\/03\/16\/choix-de-la-redaction-affuter-son-ame-par-la-musique\/","title":{"rendered":"CHOIX DE LA R\u00c9DACTION | Aff\u00fbter son \u00e2me par la musique"},"content":{"rendered":"<figure id=\"attachment_92339\" aria-describedby=\"caption-attachment-92339\" style=\"width: 1200px\" class=\"wp-caption aligncenter\"><img decoding=\"async\" loading=\"lazy\" class=\"size-full wp-image-92339\" src=\"https:\/\/www.ludwig-van.com\/montreal\/wp-content\/uploads\/sites\/3\/2026\/03\/Copie-de-CONCERTS16.jpg\" alt=\"Tabea Zimmermann (Photo : Marco Borggreve); Benjamin Deschamps aux JMC; Trio Bohemo (Photo : Andrej Grilc)\" width=\"1200\" height=\"628\" srcset=\"https:\/\/www.ludwig-van.com\/montreal\/wp-content\/uploads\/sites\/3\/2026\/03\/Copie-de-CONCERTS16.jpg 1200w, https:\/\/www.ludwig-van.com\/montreal\/wp-content\/uploads\/sites\/3\/2026\/03\/Copie-de-CONCERTS16-300x157.jpg 300w, https:\/\/www.ludwig-van.com\/montreal\/wp-content\/uploads\/sites\/3\/2026\/03\/Copie-de-CONCERTS16-1024x536.jpg 1024w, https:\/\/www.ludwig-van.com\/montreal\/wp-content\/uploads\/sites\/3\/2026\/03\/Copie-de-CONCERTS16-768x402.jpg 768w\" sizes=\"(max-width: 1200px) 100vw, 1200px\" \/><figcaption id=\"caption-attachment-92339\" class=\"wp-caption-text\">Tabea Zimmermann (Photo : Marco Borggreve); Benjamin Deschamps aux JMC; Trio Bohemo (Photo : Andrej Grilc)<\/figcaption><\/figure>\n<p>Il arrive r\u00e9guli\u00e8rement que nous vous disions qu\u2019il y en a pour tous les go\u00fbts dans les Choix de la r\u00e9daction, mais l\u00e0, vraiment, on peut difficilement faire mieux &#8211; m\u00eame les Vikings auraient eu un spectacle \u00e0 leur go\u00fbt! Pour ceux et celles qui pr\u00e9f\u00e8rent rester les deux pieds sur terre, il y a bien des possibilit\u00e9s aussi. Op\u00e9ra, musique contemporaine, baroque, trio, r\u00e9cital, jazz fusionn\u00e9 au classique, artistes d\u2019ici et d\u2019ailleurs, films sur les arts &#8211; tous devraient y trouver leur compte. Les Vikings disaient \u00ab De m\u00eame que l&rsquo;\u00e9p\u00e9e doit \u00eatre aff\u00fbt\u00e9e dans le fourreau, l&rsquo;esprit et l&rsquo;\u00e2me doivent l\u2019\u00eatre dans le corps. \u00bb Quoi de mieux pour aff\u00fbter votre esprit et votre \u00e2me que de faire une sortie musicale?<\/p>\n<h3><img decoding=\"async\" loading=\"lazy\" class=\"aligncenter size-full wp-image-92216\" src=\"https:\/\/www.ludwig-van.com\/montreal\/wp-content\/uploads\/sites\/3\/2026\/03\/Signature-FIFA44_cropped.png\" alt=\"\" width=\"1200\" height=\"493\" srcset=\"https:\/\/www.ludwig-van.com\/montreal\/wp-content\/uploads\/sites\/3\/2026\/03\/Signature-FIFA44_cropped.png 1200w, https:\/\/www.ludwig-van.com\/montreal\/wp-content\/uploads\/sites\/3\/2026\/03\/Signature-FIFA44_cropped-300x123.png 300w, https:\/\/www.ludwig-van.com\/montreal\/wp-content\/uploads\/sites\/3\/2026\/03\/Signature-FIFA44_cropped-1024x421.png 1024w, https:\/\/www.ludwig-van.com\/montreal\/wp-content\/uploads\/sites\/3\/2026\/03\/Signature-FIFA44_cropped-768x316.png 768w\" sizes=\"(max-width: 1200px) 100vw, 1200px\" \/><\/h3>\n<h3>Festival International du Film sur l\u2019art<\/h3>\n<p>Le Festival International du Film sur l\u2019art se poursuit toute la semaine. Une multitude de courts, moyens et longs m\u00e9trages seront pr\u00e9sent\u00e9s dans diff\u00e9rents lieux, autant de jour que de soir. Toutes sortes de formes d\u2019art y sont repr\u00e9sent\u00e9es : arts visuels, danse, architecture, musique, litt\u00e9rature, th\u00e9\u00e2tre\u2026 Il y en a vraiment pour tous les go\u00fbts! Cette semaine, nous vous proposons <i>Klavierklang<\/i> de <b>Nettie Wild<\/b> qui suit une jeune fille pour qui les le\u00e7ons de piano deviennent source de stress et de crainte de l\u2019erreur et qui, \u00e0 l\u2019\u00e2ge adulte, red\u00e9couvre comment la musique, et le piano, peuvent \u00eatre lib\u00e9rateur. Nous vous invitons \u00e9galement \u00e0 visionner <i>Terre, pierre et feu<\/i>, une s\u00e9rie de cinq vid\u00e9os dans lesquelles <b>Mario C\u00f4t\u00e9<\/b> suit le <b>Nouvel Ensemble Moderne<\/b> de Montr\u00e9al (NEM) dans ses r\u00e9p\u00e9titions et concerts, afin d\u2019y d\u00e9couvrir le processus de cr\u00e9ation, des premi\u00e8res notes jusqu\u2019au repr\u00e9sentations devant public. Finalement, les amateurs\u00b7trices de danse seront combl\u00e9\u00b7e\u00b7s lors de la <i>Nuit de la danse<\/i> au Th\u00e9\u00e2tre Outremont le 19 mars de 19h \u00e0 23h o\u00f9 tous les films pr\u00e9sent\u00e9s sont en lien avec cet art &#8211; c\u2019est \u00e0 ne pas manquer!<\/p>\n<p>TOUTE LA SEMAINE, DIFF\u00c9RENTS LIEUX\u00a0 <a href=\"https:\/\/lefifa.com\/nouvelles\/le-fifa-devoile-sa-44e-edition?gad_source=1&amp;gad_campaignid=22270409174&amp;gbraid=0AAAAACkb1pMlTcHKmlc0OJW9ytsxovoHm&amp;gclid=Cj0KCQjwsdnNBhC4ARIsAA_3hegPOikys0XVodw4juLNQYEfAqA32QPIhd_W5ke_LxqTImfHqmp7szAaAkhwEALw_wcB\" target=\"_blank\" rel=\"noopener\">PROGRAMMATION COMPL\u00c8TE<\/a><\/p>\n<p>&nbsp;<\/p>\n<p><img decoding=\"async\" loading=\"lazy\" class=\"aligncenter size-full wp-image-92327\" src=\"https:\/\/www.ludwig-van.com\/montreal\/wp-content\/uploads\/sites\/3\/2026\/03\/Helmut-Deutsch.png\" alt=\"\" width=\"1200\" height=\"712\" srcset=\"https:\/\/www.ludwig-van.com\/montreal\/wp-content\/uploads\/sites\/3\/2026\/03\/Helmut-Deutsch.png 1200w, https:\/\/www.ludwig-van.com\/montreal\/wp-content\/uploads\/sites\/3\/2026\/03\/Helmut-Deutsch-300x178.png 300w, https:\/\/www.ludwig-van.com\/montreal\/wp-content\/uploads\/sites\/3\/2026\/03\/Helmut-Deutsch-1024x608.png 1024w, https:\/\/www.ludwig-van.com\/montreal\/wp-content\/uploads\/sites\/3\/2026\/03\/Helmut-Deutsch-768x456.png 768w\" sizes=\"(max-width: 1200px) 100vw, 1200px\" \/><\/p>\n<h3>Bo Wang, baryton, et Helmut Deutsch, piano<\/h3>\n<p>Pr\u00e9sent\u00e9 dans le cadre de la R\u00e9sidence UdeM-McGill en piano-art vocal, ce r\u00e9cital met en vedette le baryton <b>Bo Wang<\/b> et le pianiste <b>Helmut Deutsch<\/b> dans un programme de lieder de Schubert, Wolf et Mahler. L\u2019entr\u00e9e est libre, profitez-en!<\/p>\n<p>LE 16 MARS, 19 H 30, SALLE REDPATH<\/p>\n<h3><img decoding=\"async\" loading=\"lazy\" class=\"aligncenter size-full wp-image-92328\" src=\"https:\/\/www.ludwig-van.com\/montreal\/wp-content\/uploads\/sites\/3\/2026\/03\/Caprice-en-concert.png\" alt=\"\" width=\"1200\" height=\"756\" srcset=\"https:\/\/www.ludwig-van.com\/montreal\/wp-content\/uploads\/sites\/3\/2026\/03\/Caprice-en-concert.png 1200w, https:\/\/www.ludwig-van.com\/montreal\/wp-content\/uploads\/sites\/3\/2026\/03\/Caprice-en-concert-300x189.png 300w, https:\/\/www.ludwig-van.com\/montreal\/wp-content\/uploads\/sites\/3\/2026\/03\/Caprice-en-concert-1024x645.png 1024w, https:\/\/www.ludwig-van.com\/montreal\/wp-content\/uploads\/sites\/3\/2026\/03\/Caprice-en-concert-768x484.png 768w\" sizes=\"(max-width: 1200px) 100vw, 1200px\" \/><\/h3>\n<h3>Caprice &#8211; Telemann<\/h3>\n<p>L\u2019<b>Ensemble Caprice<\/b> fera revivre Telemann sous la direction de <b>Matthias Maute<\/b> ce soir dans la grande salle du 9e du Centre Eaton. L\u2019Ensemble vous pr\u00e9sentera des airs d\u2019op\u00e9ras, des cantates, des pi\u00e8ces o\u00f9 fl\u00fbte \u00e0 bec et fl\u00fbte traversi\u00e8re dialogueront, et une incursion dans le monde de la musique nomade de l\u2019Europe de l\u2019est, tous de Georg Philipp Telemann. Un programme mettant de l\u2019avant toute l\u2019audace et la curiosit\u00e9 du monde du compositeur allemand!<\/p>\n<p>LE 16 MARS, 17 H, LE 9E\u00a0 <a href=\"https:\/\/m0rf3.r.a.d.sendibm1.com\/mk\/mr\/sh\/SMJz09SDriOHUOKYxxyQaxRFj6oL\/3HqprZEEwTMz\" target=\"_blank\" rel=\"noopener\">D\u00c9TAILS ET BILLETS<\/a><\/p>\n<p>&nbsp;<\/p>\n<p><img decoding=\"async\" loading=\"lazy\" class=\"aligncenter size-full wp-image-92329\" src=\"https:\/\/www.ludwig-van.com\/montreal\/wp-content\/uploads\/sites\/3\/2026\/03\/Benjamin-Deschamps-Dialogues.png\" alt=\"\" width=\"1200\" height=\"703\" srcset=\"https:\/\/www.ludwig-van.com\/montreal\/wp-content\/uploads\/sites\/3\/2026\/03\/Benjamin-Deschamps-Dialogues.png 1200w, https:\/\/www.ludwig-van.com\/montreal\/wp-content\/uploads\/sites\/3\/2026\/03\/Benjamin-Deschamps-Dialogues-300x176.png 300w, https:\/\/www.ludwig-van.com\/montreal\/wp-content\/uploads\/sites\/3\/2026\/03\/Benjamin-Deschamps-Dialogues-1024x600.png 1024w, https:\/\/www.ludwig-van.com\/montreal\/wp-content\/uploads\/sites\/3\/2026\/03\/Benjamin-Deschamps-Dialogues-768x450.png 768w\" sizes=\"(max-width: 1200px) 100vw, 1200px\" \/><\/p>\n<h3>Benjamin Deschamps &#8211; <i>Dialogues<\/i><\/h3>\n<p>Le saxophoniste <b>Benjamin Deschamps<\/b> s\u2019allie \u00e0 la violoniste <b>Nadia Monczak<\/b>, \u00e0 la pianiste <b>Gentiane MG<\/b>, et au contrebassiste <b>Levi Dover<\/b> pour cr\u00e9er un quatuor dans lequel jazz et musique classique se fusionnent. Dans un programme de compositions originales et d\u2019\u0153uvres classiques revisit\u00e9es, les quatre artistes investiguent les limites entre leur style respectif en y ajoutant leur touche personnelle. Un concert o\u00f9 po\u00e9sie, passion et improvisation dialoguent et s\u2019entrem\u00ealent pour le plus grand bonheur des oreilles du public!<\/p>\n<p>LE 17 MARS, 19 H, SALLE JOSEPH-ROULEAU\u00a0<a href=\"https:\/\/www.jmcanada.ca\/fr\/concerts\/benjamin-deschamps-dialogues\/?utm_source=Jeunesses+Musicales+Canada&amp;utm_campaign=8eb6c5c22b-EMAIL_CAMPAIGN_2023_10_18_03_58_COPY_01&amp;utm_medium=email&amp;utm_term=0_-0b057601e2-579473013\" target=\"_blank\" rel=\"noopener\"> D\u00c9TAILS ET BILLETS<\/a><\/p>\n<p>&nbsp;<\/p>\n<figure id=\"attachment_92330\" aria-describedby=\"caption-attachment-92330\" style=\"width: 1200px\" class=\"wp-caption aligncenter\"><img decoding=\"async\" loading=\"lazy\" class=\"size-full wp-image-92330\" src=\"https:\/\/www.ludwig-van.com\/montreal\/wp-content\/uploads\/sites\/3\/2026\/03\/Constantinople_courtoisie.jpg\" alt=\"Constantinople (Photo : courtoisie)\" width=\"1200\" height=\"800\" srcset=\"https:\/\/www.ludwig-van.com\/montreal\/wp-content\/uploads\/sites\/3\/2026\/03\/Constantinople_courtoisie.jpg 1200w, https:\/\/www.ludwig-van.com\/montreal\/wp-content\/uploads\/sites\/3\/2026\/03\/Constantinople_courtoisie-300x200.jpg 300w, https:\/\/www.ludwig-van.com\/montreal\/wp-content\/uploads\/sites\/3\/2026\/03\/Constantinople_courtoisie-1024x683.jpg 1024w, https:\/\/www.ludwig-van.com\/montreal\/wp-content\/uploads\/sites\/3\/2026\/03\/Constantinople_courtoisie-768x512.jpg 768w\" sizes=\"(max-width: 1200px) 100vw, 1200px\" \/><figcaption id=\"caption-attachment-92330\" class=\"wp-caption-text\">Constantinople (Photo : courtoisie)<\/figcaption><\/figure>\n<h3>Constantinople et Holland Baroque &#8211; <i>Dialogos<\/i><\/h3>\n<p>L\u2019ensemble montr\u00e9alais <b>Constantinople<\/b> est reconnu internationalement pour ses performances m\u00e9tissant musiques traditionnelles, r\u00e9pertoire historique et improvisation. Enfin de poursuivre sa mission d\u2019encourager les \u00e9changes entre les cultures et les diff\u00e9rents horizons musicaux, Constantinople collabore sans cesse avec de multiples artistes et cette fois, c\u2019est avec l\u2019ensemble <b>Holland Baroque<\/b> qu\u2019il a travaill\u00e9 afin de vous pr\u00e9senter <i>Dialogos<\/i>. \u00c9v\u00e9nement novateur \u00e0 la sonorit\u00e9 unique, <i>Dialogos <\/i>est une cr\u00e9ation inspir\u00e9e de la rencontre historique du sultan Malik al-K\u00e2mil et Fran\u00e7ois d\u2019Assise, un dialogue empreint de respect et d\u2019\u00e9coute \u00e9tant devenu un symbole de paix et de compr\u00e9hension. La repr\u00e9sentation \u00e0 la Salle Bourgie est compl\u00e8te, mais vous pouvez vous d\u00e9placer \u00e0 Qu\u00e9bec ou \u00e0 Ottawa pour assister \u00e0 ce concert c\u00e9l\u00e9brant l\u2019humanit\u00e9.<\/p>\n<p>\u00c0 QU\u00c9BEC : LE 17 MARS, 20 H, GRAND TH\u00c9\u00c2TRE DE QU\u00c9BEC\u00a0 <a href=\"https:\/\/grandtheatre.qc.ca\/programmation\/constantinople-holland-baroque\/\" target=\"_blank\" rel=\"noopener\">D\u00c9TAILS ET BILLETS<\/a><\/p>\n<p>\u00c0 OTTAWA : LE 20 MARS, 20 H, TRINITY ST. PAUL\u2019S UNITED CHURCH\u00a0 <a href=\"https:\/\/tickets.smallworldmusic.com\/e\/dialogos-the-sultan-and-the-bird\" target=\"_blank\" rel=\"noopener\">D\u00c9TAILS ET BILLETS<\/a><\/p>\n<p>&nbsp;<\/p>\n<figure id=\"attachment_92336\" aria-describedby=\"caption-attachment-92336\" style=\"width: 1200px\" class=\"wp-caption aligncenter\"><img decoding=\"async\" loading=\"lazy\" class=\"size-full wp-image-92336\" src=\"https:\/\/www.ludwig-van.com\/montreal\/wp-content\/uploads\/sites\/3\/2026\/03\/Tabea_Zimmermann_CR_Marco_Borggreve.jpg\" alt=\"Tabea Zimmermann (Photo : Marco Borggreve)\" width=\"1200\" height=\"801\" srcset=\"https:\/\/www.ludwig-van.com\/montreal\/wp-content\/uploads\/sites\/3\/2026\/03\/Tabea_Zimmermann_CR_Marco_Borggreve.jpg 1200w, https:\/\/www.ludwig-van.com\/montreal\/wp-content\/uploads\/sites\/3\/2026\/03\/Tabea_Zimmermann_CR_Marco_Borggreve-300x200.jpg 300w, https:\/\/www.ludwig-van.com\/montreal\/wp-content\/uploads\/sites\/3\/2026\/03\/Tabea_Zimmermann_CR_Marco_Borggreve-1024x684.jpg 1024w, https:\/\/www.ludwig-van.com\/montreal\/wp-content\/uploads\/sites\/3\/2026\/03\/Tabea_Zimmermann_CR_Marco_Borggreve-768x513.jpg 768w\" sizes=\"(max-width: 1200px) 100vw, 1200px\" \/><figcaption id=\"caption-attachment-92336\" class=\"wp-caption-text\">Tabea Zimmermann (Photo : Marco Borggreve)<\/figcaption><\/figure>\n<h3>Tabea Zimmermann, alto &amp; Javier Perianes, piano<\/h3>\n<p>Dans le cadre de leur tourn\u00e9e internationale, les deux artistes de renoms <b>Tabea Zimmermann<\/b>, alto, et <b>Javier Perianes<\/b>, piano, s\u2019arr\u00eateront \u00e0 Qu\u00e9bec le 17 mars et \u00e0 Montr\u00e9al le 18 mars. Celle qui a enregistr\u00e9 presque tout le r\u00e9pertoire de son instrument fa\u00e7onne profond\u00e9ment le monde musical, bien au-del\u00e0 de la sc\u00e8ne. Lorsque cette altiste lumineuse s\u2019associe au pianiste espagnol reconnu pour son jeu inventif, il ne peut qu\u2019en ressortir une musique unique autant passionn\u00e9e que songeuse. Quoique Tabea Zimmermann ait inspir\u00e9 des cr\u00e9ations contemporaines ayant contribu\u00e9es \u00e0 \u00e9tendre le r\u00e9pertoire, c\u2019est un programme d\u2019\u0153uvres de 1849 \u00e0 1975 qui sera pr\u00e9sent\u00e9 lors de leur tourn\u00e9e.<\/p>\n<p>\u00c0 QU\u00c9BEC : LE 17 MARS, 19 H 30, PALAIS MONTCALM\u00a0 <a href=\"https:\/\/palaismontcalm-clubmusical.tuxedobillet.com\/clubmusical\/tabea-zimmermann-et-javier-perianes\" target=\"_blank\" rel=\"noopener\">D\u00c9TAILS ET BILLETS<\/a><\/p>\n<p>\u00c0 MONTR\u00c9AL : LE 18 MARS, 19 H 30, SALLE BOURGIE\u00a0 <a href=\"https:\/\/www.mbam.qc.ca\/fr\/activites\/tabea-zimmermann-alto-javier-perianes-piano\/\" target=\"_blank\" rel=\"noopener\">D\u00c9TAILS ET BILLETS<\/a><\/p>\n<p>&nbsp;<\/p>\n<figure id=\"attachment_60962\" aria-describedby=\"caption-attachment-60962\" style=\"width: 1024px\" class=\"wp-caption aligncenter\"><img decoding=\"async\" loading=\"lazy\" class=\"size-full wp-image-60962\" src=\"https:\/\/www.ludwig-van.com\/montreal\/wp-content\/uploads\/sites\/3\/2017\/09\/6-oct-Magali-Simard-Galdes-cre\u0301dit-Brent-Calis.jpg\" alt=\"Magali Simard-Galdes\" width=\"1024\" height=\"731\" srcset=\"https:\/\/www.ludwig-van.com\/montreal\/wp-content\/uploads\/sites\/3\/2017\/09\/6-oct-Magali-Simard-Galdes-cre\u0301dit-Brent-Calis.jpg 1024w, https:\/\/www.ludwig-van.com\/montreal\/wp-content\/uploads\/sites\/3\/2017\/09\/6-oct-Magali-Simard-Galdes-cre\u0301dit-Brent-Calis-300x214.jpg 300w, https:\/\/www.ludwig-van.com\/montreal\/wp-content\/uploads\/sites\/3\/2017\/09\/6-oct-Magali-Simard-Galdes-cre\u0301dit-Brent-Calis-768x548.jpg 768w\" sizes=\"(max-width: 1024px) 100vw, 1024px\" \/><figcaption id=\"caption-attachment-60962\" class=\"wp-caption-text\">Magali Gald\u00e8s-Simard, soprano. (Photo : Brent Calis)<\/figcaption><\/figure>\n<h3><i>Lumi\u00e8res du baroque<\/i><\/h3>\n<p><b>Magali Simard-Gald\u00e8s<\/b>, soprano, <b>Fran\u00e7ois Viault<\/b>, basson, <b>Andrea Stewart<\/b>, violoncelle, et <b>M\u00e9lisande McNabney<\/b>, clavecin, se r\u00e9unissent tout sp\u00e9cialement pour ce concert dans lequel des cantates de Haendel, Bach et Plati seront pr\u00e9sent\u00e9es. Se distinguant par un timbre cristallin et brillant, la soprano sait aussi se pourvoir de couleurs sonores riches et sensuelles selon le r\u00e9pertoire. Sa ma\u00eetrise vocale et sa musicalit\u00e9 lui permettent de toucher \u00e0 un grand r\u00e9pertoire, mais elle affectionne tout particuli\u00e8rement le baroque, genre musical dans lequel se sp\u00e9cialisent les trois instrumentistes avec qui elle partagera la sc\u00e8ne de la salle Paul-Desmarais cette semaine.<\/p>\n<p>LE 18 MARS, 19 H 30, SALLE PAUL-DESMARAIS\u00a0 <a href=\"https:\/\/montreal.ca\/evenements\/lumieres-du-baroque-102989\" target=\"_blank\" rel=\"noopener\">D\u00c9TAILS ET BILLETS<\/a><\/p>\n<p>&nbsp;<\/p>\n<figure id=\"attachment_92335\" aria-describedby=\"caption-attachment-92335\" style=\"width: 1200px\" class=\"wp-caption aligncenter\"><img decoding=\"async\" loading=\"lazy\" class=\"size-full wp-image-92335\" src=\"https:\/\/www.ludwig-van.com\/montreal\/wp-content\/uploads\/sites\/3\/2026\/03\/Trio_trombones_OSD.jpg\" alt=\"Le trio de trombones de l'OSD (Photo : courtoisie OSD)\" width=\"1200\" height=\"800\" srcset=\"https:\/\/www.ludwig-van.com\/montreal\/wp-content\/uploads\/sites\/3\/2026\/03\/Trio_trombones_OSD.jpg 1200w, https:\/\/www.ludwig-van.com\/montreal\/wp-content\/uploads\/sites\/3\/2026\/03\/Trio_trombones_OSD-300x200.jpg 300w, https:\/\/www.ludwig-van.com\/montreal\/wp-content\/uploads\/sites\/3\/2026\/03\/Trio_trombones_OSD-1024x683.jpg 1024w, https:\/\/www.ludwig-van.com\/montreal\/wp-content\/uploads\/sites\/3\/2026\/03\/Trio_trombones_OSD-768x512.jpg 768w\" sizes=\"(max-width: 1200px) 100vw, 1200px\" \/><figcaption id=\"caption-attachment-92335\" class=\"wp-caption-text\">Le trio de trombones de l&rsquo;OSD (Photo : courtoisie OSD)<\/figcaption><\/figure>\n<h3>\u00c0 Drummondville : OSD &#8211; <i>Carmen et les trois trombones<\/i><\/h3>\n<p>L\u2019<b>Orchestre symphonique de Drummondville<\/b> vous invite, sous la direction de <b>Julien Proulx<\/b>, \u00e0 un concert \u00e0 l\u2019image du d\u00e9but du printemps : \u00e0 la fois sombre et lumineux! La soir\u00e9e s\u2019ouvrira sur <i>Symphonie de chambre<\/i> de Chostakovitch, arrangement de son <i>Quatuor no 8<\/i> qu\u2019il composa en tant qu\u2019\u0153uvre \u00e0 sa propre m\u00e9moire, \u00e9crivant \u00e0 son ami Isaak Glikman : \u00abJe me suis dit qu\u2019apr\u00e8s ma mort, personne sans doute ne composerait d\u2019\u0153uvre \u00e0 ma m\u00e9moire. J\u2019ai donc r\u00e9solu d\u2019en composer une moi-m\u00eame.\u00bb Cette composition, qui sera finalement officiellement d\u00e9di\u00e9e aux victimes de la guerre et du fascisme, sera suivie par <i>Crisantemi <\/i>de Puccini, inspir\u00e9e par la mort du prince Amadeo di Savoia et nomm\u00e9e ainsi \u00e0 cause des fleurs chrysanth\u00e8mes souvent associ\u00e9es aux rites fun\u00e9raires. Par la suite, ce sera le tour du rarement jou\u00e9 <i>Concerto pour trois trombones<\/i> de Derek Bourgeois, compositeurs anglais au catalogue vertigineux (on y compte 116 symphonies en plus d\u2019innombrables \u0153uvres de tous styles confondus!) qui affectionnait mettre les cuivres en valeur. Ce trio sera interpr\u00e9t\u00e9 par les trombonistes de l\u2019Orchestre, <b>S\u00e9bastien C\u00f4t\u00e9<\/b>,<b> Renaud Gratton <\/b>et <b>Matthieu Bourget<\/b>. Pour conclure, l\u2019Orchestre pr\u00e9sentera la <i>Suite Carmen<\/i> de Rodion Chtchedrin. Lorsque le compositeur f\u00fbt approch\u00e9 pour \u00e9crire une musique pour le ballet <i>Carmen<\/i>, il \u00e9tait bien emb\u00eat\u00e9 puisque les m\u00e9lodies de l\u2019op\u00e9ra de Bizet \u00e9taient maintenant associ\u00e9es automatiquement au sujet. Il a donc \u00e9labor\u00e9 un arrangement de l\u2019op\u00e9ra pour orchestre \u00e0 cordes et percussion dont le succ\u00e8s ne s\u2019est jamais d\u00e9menti.<\/p>\n<p>LE 19 MARS, 19 H 30, MAISON DES ARTS DESJARDINS\u00a0 <a href=\"https:\/\/www.osdrummondville.com\/evenements\/les-grands-concerts-canimex\/carmen-et-les-trois-trombones\/\" target=\"_blank\" rel=\"noopener\">D\u00c9TAILS ET BILLETS<\/a><\/p>\n<p>&nbsp;<\/p>\n<figure id=\"attachment_87591\" aria-describedby=\"caption-attachment-87591\" style=\"width: 1200px\" class=\"wp-caption aligncenter\"><img decoding=\"async\" loading=\"lazy\" class=\"size-full wp-image-87591\" src=\"https:\/\/www.ludwig-van.com\/montreal\/wp-content\/uploads\/sites\/3\/2025\/05\/Ilya-poletaev_site-web.jpg\" alt=\"Ilya poletaev_site web\" width=\"1200\" height=\"903\" srcset=\"https:\/\/www.ludwig-van.com\/montreal\/wp-content\/uploads\/sites\/3\/2025\/05\/Ilya-poletaev_site-web.jpg 1200w, https:\/\/www.ludwig-van.com\/montreal\/wp-content\/uploads\/sites\/3\/2025\/05\/Ilya-poletaev_site-web-300x226.jpg 300w, https:\/\/www.ludwig-van.com\/montreal\/wp-content\/uploads\/sites\/3\/2025\/05\/Ilya-poletaev_site-web-1024x771.jpg 1024w, https:\/\/www.ludwig-van.com\/montreal\/wp-content\/uploads\/sites\/3\/2025\/05\/Ilya-poletaev_site-web-768x578.jpg 768w\" sizes=\"(max-width: 1200px) 100vw, 1200px\" \/><figcaption id=\"caption-attachment-87591\" class=\"wp-caption-text\">Ilya Poletaev (Photo : site web de l&rsquo;artiste)<\/figcaption><\/figure>\n<h3><i>Fragments d\u2019un si\u00e8cle en images<\/i> &#8211; film et improvisation musicale<\/h3>\n<p><b>Ilya Poletaev<\/b>, pianiste et sp\u00e9cialiste sur instruments d\u2019\u00e9poque, s\u2019est associ\u00e9 au directeur du Festival du Film sur l\u2019art, <b>Philippe Ulysse del Drago<\/b>, pour pr\u00e9senter cet \u00e9v\u00e9nement d\u2019arts crois\u00e9s. Que \u00e7a soit au piano, \u00e0 l\u2019orgue ou au clavecin, le musicien improvisera sur des vid\u00e9os s\u00e9lectionn\u00e9es par ledit directeur, qui est \u00e9galement photographe et vid\u00e9aste. D\u00e9but du cin\u00e9ma, cam\u00e9ras de surveillance, films de famille, images de la NASA, cr\u00e9ations faites par l\u2019intelligence artificielle\u2026 Philippe Ulysse del Drago a puis\u00e9 dans plusieurs sources pour s\u00e9lectionner les vid\u00e9os sur lesquelles l\u2019instrumentiste laissera aller son imagination et ses doigts sur les claviers.<\/p>\n<p>LE 20 MARS, 19 H 30, SALLE BOURGIE\u00a0 <a href=\"https:\/\/www.mbam.qc.ca\/fr\/activites\/fragments-d-un-siecle-en-images\/\" target=\"_blank\" rel=\"noopener\">D\u00c9TAILS ET BILLETS<\/a><\/p>\n<p>&nbsp;<\/p>\n<figure id=\"attachment_61992\" aria-describedby=\"caption-attachment-61992\" style=\"width: 1024px\" class=\"wp-caption aligncenter\"><img decoding=\"async\" loading=\"lazy\" class=\"size-full wp-image-61992\" src=\"https:\/\/www.ludwig-van.com\/montreal\/wp-content\/uploads\/sites\/3\/2019\/10\/Op\u00e9ra-McGill-cr\u00e9dit-Tam-Lan-Truong.jpg\" alt=\"Op\u00e9ra McGill (Photo : Tam Lan Truong)\" width=\"1024\" height=\"683\" srcset=\"https:\/\/www.ludwig-van.com\/montreal\/wp-content\/uploads\/sites\/3\/2019\/10\/Op\u00e9ra-McGill-cr\u00e9dit-Tam-Lan-Truong.jpg 1024w, https:\/\/www.ludwig-van.com\/montreal\/wp-content\/uploads\/sites\/3\/2019\/10\/Op\u00e9ra-McGill-cr\u00e9dit-Tam-Lan-Truong-300x200.jpg 300w, https:\/\/www.ludwig-van.com\/montreal\/wp-content\/uploads\/sites\/3\/2019\/10\/Op\u00e9ra-McGill-cr\u00e9dit-Tam-Lan-Truong-768x512.jpg 768w\" sizes=\"(max-width: 1024px) 100vw, 1024px\" \/><figcaption id=\"caption-attachment-61992\" class=\"wp-caption-text\">Op\u00e9ra McGill (Photo : Tam Lan Truong)<\/figcaption><\/figure>\n<h3>Op\u00e9ra McGill et Orchestre baroque McGill &#8211; <i>Alcina<\/i><\/h3>\n<p>L\u2019<b>Op\u00e9ra McGill<\/b> et l\u2019<b>Orchestre baroque McGill<\/b> ont pr\u00e9par\u00e9 pour le public <i>Alcina<\/i> de Haendel. Cet op\u00e9ra en trois actes, qui fut termin\u00e9 d\u2019\u00eatre compos\u00e9 en avril 1735 et pr\u00e9sent\u00e9 pour la premi\u00e8re fois quelques semaines plus tard, a \u00e9t\u00e9 un succ\u00e8s imm\u00e9diat. Alors que Haendel tentait d\u2019\u00e9tablir l\u2019op\u00e9ra italien \u00e0 Londres, John Gay est venu brouiller les cartes avec son \u0153uvre \u00e9minemment satirique <i>The Beggar\u2019s Opera<\/i> qui attira une partie du public vers ce genre comique. Et, comble de malheur pour Haendel, Nicola Porpora et sa troupe Opera of the Nobility concurren\u00e7aient sa propre troupe dans les op\u00e9ras s\u00e9rieux. Il eut donc la brillante id\u00e9e de cr\u00e9er un style qui plairait au nouveau go\u00fbt du public. Pari r\u00e9ussi puisqu\u2019il y eut 24 repr\u00e9sentations d\u2019<i>Alcina<\/i> entre 1735 et 1737. Tomb\u00e9 dans l\u2019oubli par la suite, il fut l\u2019un des premiers op\u00e9ras de Haendel \u00e0 \u00eatre r\u00e9introduit au r\u00e9pertoire du XXe si\u00e8cle, alors qu\u2019il est repris en 1957. (Re)D\u00e9couvrez donc cette \u0153uvre o\u00f9 la richesse m\u00e9lodique admirable se conjugue \u00e0 merveille \u00e0 la tension dramatique cr\u00e9\u00e9e par une intrigue complexe.<\/p>\n<p>LES 20 ET 21 MARS, 19 H 30, ET LE 22 MARS, 14 H, TH\u00c9\u00c2TRE PARADOXE\u00a0 <a href=\"https:\/\/mcgillmusic.tuxedobillet.com\/main\/opera-alcina\" target=\"_blank\" rel=\"noopener\">D\u00c9TAILS ET BILLETS<\/a><\/p>\n<p>&nbsp;<\/p>\n<p><img decoding=\"async\" loading=\"lazy\" class=\"aligncenter size-full wp-image-92340\" src=\"https:\/\/www.ludwig-van.com\/montreal\/wp-content\/uploads\/sites\/3\/2026\/03\/LVM-NEWSL-CPM-REQUIEM_1200.jpg\" alt=\"\" width=\"1200\" height=\"610\" srcset=\"https:\/\/www.ludwig-van.com\/montreal\/wp-content\/uploads\/sites\/3\/2026\/03\/LVM-NEWSL-CPM-REQUIEM_1200.jpg 1200w, https:\/\/www.ludwig-van.com\/montreal\/wp-content\/uploads\/sites\/3\/2026\/03\/LVM-NEWSL-CPM-REQUIEM_1200-300x153.jpg 300w, https:\/\/www.ludwig-van.com\/montreal\/wp-content\/uploads\/sites\/3\/2026\/03\/LVM-NEWSL-CPM-REQUIEM_1200-1024x521.jpg 1024w, https:\/\/www.ludwig-van.com\/montreal\/wp-content\/uploads\/sites\/3\/2026\/03\/LVM-NEWSL-CPM-REQUIEM_1200-768x390.jpg 768w\" sizes=\"(max-width: 1200px) 100vw, 1200px\" \/><\/p>\n<h3>Ch\u0153ur polyphonique de Montr\u00e9al<\/h3>\n<p>Le <strong>Ch\u0153ur polyphonique de Montr\u00e9al<\/strong> c\u00e9l\u00e8bre son 60e et pr\u00e9sente un grand concert d&rsquo;avant-P\u00e2ques \u00e0 la cath\u00e9drale Marie-Reine-du-Monde, o\u00f9 il est le ch\u0153ur titulaire. <strong>Andr\u00e9anne Brisson-Paquin<\/strong>, <strong>Catherine St-Arnaud<\/strong>, <strong>Jos\u00e9e Lalonde<\/strong>, <strong>David Menzies<\/strong> et <strong>Clayton Kennedy<\/strong> sont les solistes invit\u00e9\u00b7e\u00b7s pour ce programme pr\u00e9sentant trois \u0153uvres c\u00e9l\u00e8bres du r\u00e9pertoire pour ch\u0153ur et orchestre, soit le <em>Requiem<\/em> de Mozart, le <em>Gloria<\/em> de Vivaldi et le <em>Te Deum<\/em> de Charpentier. La Sinfonia de Montr\u00e9al fournit l&rsquo;accompagnement orchestral, le tout sous la direction de Louis Lavigueur.<\/p>\n<p>LE 20 MARS, 19 H 30, CATH\u00c9DRALE MARIE-REINE-DU-MONDE\u00a0 <a href=\"https:\/\/www.zeffy.com\/fr-CA\/ticketing\/requiemte-deumgloria\" target=\"_blank\" rel=\"noopener\">D\u00c9TAILS ET BILLETS\u00a0<\/a><\/p>\n<p>&nbsp;<\/p>\n<p><img decoding=\"async\" loading=\"lazy\" class=\"aligncenter size-full wp-image-92334\" src=\"https:\/\/www.ludwig-van.com\/montreal\/wp-content\/uploads\/sites\/3\/2026\/03\/Screenshot-2026-03-16-at-11-30-07-2026-03-09-Communique-OSS-La-Pastorale.pdf.png\" alt=\"\" width=\"1262\" height=\"473\" srcset=\"https:\/\/www.ludwig-van.com\/montreal\/wp-content\/uploads\/sites\/3\/2026\/03\/Screenshot-2026-03-16-at-11-30-07-2026-03-09-Communique-OSS-La-Pastorale.pdf.png 1262w, https:\/\/www.ludwig-van.com\/montreal\/wp-content\/uploads\/sites\/3\/2026\/03\/Screenshot-2026-03-16-at-11-30-07-2026-03-09-Communique-OSS-La-Pastorale.pdf-300x112.png 300w, https:\/\/www.ludwig-van.com\/montreal\/wp-content\/uploads\/sites\/3\/2026\/03\/Screenshot-2026-03-16-at-11-30-07-2026-03-09-Communique-OSS-La-Pastorale.pdf-1024x384.png 1024w, https:\/\/www.ludwig-van.com\/montreal\/wp-content\/uploads\/sites\/3\/2026\/03\/Screenshot-2026-03-16-at-11-30-07-2026-03-09-Communique-OSS-La-Pastorale.pdf-768x288.png 768w\" sizes=\"(max-width: 1262px) 100vw, 1262px\" \/><\/p>\n<h3>\u00c0 Sherbrooke : OSS &#8211; <i>La Pastorale<\/i><\/h3>\n<p>Le chef <b>Jean-Michel Malouf<\/b> sera au pupitre de l\u2019<b>Orchestre symphonique de Sherbrooke<\/b> en fin de semaine pour c\u00e9l\u00e9brer l\u2019\u00e9quinoxe du printemps. \u00c0 la douce brise qu\u2019am\u00e8nera la c\u00e9l\u00e8bre <i>Symphonie no 6<\/i> \u00abLa Pastorale\u00bb de Beethoven s\u2019ajoutera l\u2019\u0153uvre bien \u00e0 propos <i>Appalachian Spring Suit<\/i> de Copland. Pour compl\u00e9ter cette programmation qui, nous l\u2019esp\u00e9rons, am\u00e8nera la chaleur \u00e0 s\u2019installer pour de bon, le guitariste <b>Adam Cicchillitti<\/b> se joindra \u00e0 l\u2019Orchestre pour l\u2019interpr\u00e9tation du <i>Concierto del Sur<\/i> de Ponce, composition \u00e0 forte identit\u00e9 latino-am\u00e9ricaine se terminant avec une v\u00e9ritable fiesta mexicaine. Si Dame Nature ne comprend pas cet appel au soleil, rien ne lui fera comprendre!<\/p>\n<p>LE 21 MARS, 19 H 30, SALLE MAURICE-O\u2019BREADY\u00a0 <a href=\"https:\/\/ossherbrooke.com\/la-pastorale\/\" target=\"_blank\" rel=\"noopener\">D\u00c9TAILS ET BILLETS<\/a><\/p>\n<p>&nbsp;<\/p>\n<figure id=\"attachment_92333\" aria-describedby=\"caption-attachment-92333\" style=\"width: 1200px\" class=\"wp-caption aligncenter\"><img decoding=\"async\" loading=\"lazy\" class=\"size-full wp-image-92333\" src=\"https:\/\/www.ludwig-van.com\/montreal\/wp-content\/uploads\/sites\/3\/2026\/03\/Agora_courtoisie-SMCQ.jpg\" alt=\"Orchestre de l'Agora (Photo : courtoisie SMCQ)\" width=\"1200\" height=\"793\" srcset=\"https:\/\/www.ludwig-van.com\/montreal\/wp-content\/uploads\/sites\/3\/2026\/03\/Agora_courtoisie-SMCQ.jpg 1200w, https:\/\/www.ludwig-van.com\/montreal\/wp-content\/uploads\/sites\/3\/2026\/03\/Agora_courtoisie-SMCQ-300x198.jpg 300w, https:\/\/www.ludwig-van.com\/montreal\/wp-content\/uploads\/sites\/3\/2026\/03\/Agora_courtoisie-SMCQ-1024x677.jpg 1024w, https:\/\/www.ludwig-van.com\/montreal\/wp-content\/uploads\/sites\/3\/2026\/03\/Agora_courtoisie-SMCQ-768x508.jpg 768w\" sizes=\"(max-width: 1200px) 100vw, 1200px\" \/><figcaption id=\"caption-attachment-92333\" class=\"wp-caption-text\">Orchestre de l&rsquo;Agora (Photo : courtoisie SMCQ)<\/figcaption><\/figure>\n<h3>Orchestre de l\u2019Agora &#8211; <i>Des classiques aux cr\u00e9ations<\/i><\/h3>\n<p>La Soci\u00e9t\u00e9 de musique contemporaine du Qu\u00e9bec poursuit les c\u00e9l\u00e9brations de son 60e anniversaire sous le th\u00e8me Dialogues interg\u00e9n\u00e9rationnels. Cette semaine, c\u2019est avec le chef invit\u00e9 <b>Beno\u00eet Gauthier<\/b> que l\u2019<b>Orchestre de l\u2019Agora<\/b> soulignera cet anniversaire. Au programme, des \u0153uvres de Jacques H\u00e9tu et de Claude Vivier c\u00f4toieront des cr\u00e9ations mondiales d\u2019<b>Alexandre David<\/b> et de <b>Maggie Ayotte<\/b> (commande de l\u2019Orchestre) &#8211; un programme 100% qu\u00e9b\u00e9cois correspondant tout \u00e0 fait au th\u00e8me pr\u00e9c\u00e9demment nomm\u00e9!<\/p>\n<p>LE 21 MARS, 19 H 30, SALLE PIERRE-MERCURE\u00a0 <a href=\"https:\/\/centrepierrepeladeau.tuxedobillet.com\/main\/des-classiques-aux-creations\" target=\"_blank\" rel=\"noopener\">D\u00c9TAILS ET BILLETS<\/a><\/p>\n<p>&nbsp;<\/p>\n<figure id=\"attachment_92332\" aria-describedby=\"caption-attachment-92332\" style=\"width: 1200px\" class=\"wp-caption aligncenter\"><img decoding=\"async\" loading=\"lazy\" class=\"size-full wp-image-92332\" src=\"https:\/\/www.ludwig-van.com\/montreal\/wp-content\/uploads\/sites\/3\/2026\/03\/JMC-amitie.png\" alt=\"Johanna Silbermann, fl\u00fbte, Nadia Monczak, violon et My-Lan Vu, basson. (Photo : courtoisie JMC)\" width=\"1200\" height=\"644\" srcset=\"https:\/\/www.ludwig-van.com\/montreal\/wp-content\/uploads\/sites\/3\/2026\/03\/JMC-amitie.png 1200w, https:\/\/www.ludwig-van.com\/montreal\/wp-content\/uploads\/sites\/3\/2026\/03\/JMC-amitie-300x161.png 300w, https:\/\/www.ludwig-van.com\/montreal\/wp-content\/uploads\/sites\/3\/2026\/03\/JMC-amitie-1024x550.png 1024w, https:\/\/www.ludwig-van.com\/montreal\/wp-content\/uploads\/sites\/3\/2026\/03\/JMC-amitie-768x412.png 768w\" sizes=\"(max-width: 1200px) 100vw, 1200px\" \/><figcaption id=\"caption-attachment-92332\" class=\"wp-caption-text\">Johanna Silbermann, fl\u00fbte, Nadia Monczak, violon et My-Lan Vu, basson. (Photo : courtoisie JMC)<\/figcaption><\/figure>\n<h3>JMC &#8211; <i>Et l\u2019amiti\u00e9, mes amours?<\/i><\/h3>\n<p>Jeunesses Musicales du Canada pr\u00e9sente un \u00e9v\u00e9nement familial dont le public cible est les enfants de 5 \u00e0 10 ans. Musique et marionnettes seront mises en sc\u00e8ne dans un conte sur le th\u00e8me de l\u2019amour et de l\u2019amiti\u00e9 gr\u00e2ce \u00e0 <b>Johanna Silbermann<\/b>, fl\u00fbte, <b>My-Lan Vu<\/b>, basson, et <b>Nadia Monczak<\/b>, violon. Les trois musiciennes de l\u2019histoire arriveront-elles \u00e0 trouver l\u2019accord parfait? Vous devrez assister \u00e0 la repr\u00e9sentation pour le savoir!<\/p>\n<p>LE 22 MARS, 10 H, SALLE JOSEPH-ROULEAU\u00a0 <a href=\"https:\/\/www.jmcanada.ca\/fr\/concerts\/et-lamitie-mes-amours\/\" target=\"_blank\" rel=\"noopener\">D\u00c9TAILS ET BILLETS<\/a><\/p>\n<p>&nbsp;<\/p>\n<figure id=\"attachment_92338\" aria-describedby=\"caption-attachment-92338\" style=\"width: 1798px\" class=\"wp-caption aligncenter\"><img decoding=\"async\" loading=\"lazy\" class=\"size-full wp-image-92338\" src=\"https:\/\/www.ludwig-van.com\/montreal\/wp-content\/uploads\/sites\/3\/2026\/03\/Buzz-cuivres_cropped.jpg\" alt=\"Buzz cuivres (Photo : page Facebook de Buzz cuivres)\" width=\"1798\" height=\"1070\" srcset=\"https:\/\/www.ludwig-van.com\/montreal\/wp-content\/uploads\/sites\/3\/2026\/03\/Buzz-cuivres_cropped.jpg 1798w, https:\/\/www.ludwig-van.com\/montreal\/wp-content\/uploads\/sites\/3\/2026\/03\/Buzz-cuivres_cropped-300x179.jpg 300w, https:\/\/www.ludwig-van.com\/montreal\/wp-content\/uploads\/sites\/3\/2026\/03\/Buzz-cuivres_cropped-1024x609.jpg 1024w, https:\/\/www.ludwig-van.com\/montreal\/wp-content\/uploads\/sites\/3\/2026\/03\/Buzz-cuivres_cropped-768x457.jpg 768w, https:\/\/www.ludwig-van.com\/montreal\/wp-content\/uploads\/sites\/3\/2026\/03\/Buzz-cuivres_cropped-1536x914.jpg 1536w\" sizes=\"(max-width: 1798px) 100vw, 1798px\" \/><figcaption id=\"caption-attachment-92338\" class=\"wp-caption-text\">Buzz cuivres (Photo : page Facebook de Buzz cuivres)<\/figcaption><\/figure>\n<h3>\u00c0 Qu\u00e9bec : OSQ &#8211; <i>Vikings symphoniques<\/i><\/h3>\n<p>L\u2019<b>Orchestre symphonique de Qu\u00e9bec<\/b> y va aussi d\u2019un \u00e9v\u00e9nement familial cette semaine avec la pr\u00e9sentation de <i>Vikings symphoniques<\/i>. Dirig\u00e9 par l\u2019assistant-chef en r\u00e9sidence <b>Leandro Cardoso<\/b>, l\u2019Orchestre complet fera partie d\u2019une histoire o\u00f9 Vikings, dragon et h\u00e9ros improbable vous feront rire et frissonner sur une musique compos\u00e9e pour l\u2019occasion, telle une trame sonore de film, par <b>Enrico Dastous<\/b>. Mettant en vedette le com\u00e9dien <b>Vincent C\u00f4t\u00e9<\/b> dans un texte de <b>Pier-Luc Lasalle<\/b>, cette aventure tr\u00e9pidante met \u00e9galement particuli\u00e8rement de l\u2019avant les cuivres avec le groupe <b>Buzz Cuivres<\/b>. \u00ab\u00c0 l\u2019abordage moussaillons!\u00bb<\/p>\n<p>LE 22 MARS, 14 H 30, GRAND TH\u00c9\u00c2TRE DE QU\u00c9BEC\u00a0 <a href=\"https:\/\/www.osq.org\/concerts\/vikings-symphoniques\/\" target=\"_blank\" rel=\"noopener\">D\u00c9TAILS ET BILLETS<\/a><\/p>\n<p>&nbsp;<\/p>\n<figure id=\"attachment_89117\" aria-describedby=\"caption-attachment-89117\" style=\"width: 1200px\" class=\"wp-caption aligncenter\"><img decoding=\"async\" loading=\"lazy\" class=\"size-full wp-image-89117\" src=\"https:\/\/www.ludwig-van.com\/montreal\/wp-content\/uploads\/sites\/3\/2025\/08\/Chloe-Dumoulin-Studio-Portraits-Brenden-Friesen.jpg\" alt=\"Chlo\u00e9 Dumoulin (Photo : Brenden Friesen)\" width=\"1200\" height=\"801\" srcset=\"https:\/\/www.ludwig-van.com\/montreal\/wp-content\/uploads\/sites\/3\/2025\/08\/Chloe-Dumoulin-Studio-Portraits-Brenden-Friesen.jpg 1200w, https:\/\/www.ludwig-van.com\/montreal\/wp-content\/uploads\/sites\/3\/2025\/08\/Chloe-Dumoulin-Studio-Portraits-Brenden-Friesen-300x200.jpg 300w, https:\/\/www.ludwig-van.com\/montreal\/wp-content\/uploads\/sites\/3\/2025\/08\/Chloe-Dumoulin-Studio-Portraits-Brenden-Friesen-1024x684.jpg 1024w, https:\/\/www.ludwig-van.com\/montreal\/wp-content\/uploads\/sites\/3\/2025\/08\/Chloe-Dumoulin-Studio-Portraits-Brenden-Friesen-768x513.jpg 768w\" sizes=\"(max-width: 1200px) 100vw, 1200px\" \/><figcaption id=\"caption-attachment-89117\" class=\"wp-caption-text\">Chlo\u00e9 Dumoulin (Photo : Brenden Friesen)<\/figcaption><\/figure>\n<h3>Chlo\u00e9 Dumoulin &#8211; <i>Moments musicaux<\/i><\/h3>\n<p>La jeune pianiste <b>Chlo\u00e9 Dumoulin<\/b>, nomm\u00e9e parmi les meilleur\u00b7e\u00b7s musicien\u00b7ne\u00b7s en dessous de 30 ans par la CBC, se perfectionne depuis 2023 \u00e0 la Guildhall School of Music \u00e0 Londres, mais cela ne l\u2019emp\u00eache pas de retrouver ses racines de temps \u00e0 autre en revenant \u00e0 Montr\u00e9al au moins le temps d\u2019une prestation. Lors du r\u00e9cital de cette semaine, elle d\u00e9montrera l\u2019\u00e9tendue de son talent, ainsi que toutes les facettes expressives possibles de son instrument, en interpr\u00e9tant deux \u0153uvres \u00e0 l\u2019atmosph\u00e8re unique de deux compositeurs de renom aux univers contrast\u00e9s, Schubert et Rachmaninov.<\/p>\n<p>LE 22 MARS, 15 H, SALLE PAUL-DESMARAIS\u00a0 <a href=\"https:\/\/montreal.ca\/evenements\/moments-musicaux-chloe-dumoulin-102993\" target=\"_blank\" rel=\"noopener\">D\u00c9TAILS ET BILLETS<\/a><\/p>\n<p>&nbsp;<\/p>\n<figure id=\"attachment_92331\" aria-describedby=\"caption-attachment-92331\" style=\"width: 1200px\" class=\"wp-caption aligncenter\"><img decoding=\"async\" loading=\"lazy\" class=\"size-full wp-image-92331\" src=\"https:\/\/www.ludwig-van.com\/montreal\/wp-content\/uploads\/sites\/3\/2026\/03\/Trio-Bohemo_c-Andrej-Grilc.png\" alt=\"Trio Bohemo (Photo : Andrej Grilc)\" width=\"1200\" height=\"731\" srcset=\"https:\/\/www.ludwig-van.com\/montreal\/wp-content\/uploads\/sites\/3\/2026\/03\/Trio-Bohemo_c-Andrej-Grilc.png 1200w, https:\/\/www.ludwig-van.com\/montreal\/wp-content\/uploads\/sites\/3\/2026\/03\/Trio-Bohemo_c-Andrej-Grilc-300x183.png 300w, https:\/\/www.ludwig-van.com\/montreal\/wp-content\/uploads\/sites\/3\/2026\/03\/Trio-Bohemo_c-Andrej-Grilc-1024x624.png 1024w, https:\/\/www.ludwig-van.com\/montreal\/wp-content\/uploads\/sites\/3\/2026\/03\/Trio-Bohemo_c-Andrej-Grilc-768x468.png 768w\" sizes=\"(max-width: 1200px) 100vw, 1200px\" \/><figcaption id=\"caption-attachment-92331\" class=\"wp-caption-text\">Trio Bohemo (Photo : Andrej Grilc)<\/figcaption><\/figure>\n<h3>LMMC &#8211; Trio Boh\u00e9mo<\/h3>\n<p>Le Ladies\u2019 Morning Musical Club re\u00e7oit le <b>Trio Boh\u00e9mo<\/b>, compos\u00e9 de <b>Matou\u0161 P\u011bru\u0161ka<\/b>, violon, <b>Kristina Vocetkov\u00e1<\/b>, violoncelle, et <b>Jan Vojtek<\/b>, piano, qui vient pour la toute premi\u00e8re fois au Canada. Form\u00e9 en 2019, le trio tch\u00e8que s\u2019est fait rapidement un nom, gagnant de nombreux prix \u00e0 l\u2019international. L\u2019ensemble, dont le Wigmore Hall a dit qu&rsquo;il apportait \u00ab\u00a0la musique dont le monde a besoin\u00a0\u00bb (traduction libre), interpr\u00e9tera le <i>Trio avec piano no 3<\/i> de Beethoven, le <i>Trio avec piano no 2<\/i> de Chostakovitch, ainsi que le <i>Trio avec piano no 2<\/i> de Schubert.<\/p>\n<p>LE 22 MARS, 15 H 30, SALLE OSCAR-PETERSON\u00a0 <a href=\"https:\/\/www.lmmc.ca\/en\/trio-bohemo\" target=\"_blank\" rel=\"noopener\">D\u00c9TAILS ET BILLETS<\/a><\/p>\n<p>&nbsp;<\/p>\n<p><img decoding=\"async\" loading=\"lazy\" class=\"aligncenter size-full wp-image-92337\" src=\"https:\/\/www.ludwig-van.com\/montreal\/wp-content\/uploads\/sites\/3\/2026\/03\/Concert-du-22-mars-2026-Les-Petits-Violons.png\" alt=\"\" width=\"1200\" height=\"733\" srcset=\"https:\/\/www.ludwig-van.com\/montreal\/wp-content\/uploads\/sites\/3\/2026\/03\/Concert-du-22-mars-2026-Les-Petits-Violons.png 1200w, https:\/\/www.ludwig-van.com\/montreal\/wp-content\/uploads\/sites\/3\/2026\/03\/Concert-du-22-mars-2026-Les-Petits-Violons-300x183.png 300w, https:\/\/www.ludwig-van.com\/montreal\/wp-content\/uploads\/sites\/3\/2026\/03\/Concert-du-22-mars-2026-Les-Petits-Violons-1024x625.png 1024w, https:\/\/www.ludwig-van.com\/montreal\/wp-content\/uploads\/sites\/3\/2026\/03\/Concert-du-22-mars-2026-Les-Petits-Violons-768x469.png 768w\" sizes=\"(max-width: 1200px) 100vw, 1200px\" \/><\/p>\n<h3>Les Petits violons<\/h3>\n<p>Bach, Kreisler et Beethoven sont au programme de ce concert de l&rsquo;ensemble des Petits violons. Les \u00e9l\u00e8ves et professeurs r\u00e9unies interpr\u00e9teront Siciliano et rigaudon de Kreisler dans un arrangement de Jean Cousineau, le Troisi\u00e8me concerto brandebourgeois de Bach et le Quatuor op. 18, no 5 de Beethoven. Comme toujours, ils auront \u00e9t\u00e9 pr\u00e9par\u00e9s avec soin par Marie-Claire Cousineau et Julie Daoust sera \u00e0 l&rsquo;animation. L&rsquo;entr\u00e9e est libre, une contribution de 20 $ est sugg\u00e9r\u00e9e.<\/p>\n<p>LE 22 MARS, 16 H, \u00c9GLISE SAINT-PIERRE-AP\u00d4TRE\u00a0 <a href=\"https:\/\/lespetitsviolons.com\/concert-de-printemps\/\" target=\"_blank\" rel=\"noopener\">D\u00c9TAILS<\/a><\/p>\n<h2><em>Inscrivez-vous \u00e0 notre infolettre! La musique classique et l\u2019op\u00e9ra en 5 minutes, chaque jour<\/em>\u00a0<a href=\"https:\/\/ludwig-van.us9.list-manage.com\/subscribe?u=4f785cb3f9058f2393ccad035&amp;id=b9b160c032\" target=\"_blank\" rel=\"noopener noreferrer\">ICI.<\/a><\/h2>\n","protected":false},"excerpt":{"rendered":"<p>Il arrive r\u00e9guli\u00e8rement que nous vous disions qu\u2019il y en a pour tous les go\u00fbts dans les Choix de la r\u00e9daction, mais l\u00e0, vraiment, on peut difficilement faire mieux &#8211; m\u00eame les Vikings auraient eu un spectacle \u00e0 leur go\u00fbt! Pour ceux et celles qui pr\u00e9f\u00e8rent rester les deux pieds sur terre, il y a bien des possibilit\u00e9s aussi. Op\u00e9ra, musique contemporaine, baroque, trio, r\u00e9cital, jazz fusionn\u00e9 au classique, artistes d\u2019ici et d\u2019ailleurs, films sur les arts &#8211; tous devraient y trouver leur compte. Les Vikings disaient \u00ab De m\u00eame que l&rsquo;\u00e9p\u00e9e doit \u00eatre aff\u00fbt\u00e9e dans le fourreau, l&rsquo;esprit et l&rsquo;\u00e2me doivent l\u2019\u00eatre dans le corps. \u00bb Quoi de mieux pour aff\u00fbter votre esprit et votre \u00e2me que de faire une sortie musicale?<\/p>\n","protected":false},"author":1,"featured_media":92339,"comment_status":"open","ping_status":"open","sticky":false,"template":"","format":"standard","meta":{"om_disable_all_campaigns":false,"jetpack_post_was_ever_published":false},"categories":[42368,10994],"tags":[42369,11882],"yst_prominent_words":[9878,9863,13120,13117,26052,9877,13123,33503,18991,18274,18272,19229,31964],"acf":[],"jetpack_featured_media_url":"https:\/\/www.ludwig-van.com\/montreal\/wp-content\/uploads\/sites\/3\/2026\/03\/Copie-de-CONCERTS16.jpg","jetpack_sharing_enabled":true,"jetpack_shortlink":"https:\/\/wp.me\/p9bdYt-o18","amp_enabled":true,"_links":{"self":[{"href":"https:\/\/www.ludwig-van.com\/montreal\/wp-json\/wp\/v2\/posts\/92326"}],"collection":[{"href":"https:\/\/www.ludwig-van.com\/montreal\/wp-json\/wp\/v2\/posts"}],"about":[{"href":"https:\/\/www.ludwig-van.com\/montreal\/wp-json\/wp\/v2\/types\/post"}],"author":[{"embeddable":true,"href":"https:\/\/www.ludwig-van.com\/montreal\/wp-json\/wp\/v2\/users\/1"}],"replies":[{"embeddable":true,"href":"https:\/\/www.ludwig-van.com\/montreal\/wp-json\/wp\/v2\/comments?post=92326"}],"version-history":[{"count":4,"href":"https:\/\/www.ludwig-van.com\/montreal\/wp-json\/wp\/v2\/posts\/92326\/revisions"}],"predecessor-version":[{"id":92358,"href":"https:\/\/www.ludwig-van.com\/montreal\/wp-json\/wp\/v2\/posts\/92326\/revisions\/92358"}],"wp:featuredmedia":[{"embeddable":true,"href":"https:\/\/www.ludwig-van.com\/montreal\/wp-json\/wp\/v2\/media\/92339"}],"wp:attachment":[{"href":"https:\/\/www.ludwig-van.com\/montreal\/wp-json\/wp\/v2\/media?parent=92326"}],"wp:term":[{"taxonomy":"category","embeddable":true,"href":"https:\/\/www.ludwig-van.com\/montreal\/wp-json\/wp\/v2\/categories?post=92326"},{"taxonomy":"post_tag","embeddable":true,"href":"https:\/\/www.ludwig-van.com\/montreal\/wp-json\/wp\/v2\/tags?post=92326"},{"taxonomy":"yst_prominent_words","embeddable":true,"href":"https:\/\/www.ludwig-van.com\/montreal\/wp-json\/wp\/v2\/yst_prominent_words?post=92326"}],"curies":[{"name":"wp","href":"https:\/\/api.w.org\/{rel}","templated":true}]}}