{"id":92320,"date":"2026-03-17T17:56:49","date_gmt":"2026-03-17T21:56:49","guid":{"rendered":"https:\/\/www.ludwig-van.com\/montreal\/?p=92320"},"modified":"2026-04-09T22:35:21","modified_gmt":"2026-04-10T02:35:21","slug":"critique-i-musici","status":"publish","type":"post","link":"https:\/\/www.ludwig-van.com\/montreal\/2026\/03\/17\/critique-i-musici\/","title":{"rendered":"CRITIQUE | I Musici montre son c\u00f4t\u00e9 f\u00e9minin avec bonheur dans F\u00e9minin pluriel"},"content":{"rendered":"<figure id=\"attachment_92692\" aria-describedby=\"caption-attachment-92692\" style=\"width: 1200px\" class=\"wp-caption aligncenter\"><img decoding=\"async\" loading=\"lazy\" class=\"size-full wp-image-92692\" src=\"https:\/\/www.ludwig-van.com\/montreal\/wp-content\/uploads\/sites\/3\/2026\/03\/Copie-de-CRITIQUE27.jpg\" alt=\"Andr\u00e9anne Brisson-Paquin et I Musici. (Photo : courtoisie I Musici)\" width=\"1200\" height=\"628\" srcset=\"https:\/\/www.ludwig-van.com\/montreal\/wp-content\/uploads\/sites\/3\/2026\/03\/Copie-de-CRITIQUE27.jpg 1200w, https:\/\/www.ludwig-van.com\/montreal\/wp-content\/uploads\/sites\/3\/2026\/03\/Copie-de-CRITIQUE27-300x157.jpg 300w, https:\/\/www.ludwig-van.com\/montreal\/wp-content\/uploads\/sites\/3\/2026\/03\/Copie-de-CRITIQUE27-1024x536.jpg 1024w, https:\/\/www.ludwig-van.com\/montreal\/wp-content\/uploads\/sites\/3\/2026\/03\/Copie-de-CRITIQUE27-768x402.jpg 768w\" sizes=\"(max-width: 1200px) 100vw, 1200px\" \/><figcaption id=\"caption-attachment-92692\" class=\"wp-caption-text\">Andr\u00e9anne Brisson-Paquin et I Musici. (Photo : courtoisie I Musici)<\/figcaption><\/figure>\n<p>L&rsquo;orchestre de chambre <strong>I Musici<\/strong> a pr\u00e9sent\u00e9 jeudi soir un moment musical r\u00e9ussi lors de son concert <em>F\u00e9minin pluriel<\/em>. Le programme \u00e0 la fois coh\u00e9rent et vari\u00e9, mettant de l&rsquo;avant la soprano <strong>Andr\u00e9anne Brisson-Paquin<\/strong>, repr\u00e9sentait l&rsquo;occasion id\u00e9ale pour moi d&rsquo;enfin faire l&rsquo;exp\u00e9rience de la nouvelle formule de concert de l&rsquo;ensemble.<\/p>\n<p>L&rsquo;orchestre a mis\u00e9 sur un r\u00e9pertoire rempli de d\u00e9couvertes attrayante, de la suite pour orchestre \u00e0 cordes <em>Dance Card<\/em> de<strong> Jennifer Higdon<\/strong> (n\u00e9e en 1962) \u00e0 deux \u0153uvres pour soprano et orchestre \u00e0 cordes, soit les <em>Love Songs on words by John Donne<\/em> du Canadien <strong>Ray Twoney<\/strong> (n\u00e9 en 1938) et <em>Dies Natalis<\/em> de Gerald Finzi (1901-1956). La contribution d&rsquo;<strong>Andr\u00e9anne Brisson-Paquin<\/strong> commen\u00e7ait avant m\u00eame son entr\u00e9e sur sc\u00e8ne, puisqu&rsquo;elle lisait hors sc\u00e8ne, dans un rythme pos\u00e9 agr\u00e9able \u00e0 suivre, des extraits de po\u00e9sie de <strong>Jos\u00e9phine Bacon<\/strong> entre les mouvements.<\/p>\n<p>D\u00e8s le d\u00e9part, les membres de l&rsquo;orchestre d\u00e9montrent une belle synergie : on les voit \u00e9changer des regards complices, se tourner les uns vers les autres pour bien unifier leurs voix.<\/p>\n<p>Le placement de l&rsquo;orchestre \u00e0 la crois\u00e9e du vaisseau central et du transept lui permet une belle proximit\u00e9 physique avec le public, assis devant l&rsquo;orchestre et sur les c\u00f4t\u00e9s, mais le situe loin de toute surface pouvant agir comme conque. L&rsquo;acoustique matte qui en r\u00e9sulte n&rsquo;est pas une entrave \u00e0 la perception des diff\u00e9rentes parties, comme peuvent l&rsquo;\u00eatre des acoustiques trop r\u00e9verb\u00e9rantes, mais inversement, elle n&rsquo;ajoute pas non plus de ce lustre dont profiteraient les voix int\u00e9rieures pour les aider \u00e0 se distinguer.<\/p>\n<p>Contrairement \u00e0 ce qu&rsquo;on pourrait penser, ce sont souvent les mouvements lents qui p\u00e2tissent le plus d&rsquo;une absence de chef\u00b7fe pour guider la direction des phrases et maintenir l&rsquo;activit\u00e9 rythmique int\u00e9rieure malgr\u00e9 les longues valeurs de notes. La prestation d&rsquo;<strong>I Musici<\/strong> en a \u00e9t\u00e9 une nouvelle d\u00e9monstration : tout est en place, les couleurs sont belles, les nuances, r\u00e9ussies, et les attaques, synchronis\u00e9es. Tout ce qu&rsquo;il manque pour \u00e9lever l&rsquo;interpr\u00e9tation encore plus est une hi\u00e9rarchisation plus intentionnelle des sommets et des rel\u00e2chements.<\/p>\n<p>La voix d&rsquo;<strong>Andr\u00e9anne Brisson-Paquin<\/strong> se combine admirablement avec les cordes d&rsquo;<strong>I Musici<\/strong>. La chanteuse a sembl\u00e9 prendre plus d&rsquo;aise dans la pi\u00e8ce de Gerald Finzi, dont elle a tr\u00e8s bien rendu le charme l\u00e9g\u00e8rement m\u00e9lancolique typique de ce courant de la musique anglaise.<\/p>\n<p>En somme, sur la base de ce programme con\u00e7u et interpr\u00e9t\u00e9 avec doigt\u00e9, l&rsquo;exp\u00e9rience autog\u00e9r\u00e9e entreprise en septembre dernier par <strong>I Musici<\/strong> est sur la bonne voie et nous continuerons d&rsquo;en suivre l&rsquo;\u00e9panouissement avec une curiosit\u00e9 avenante.<\/p>\n<h2><em>Inscrivez-vous \u00e0 notre infolettre! La musique classique et l\u2019op\u00e9ra en 5 minutes, chaque jour<\/em>\u00a0<a href=\"https:\/\/ludwig-van.us9.list-manage.com\/subscribe?u=4f785cb3f9058f2393ccad035&amp;id=b9b160c032\" target=\"_blank\" rel=\"noopener noreferrer\">ICI.<\/a><\/h2>\n","protected":false},"excerpt":{"rendered":"<p>L&rsquo;orchestre de chambre I Musici a pr\u00e9sent\u00e9 jeudi soir un moment musical r\u00e9ussi lors de son concert F\u00e9minin pluriel. Le programme \u00e0 la fois coh\u00e9rent et vari\u00e9, mettant de l&rsquo;avant la soprano Andr\u00e9anne Brisson-Paquin, repr\u00e9sentait l&rsquo;occasion id\u00e9ale pour moi d&rsquo;enfin faire l&rsquo;exp\u00e9rience de la nouvelle formule de concert de l&rsquo;ensemble.<\/p>\n","protected":false},"author":55,"featured_media":92692,"comment_status":"open","ping_status":"open","sticky":false,"template":"","format":"standard","meta":{"om_disable_all_campaigns":false,"jetpack_post_was_ever_published":false},"categories":[42368,52],"tags":[42369,1593],"yst_prominent_words":[17662,19879,19880,7202,9998,14541,10150,28280,9813,11910,10001,9997,8313,6640,9971],"acf":[],"jetpack_featured_media_url":"https:\/\/www.ludwig-van.com\/montreal\/wp-content\/uploads\/sites\/3\/2026\/03\/Copie-de-CRITIQUE27.jpg","jetpack_sharing_enabled":true,"jetpack_shortlink":"https:\/\/wp.me\/p9bdYt-o12","amp_enabled":true,"_links":{"self":[{"href":"https:\/\/www.ludwig-van.com\/montreal\/wp-json\/wp\/v2\/posts\/92320"}],"collection":[{"href":"https:\/\/www.ludwig-van.com\/montreal\/wp-json\/wp\/v2\/posts"}],"about":[{"href":"https:\/\/www.ludwig-van.com\/montreal\/wp-json\/wp\/v2\/types\/post"}],"author":[{"embeddable":true,"href":"https:\/\/www.ludwig-van.com\/montreal\/wp-json\/wp\/v2\/users\/55"}],"replies":[{"embeddable":true,"href":"https:\/\/www.ludwig-van.com\/montreal\/wp-json\/wp\/v2\/comments?post=92320"}],"version-history":[{"count":5,"href":"https:\/\/www.ludwig-van.com\/montreal\/wp-json\/wp\/v2\/posts\/92320\/revisions"}],"predecessor-version":[{"id":92693,"href":"https:\/\/www.ludwig-van.com\/montreal\/wp-json\/wp\/v2\/posts\/92320\/revisions\/92693"}],"wp:featuredmedia":[{"embeddable":true,"href":"https:\/\/www.ludwig-van.com\/montreal\/wp-json\/wp\/v2\/media\/92692"}],"wp:attachment":[{"href":"https:\/\/www.ludwig-van.com\/montreal\/wp-json\/wp\/v2\/media?parent=92320"}],"wp:term":[{"taxonomy":"category","embeddable":true,"href":"https:\/\/www.ludwig-van.com\/montreal\/wp-json\/wp\/v2\/categories?post=92320"},{"taxonomy":"post_tag","embeddable":true,"href":"https:\/\/www.ludwig-van.com\/montreal\/wp-json\/wp\/v2\/tags?post=92320"},{"taxonomy":"yst_prominent_words","embeddable":true,"href":"https:\/\/www.ludwig-van.com\/montreal\/wp-json\/wp\/v2\/yst_prominent_words?post=92320"}],"curies":[{"name":"wp","href":"https:\/\/api.w.org\/{rel}","templated":true}]}}