{"id":92281,"date":"2026-03-15T20:00:28","date_gmt":"2026-03-16T00:00:28","guid":{"rendered":"https:\/\/www.ludwig-van.com\/montreal\/?p=92281"},"modified":"2026-03-16T08:00:03","modified_gmt":"2026-03-16T12:00:03","slug":"nouvelle-les-grands-ballets","status":"publish","type":"post","link":"https:\/\/www.ludwig-van.com\/montreal\/2026\/03\/15\/nouvelle-les-grands-ballets\/","title":{"rendered":"NOUVELLE | Les Grands Ballets 2026-27 : Une saison ax\u00e9e sur la litt\u00e9rature couronn\u00e9e d&rsquo;un nouveau ballet sur la musique d&rsquo;Airat Ichmouratov"},"content":{"rendered":"<figure id=\"attachment_92311\" aria-describedby=\"caption-attachment-92311\" style=\"width: 1200px\" class=\"wp-caption aligncenter\"><img decoding=\"async\" loading=\"lazy\" class=\"size-full wp-image-92311\" src=\"https:\/\/www.ludwig-van.com\/montreal\/wp-content\/uploads\/sites\/3\/2026\/03\/Copie-de-NOUVELLE.png\" alt=\"Anya Nesvitaylo (Photo : Sasha Onyshchenko)\" width=\"1200\" height=\"628\" srcset=\"https:\/\/www.ludwig-van.com\/montreal\/wp-content\/uploads\/sites\/3\/2026\/03\/Copie-de-NOUVELLE.png 1200w, https:\/\/www.ludwig-van.com\/montreal\/wp-content\/uploads\/sites\/3\/2026\/03\/Copie-de-NOUVELLE-300x157.png 300w, https:\/\/www.ludwig-van.com\/montreal\/wp-content\/uploads\/sites\/3\/2026\/03\/Copie-de-NOUVELLE-1024x536.png 1024w, https:\/\/www.ludwig-van.com\/montreal\/wp-content\/uploads\/sites\/3\/2026\/03\/Copie-de-NOUVELLE-768x402.png 768w\" sizes=\"(max-width: 1200px) 100vw, 1200px\" \/><figcaption id=\"caption-attachment-92311\" class=\"wp-caption-text\">Anya Nesvitaylo (Photo : Sasha Onyshchenko)<\/figcaption><\/figure>\n<p>La litt\u00e9rature est au c\u0153ur de la prochaine saison des Grands Ballets, les six productions au calendrier s&rsquo;inspirant d&rsquo;\u0153uvres litt\u00e9raires et th\u00e9\u00e2trales, du conte de f\u00e9e \u00e0 la com\u00e9die f\u00e9\u00e9rique et du roman d&rsquo;amour au roman \u00e9rotique.<\/p>\n<blockquote><p>\u00ab Je suis tr\u00e8s emball\u00e9 par cette nouvelle saison qui offre un heureux \u00e9quilibre entre le ballet classique et le ballet contemporain, entre cr\u00e9ations originales et \u0153uvres du r\u00e9pertoire. Ce sont des ballets o\u00f9 l\u2019on se reconna\u00eet, et o\u00f9 l\u2019on a envie de se perdre \u00bb &#8211; Ivan Cavallari, directeur artistique des <span class=\"il\">Grands<\/span> Ballets Canadiens.<\/p><\/blockquote>\n<h3>La Dame aux cam\u00e9lias<\/h3>\n<p>La saison s&rsquo;ouvre avec <em>La Dame aux cam\u00e9lias<\/em>, une chor\u00e9graphie de Peter Quanz inspir\u00e9e du c\u00e9l\u00e8bre roman d&rsquo;Alexandre Dumas fils et cr\u00e9\u00e9e aux GB en 2023. Le livret \u00e9labor\u00e9 par Quanz prend la forme de quatre tableaux intitul\u00e9s Amour, Sacrifice, Ab\u00eeme et Tr\u00e9pas. Trois couples sont charg\u00e9s d&rsquo;y incarner Marguerite et Armand \u00e0 diff\u00e9rentes \u00e9tapes de leur parcours, dans un langage empruntant aux danses classique et contemporaine ainsi qu&rsquo;au pantomime. Dans un message vid\u00e9o projet\u00e9 au cours de l&rsquo;\u00e9v\u00e9nement de lancement, Quanz explique que ce recours au pantomime est un moyen de rejoindre les \u00e9motions ressenties dans le corps avant m\u00eame qu&rsquo;elles soient interpr\u00e9t\u00e9es par l&rsquo;esprit.<\/p>\n<p>La trame sonore a \u00e9t\u00e9 constitu\u00e9e \u00e0 partir d&rsquo;une s\u00e9lection d&rsquo;\u0153uvres de Lili Boulanger, Fanny Mendelssohn et Clara Schumann, compositrices qui, comme Marguerite, ont d\u00fb se plier aux conventions de leur \u00e9poque et dont le talent est ainsi longtemps demeur\u00e9 m\u00e9connu. Elles seront interpr\u00e9t\u00e9es par la pianiste Rosalie Asselin.<\/p>\n<p>DU 23 AU 27 SEPTEMBRE, TH\u00c9\u00c2TRE MAISONNEUVE<\/p>\n<p>&nbsp;<\/p>\n<figure id=\"attachment_92312\" aria-describedby=\"caption-attachment-92312\" style=\"width: 1200px\" class=\"wp-caption aligncenter\"><img decoding=\"async\" loading=\"lazy\" class=\"size-full wp-image-92312\" src=\"https:\/\/www.ludwig-van.com\/montreal\/wp-content\/uploads\/sites\/3\/2026\/03\/les-grands-ballets-les-songes-photo-sasha-onyshchenko-horizontale-1980x1020px-web_v3.jpg\" alt=\"Les Songes d'une nuit d'\u00e9t\u00e9 de Guillaume C\u00f4t\u00e9 (Photo : Sasha Onyshchenko)\" width=\"1200\" height=\"675\" srcset=\"https:\/\/www.ludwig-van.com\/montreal\/wp-content\/uploads\/sites\/3\/2026\/03\/les-grands-ballets-les-songes-photo-sasha-onyshchenko-horizontale-1980x1020px-web_v3.jpg 1200w, https:\/\/www.ludwig-van.com\/montreal\/wp-content\/uploads\/sites\/3\/2026\/03\/les-grands-ballets-les-songes-photo-sasha-onyshchenko-horizontale-1980x1020px-web_v3-300x169.jpg 300w, https:\/\/www.ludwig-van.com\/montreal\/wp-content\/uploads\/sites\/3\/2026\/03\/les-grands-ballets-les-songes-photo-sasha-onyshchenko-horizontale-1980x1020px-web_v3-1024x576.jpg 1024w, https:\/\/www.ludwig-van.com\/montreal\/wp-content\/uploads\/sites\/3\/2026\/03\/les-grands-ballets-les-songes-photo-sasha-onyshchenko-horizontale-1980x1020px-web_v3-768x432.jpg 768w\" sizes=\"(max-width: 1200px) 100vw, 1200px\" \/><figcaption id=\"caption-attachment-92312\" class=\"wp-caption-text\">Les Songes d&rsquo;une nuit d&rsquo;\u00e9t\u00e9 de Guillaume C\u00f4t\u00e9 (Photo : Sasha Onyshchenko)<\/figcaption><\/figure>\n<h3>Les Songes d&rsquo;une nuit d&rsquo;\u00e9t\u00e9<\/h3>\n<p>La production suivante se tourne vers le monde du th\u00e9\u00e2tre, \u00e0 savoir vers l&rsquo;\u0153uvre \u00e9ternelle du Barde, Shakespeare. Guillaume C\u00f4t\u00e9, jusqu&rsquo;\u00e0 il y a peu danseur \u00e9toile du Ballet national du Canada dont il a pris sa retraite en juin 2025, cr\u00e9e avec <em>Les Songes d&rsquo;une nuit d&rsquo;\u00e9t\u00e9<\/em> sa premi\u00e8re chor\u00e9graphie pour les GB. C\u00f4t\u00e9, qui avoue avoir toujours cultiv\u00e9 une fascination pour Shakespeare, esp\u00e8re par ce choix combler les carences d&rsquo;amour et d&rsquo;humour ressenties par un monde anxieux. Trois niveaux de perception se superposeront, ceux de la r\u00e9alit\u00e9, du r\u00eave et du fantasme, dans un univers o\u00f9 l&rsquo;amour, fluide, d\u00e9rive et d\u00e9borde. L&rsquo;action est transpos\u00e9e au XXIe si\u00e8cle, lors d&rsquo;une fin de semaine de mariage qui m\u00e8nera les personnages \u00e0 se poser des questions sur leurs d\u00e9sirs profonds.<\/p>\n<p>L&rsquo;Orchestre des Grands Ballets, dirig\u00e9 par Dina Gilbert, interpr\u00e9tera des pi\u00e8ces choisies des Mendelssohn fr\u00e8re et s\u0153ur, Felix et Fanny, ainsi que de Steve Reich, de Max Richter et un remix du <em>Danube bleu<\/em> par le DJ montr\u00e9alais Tommy Lunaire.<\/p>\n<p>DU 29 AU 31 OCTOBRE, SALLE WILFRID-PELLETIER<\/p>\n<h3>Casse-Noisette<\/h3>\n<p>Aim\u00e9 des petits et des grands, Casse-Noisette sera de retour\u00a0 du 5 au 30 d\u00e9cembre, dans la famili\u00e8re chor\u00e9graphie de Fernad Nault d&rsquo;apr\u00e8s Marius Petipa. La musique de Tcha\u00efkovski, dont le charme ne s&rsquo;use pas, sera encore cette fois ex\u00e9cut\u00e9e par l&rsquo;Orchestre des Grands Ballets et le chef Jean-Claude Picard.<\/p>\n<p>DU 5 AU 30 D\u00c9CEMBRE, SALLE WILFRID-PELLETIER<\/p>\n<h3>Cendrillon<\/h3>\n<p>\u00c0 la fin f\u00e9vrier, au retour d&rsquo;une tourn\u00e9e \u00e0 Ottawa pour y pr\u00e9senter Les Songes d&rsquo;une nuit d&rsquo;\u00e9t\u00e9, la troupe des GB reprendra \u00e0 Montr\u00e9al le <em>Cendrillon\u00a0<\/em>de Jayne Smoulders qui avait connu un grand succ\u00e8s aupr\u00e8s du public en 2023. L&rsquo;Orchestre des Grands Ballets et Dina Gilbert seront dans la fosse pour jouer la musique de Prokofiev.<\/p>\n<p>DU 24 AU 28 F\u00c9VRIER 2027, SALLE WILFRID-PELLETIER<\/p>\n<h3>Lady Chatterley<\/h3>\n<p>Entre les mains de la chor\u00e9graphe Cathy Marston, ce ballet bas\u00e9 sur le roman de D. H. Lawrence transpose sur sc\u00e8ne la soif de libert\u00e9 de personnages s&rsquo;affranchissant des conventions de leur \u00e9poque. Dressant un parall\u00e8le entre la p\u00e9riode de bouleversements secouant la soci\u00e9t\u00e9 au d\u00e9but du XXe si\u00e8cle et la n\u00f4tre, la chor\u00e9graphe esp\u00e8re susciter chez les spectateurs une r\u00e9flexion sur la fa\u00e7on dont ils souhaitent vivre leur vie.<\/p>\n<p>Les \u00e9motions douloureuses des personnages sont r\u00e9fl\u00e9t\u00e9es dans la musique de Scriabine, jou\u00e9e par l&rsquo;Orchestre des Grands Ballets dirig\u00e9 par Dina Gilbert.<\/p>\n<p>DU 22 AU 25 AVRIL 2027,TH\u00c9\u00c2TRE MAISONNEUVE<\/p>\n<p>&nbsp;<\/p>\n<figure id=\"attachment_92313\" aria-describedby=\"caption-attachment-92313\" style=\"width: 1200px\" class=\"wp-caption aligncenter\"><img decoding=\"async\" loading=\"lazy\" class=\"size-full wp-image-92313\" src=\"https:\/\/www.ludwig-van.com\/montreal\/wp-content\/uploads\/sites\/3\/2026\/03\/les-grands-ballets-alice-photo-sasha-onyshchenko-danseuse-anna-ishii-horizontale-1920x1080px-web-f.jpg\" alt=\"Anna Ishii en Alice au pays des merveilles (Photo : Sasha Onyshchenko)\" width=\"1200\" height=\"675\" srcset=\"https:\/\/www.ludwig-van.com\/montreal\/wp-content\/uploads\/sites\/3\/2026\/03\/les-grands-ballets-alice-photo-sasha-onyshchenko-danseuse-anna-ishii-horizontale-1920x1080px-web-f.jpg 1200w, https:\/\/www.ludwig-van.com\/montreal\/wp-content\/uploads\/sites\/3\/2026\/03\/les-grands-ballets-alice-photo-sasha-onyshchenko-danseuse-anna-ishii-horizontale-1920x1080px-web-f-300x169.jpg 300w, https:\/\/www.ludwig-van.com\/montreal\/wp-content\/uploads\/sites\/3\/2026\/03\/les-grands-ballets-alice-photo-sasha-onyshchenko-danseuse-anna-ishii-horizontale-1920x1080px-web-f-1024x576.jpg 1024w, https:\/\/www.ludwig-van.com\/montreal\/wp-content\/uploads\/sites\/3\/2026\/03\/les-grands-ballets-alice-photo-sasha-onyshchenko-danseuse-anna-ishii-horizontale-1920x1080px-web-f-768x432.jpg 768w\" sizes=\"(max-width: 1200px) 100vw, 1200px\" \/><figcaption id=\"caption-attachment-92313\" class=\"wp-caption-text\">Anna Ishii en Alice au pays des merveilles (Photo : Sasha Onyshchenko)<\/figcaption><\/figure>\n<h3>Alice aux pays des merveilles<\/h3>\n<p>Les Grands Ballets couronnent leur saison 2026-2027 par la pr\u00e9sentation d&rsquo;une nouvelle production, autant au niveau de la chor\u00e9graphie que de la musique. En effet, pour la premi\u00e8re fois de son histoire, les GB ont pass\u00e9 une commande pour une nouvelle partition musicale. Le directeur artistique Ivan Cavallari en a confi\u00e9 la r\u00e9alisation au compositeur Airat Ichmouratov, qui a pour mission de cr\u00e9er une musique illustrant la fantaisie d\u00e9brid\u00e9e du c\u00e9l\u00e8bre conte de Lewis Carroll, <em>Alice au pays des merveilles<\/em>. Il travaille en \u00e9change constant avec Andr\u00e9 Santos, qui signera avec ce projet sa toute premi\u00e8re cr\u00e9ation en tant que chor\u00e9graphe.<\/p>\n<p>Ichmouratov sera \u00e9galement au pupitre pour diriger l&rsquo;Orchestre des Grands Ballets.<\/p>\n<p>DU 3 AU 6 JUIN 2027, SALLE WILFRID-PELLETIER<\/p>\n<h3>Billets et abonnements<\/h3>\n<p>Le public peut d\u00e8s maintenant composer son forfait sur mesure et ainsi profiter d\u2019avantages selon le nombre de ballets choisis. Les billets individuels seront mis en vente d\u00e8s le 19 mai.<\/p>\n<p>Informations et r\u00e9servations sur le <a href=\"https:\/\/grandsballets.com\/fr\/\" target=\"_blank\" rel=\"noopener\">site des Grands Ballets<\/a> ou au (514) 849-0269.<\/p>\n<h2><em>Inscrivez-vous \u00e0 notre infolettre! La musique classique et l\u2019op\u00e9ra en 5 minutes, chaque jour<\/em>\u00a0<a href=\"https:\/\/ludwig-van.us9.list-manage.com\/subscribe?u=4f785cb3f9058f2393ccad035&amp;id=b9b160c032\" target=\"_blank\" rel=\"noopener noreferrer\">ICI.<\/a><\/h2>\n","protected":false},"excerpt":{"rendered":"<p>La litt\u00e9rature est au c\u0153ur de la prochaine saison des Grands Ballets, les six productions au calendrier s&rsquo;inspirant d&rsquo;\u0153uvres litt\u00e9raires et th\u00e9\u00e2trales, du conte de f\u00e9e \u00e0 la com\u00e9die f\u00e9\u00e9rique et du roman d&rsquo;amour au roman \u00e9rotique.<\/p>\n","protected":false},"author":55,"featured_media":92311,"comment_status":"open","ping_status":"open","sticky":false,"template":"","format":"standard","meta":{"om_disable_all_campaigns":false,"jetpack_post_was_ever_published":false},"categories":[42368,10992],"tags":[42369,42198],"yst_prominent_words":[18300,25351,28607,17258,22592],"acf":[],"jetpack_featured_media_url":"https:\/\/www.ludwig-van.com\/montreal\/wp-content\/uploads\/sites\/3\/2026\/03\/Copie-de-NOUVELLE.png","jetpack_sharing_enabled":true,"jetpack_shortlink":"https:\/\/wp.me\/p9bdYt-o0p","amp_enabled":true,"_links":{"self":[{"href":"https:\/\/www.ludwig-van.com\/montreal\/wp-json\/wp\/v2\/posts\/92281"}],"collection":[{"href":"https:\/\/www.ludwig-van.com\/montreal\/wp-json\/wp\/v2\/posts"}],"about":[{"href":"https:\/\/www.ludwig-van.com\/montreal\/wp-json\/wp\/v2\/types\/post"}],"author":[{"embeddable":true,"href":"https:\/\/www.ludwig-van.com\/montreal\/wp-json\/wp\/v2\/users\/55"}],"replies":[{"embeddable":true,"href":"https:\/\/www.ludwig-van.com\/montreal\/wp-json\/wp\/v2\/comments?post=92281"}],"version-history":[{"count":9,"href":"https:\/\/www.ludwig-van.com\/montreal\/wp-json\/wp\/v2\/posts\/92281\/revisions"}],"predecessor-version":[{"id":92325,"href":"https:\/\/www.ludwig-van.com\/montreal\/wp-json\/wp\/v2\/posts\/92281\/revisions\/92325"}],"wp:featuredmedia":[{"embeddable":true,"href":"https:\/\/www.ludwig-van.com\/montreal\/wp-json\/wp\/v2\/media\/92311"}],"wp:attachment":[{"href":"https:\/\/www.ludwig-van.com\/montreal\/wp-json\/wp\/v2\/media?parent=92281"}],"wp:term":[{"taxonomy":"category","embeddable":true,"href":"https:\/\/www.ludwig-van.com\/montreal\/wp-json\/wp\/v2\/categories?post=92281"},{"taxonomy":"post_tag","embeddable":true,"href":"https:\/\/www.ludwig-van.com\/montreal\/wp-json\/wp\/v2\/tags?post=92281"},{"taxonomy":"yst_prominent_words","embeddable":true,"href":"https:\/\/www.ludwig-van.com\/montreal\/wp-json\/wp\/v2\/yst_prominent_words?post=92281"}],"curies":[{"name":"wp","href":"https:\/\/api.w.org\/{rel}","templated":true}]}}