{"id":92278,"date":"2026-03-13T18:32:38","date_gmt":"2026-03-13T22:32:38","guid":{"rendered":"https:\/\/www.ludwig-van.com\/montreal\/?p=92278"},"modified":"2026-03-15T20:00:03","modified_gmt":"2026-03-16T00:00:03","slug":"critique-ocm","status":"publish","type":"post","link":"https:\/\/www.ludwig-van.com\/montreal\/2026\/03\/13\/critique-ocm\/","title":{"rendered":"CRITIQUE | Ardu voyage en Pologne avec l&rsquo;OCM"},"content":{"rendered":"<figure id=\"attachment_92290\" aria-describedby=\"caption-attachment-92290\" style=\"width: 1200px\" class=\"wp-caption aligncenter\"><img decoding=\"async\" loading=\"lazy\" class=\"size-full wp-image-92290\" src=\"https:\/\/www.ludwig-van.com\/montreal\/wp-content\/uploads\/sites\/3\/2026\/03\/Copie-de-CRITIQUE22.jpg\" alt=\"La soprano Karoline Podolak et le chef Andrei Feher. (Photo : Tam Photography)\" width=\"1200\" height=\"628\" srcset=\"https:\/\/www.ludwig-van.com\/montreal\/wp-content\/uploads\/sites\/3\/2026\/03\/Copie-de-CRITIQUE22.jpg 1200w, https:\/\/www.ludwig-van.com\/montreal\/wp-content\/uploads\/sites\/3\/2026\/03\/Copie-de-CRITIQUE22-300x157.jpg 300w, https:\/\/www.ludwig-van.com\/montreal\/wp-content\/uploads\/sites\/3\/2026\/03\/Copie-de-CRITIQUE22-1024x536.jpg 1024w, https:\/\/www.ludwig-van.com\/montreal\/wp-content\/uploads\/sites\/3\/2026\/03\/Copie-de-CRITIQUE22-768x402.jpg 768w\" sizes=\"(max-width: 1200px) 100vw, 1200px\" \/><figcaption id=\"caption-attachment-92290\" class=\"wp-caption-text\">La soprano Karoline Podolak et le chef Andrei Feher. (Photo : Tam Photography)<\/figcaption><\/figure>\n<p>L&rsquo;<strong>Orchestre classique de Montr\u00e9al<\/strong> poursuivait hier soir sa saison avec le concert <em>De Chopin \u00e0 Weinberg : Soir\u00e9e classique \u00e0 la polonaise. <\/em>Sous la direction du directeur musical <strong>Andrei Feher<\/strong>, l&rsquo;ensemble \u00e0 cordes interpr\u00e9tait des \u0153uvres des compositeurs polonais Fr\u00e9d\u00e9ric Chopin, Mieczys\u0142aw Weinberg, Wojciech Kilar et Stanis\u0142aw Moniuszko, auxquelles s&rsquo;ajoutaient un air de Verdi et une composition humoristique du Qu\u00e9b\u00e9cois <strong>Maxime Goulet<\/strong>. Les participations des solistes invit\u00e9s <strong>Jean-Philippe Sylvestre<\/strong> (piano), <strong>Kornel Wolak<\/strong> (clarinette) et <strong>Karoline Podolak<\/strong> (soprano) ponctuaient la soir\u00e9e.<\/p>\n<p>D\u00e8s le d\u00e9but, le public a \u00e9t\u00e9 conquis par la pr\u00e9sence th\u00e9\u00e2trale et flamboyante des solistes <strong>Jean-Philippe Sylvestre<\/strong> et <strong>Kornel Wolak<\/strong>, qui se sont lanc\u00e9s dans un arrangement (non attribu\u00e9 dans le programme) du <em>Nocturne en do di\u00e8se mineur<\/em> de Chopin, transpos\u00e9 en <em>do<\/em> mineur. Apr\u00e8s les mots de bienvenue de la directrice g\u00e9n\u00e9rale par int\u00e9rim <strong>Jo\u00eblle Gonnord<\/strong> et de la Consule g\u00e9n\u00e9rale de la R\u00e9publique de Pologne <strong>Izabela Fabja\u0144ska-Potapczuk<\/strong>, l&rsquo;<strong>OCM<\/strong> et les m\u00eames solistes ont poursuivi avec un autre arrangement d&rsquo;une pi\u00e8ce de Chopin, la <em>Mazurka en si b\u00e9mol majeur<\/em>, op. 7 no 1. C&rsquo;\u00e9tait ensuite au tour de la soprano <strong>Karoline Podolak<\/strong> de charmer le public avec sa voix dense et ses aigus agiles. Elle a interpr\u00e9t\u00e9 deux pi\u00e8ces contrastantes, l&rsquo;air \u00ab\u00a0Dumka zuzi\u00a0\u00bb extrait de l&rsquo;op\u00e9ra <em>Verbum Nobile<\/em> de Stanis\u0142aw Moniuszko, compositeur du XIXe si\u00e8cle consid\u00e9r\u00e9 le p\u00e8re de l&rsquo;op\u00e9ra polonais et la\u00a0<em>Vocalise<\/em> compos\u00e9e par Wojciech Kilar pour la trame sonore du film <em>The Ninth Gate<\/em>, dans laquelle sa respiration \u00e9tait \u00e9trangement saccad\u00e9e. Une interpr\u00e9tation tapageuse et pas toujours synchronis\u00e9e du <em>Concerto pour piano en mi mineur<\/em> de Chopin concluait cette premi\u00e8re partie.<\/p>\n<p>En ouverture de deuxi\u00e8me partie, le clarinettiste <strong>Kornel Wolak<\/strong> reprenait avec d\u00e9lectation le r\u00f4le de clarinettiste solo-mime dont il avait assur\u00e9 la cr\u00e9ation en 2014. L&rsquo;interaction entre le soliste et l&rsquo;orchestre \u00e9tait r\u00e9ussie, m\u00eame dans les \u00e9changes d\u00e9licats. La musique de <strong>Goulet<\/strong> est \u00e0 la fois atmosph\u00e9rique et descriptive, allant jusqu&rsquo;\u00e0 reproduire le son des vagues et les cris des mouettes. <strong>Podolak<\/strong> est ensuite revenue sur sc\u00e8ne offrir le \u00ab\u00a0Sempre libera\u00a0\u00bb extrait de <em>La Traviata<\/em> qu&rsquo;elle ma\u00eetrise bien, la clarinette de <strong>Wolak<\/strong> rempla\u00e7ant le t\u00e9nor absent.<\/p>\n<p>La soir\u00e9e s&rsquo;est conclue avec la pi\u00e8ce la plus substantielle du programme, la <em>Symphonie de chambre no 1<\/em>, op. 145 de Mieczys\u0142aw Weinberg (1919-1996). <strong>Andrei Feher<\/strong> en a saisi l&rsquo;essence dans sa pr\u00e9sentation au micro en en soulignant l&rsquo;expression presque na\u00efve menac\u00e9e par un courant sombre sous-jacent.<\/p>\n<p>Gr\u00e2ce entre autres \u00e0 ses programmes aux th\u00e9matiques nationales bien d\u00e9finies, l&rsquo;OCM s&rsquo;est creus\u00e9 un cr\u00e9neau qui lui r\u00e9ussit bien : la salle Pierre-Mercure est bien garnie et la r\u00e9ception des auditeurs, qu&rsquo;il s&rsquo;agisse de r\u00e9guliers ou de curieux attir\u00e9s par la th\u00e9matique du moment, est chaleureuse et enthousiaste. La g\u00e9n\u00e9rosit\u00e9 dont fait preuve l&rsquo;ensemble envers les nouveaux arrivants en leur offrant des places gratuites est de m\u00eame tout \u00e0 son honneur.<\/p>\n<p>Que je ne fasse pas partie du public cible de l&rsquo;orchestre est une \u00e9vidence. Hier soir, mes oreilles de sp\u00e9cialiste auraient souhait\u00e9 (avec une br\u00fblante ardeur) un travail approfondi sur l&rsquo;intonation et le fondu, une approche pianistique plus soign\u00e9e et respectueuse de la partition, et un programme mieux ficel\u00e9. Les probl\u00e8mes d&rsquo;intonation, en particulier, sont un probl\u00e8me r\u00e9current \u00e0 l&rsquo;OCM : j&rsquo;en ai fait mention plusieurs fois par le pass\u00e9.<\/p>\n<p>L&rsquo;OCM annon\u00e7ait avec fiert\u00e9 le 9 d\u00e9cembre dernier avoir sign\u00e9 sa premi\u00e8re convention collective avec la Guilde des musiciennes et musiciens du Qu\u00e9bec &#8211; une excellente nouvelle, bien s\u00fbr. Il y a cependant urgence \u00e0 rehausser dramatiquement les qualit\u00e9s fondamentales du jeu d&rsquo;ensemble pour rencontrer les attentes li\u00e9es \u00e0 ce nouveau statut.<\/p>\n<h2><em>Inscrivez-vous \u00e0 notre infolettre! La musique classique et l\u2019op\u00e9ra en 5 minutes, chaque jour<\/em> <a href=\"https:\/\/ludwig-van.us9.list-manage.com\/subscribe?u=4f785cb3f9058f2393ccad035&amp;id=b9b160c032\" target=\"_blank\" rel=\"noopener noreferrer\">ICI.<\/a><\/h2>\n","protected":false},"excerpt":{"rendered":"<p>L&rsquo;Orchestre classique de Montr\u00e9al poursuivait hier soir sa saison avec le concert De Chopin \u00e0 Weinberg : Soir\u00e9e classique \u00e0 la polonaise. Sous la direction du directeur musical Andrei Feher, l&rsquo;ensemble \u00e0 cordes interpr\u00e9tait des \u0153uvres des compositeurs polonais Fr\u00e9d\u00e9ric Chopin, Mieczys\u0142aw Weinberg, Wojciech Kilar et Stanis\u0142aw Moniuszko, auxquelles s&rsquo;ajoutaient un air de Verdi et une composition humoristique du Qu\u00e9b\u00e9cois Maxime Goulet. Les participations des solistes invit\u00e9s Jean-Philippe Sylvestre (piano), Kornel Wolak (clarinette) et Karoline Podolak (soprano) ponctuaient la soir\u00e9e.<\/p>\n","protected":false},"author":55,"featured_media":92290,"comment_status":"open","ping_status":"open","sticky":false,"template":"","format":"standard","meta":{"om_disable_all_campaigns":false,"jetpack_post_was_ever_published":false},"categories":[42368,52],"tags":[42369,34470],"yst_prominent_words":[10004,10002,17841,10175,10005,12351,11820,6640,8264],"acf":[],"jetpack_featured_media_url":"https:\/\/www.ludwig-van.com\/montreal\/wp-content\/uploads\/sites\/3\/2026\/03\/Copie-de-CRITIQUE22.jpg","jetpack_sharing_enabled":true,"jetpack_shortlink":"https:\/\/wp.me\/p9bdYt-o0m","amp_enabled":true,"_links":{"self":[{"href":"https:\/\/www.ludwig-van.com\/montreal\/wp-json\/wp\/v2\/posts\/92278"}],"collection":[{"href":"https:\/\/www.ludwig-van.com\/montreal\/wp-json\/wp\/v2\/posts"}],"about":[{"href":"https:\/\/www.ludwig-van.com\/montreal\/wp-json\/wp\/v2\/types\/post"}],"author":[{"embeddable":true,"href":"https:\/\/www.ludwig-van.com\/montreal\/wp-json\/wp\/v2\/users\/55"}],"replies":[{"embeddable":true,"href":"https:\/\/www.ludwig-van.com\/montreal\/wp-json\/wp\/v2\/comments?post=92278"}],"version-history":[{"count":20,"href":"https:\/\/www.ludwig-van.com\/montreal\/wp-json\/wp\/v2\/posts\/92278\/revisions"}],"predecessor-version":[{"id":92315,"href":"https:\/\/www.ludwig-van.com\/montreal\/wp-json\/wp\/v2\/posts\/92278\/revisions\/92315"}],"wp:featuredmedia":[{"embeddable":true,"href":"https:\/\/www.ludwig-van.com\/montreal\/wp-json\/wp\/v2\/media\/92290"}],"wp:attachment":[{"href":"https:\/\/www.ludwig-van.com\/montreal\/wp-json\/wp\/v2\/media?parent=92278"}],"wp:term":[{"taxonomy":"category","embeddable":true,"href":"https:\/\/www.ludwig-van.com\/montreal\/wp-json\/wp\/v2\/categories?post=92278"},{"taxonomy":"post_tag","embeddable":true,"href":"https:\/\/www.ludwig-van.com\/montreal\/wp-json\/wp\/v2\/tags?post=92278"},{"taxonomy":"yst_prominent_words","embeddable":true,"href":"https:\/\/www.ludwig-van.com\/montreal\/wp-json\/wp\/v2\/yst_prominent_words?post=92278"}],"curies":[{"name":"wp","href":"https:\/\/api.w.org\/{rel}","templated":true}]}}