{"id":92270,"date":"2026-03-12T13:11:43","date_gmt":"2026-03-12T17:11:43","guid":{"rendered":"https:\/\/www.ludwig-van.com\/montreal\/?p=92270"},"modified":"2026-03-13T14:00:03","modified_gmt":"2026-03-13T18:00:03","slug":"critique%e2%94%82corporate-retreat-la-semaine-du-neuf-quand-la-musique-contemporaine-donne-dans-la-satire-grincante","status":"publish","type":"post","link":"https:\/\/www.ludwig-van.com\/montreal\/2026\/03\/12\/critique%e2%94%82corporate-retreat-la-semaine-du-neuf-quand-la-musique-contemporaine-donne-dans-la-satire-grincante\/","title":{"rendered":"CRITIQUE\u2502Corporate Retreat \u00e0 La Semaine du Neuf\u00a0: Quand la musique contemporaine donne dans la satire grin\u00e7ante"},"content":{"rendered":"<figure id=\"attachment_92271\" aria-describedby=\"caption-attachment-92271\" style=\"width: 1200px\" class=\"wp-caption aligncenter\"><img decoding=\"async\" loading=\"lazy\" class=\"size-full wp-image-92271\" src=\"https:\/\/www.ludwig-van.com\/montreal\/wp-content\/uploads\/sites\/3\/2026\/03\/Copie-de-CRITIQUE21.jpg\" alt=\"Corporate Retreat, spectacle de Quidigital. (Photo : site web du Vivier)\" width=\"1200\" height=\"628\" srcset=\"https:\/\/www.ludwig-van.com\/montreal\/wp-content\/uploads\/sites\/3\/2026\/03\/Copie-de-CRITIQUE21.jpg 1200w, https:\/\/www.ludwig-van.com\/montreal\/wp-content\/uploads\/sites\/3\/2026\/03\/Copie-de-CRITIQUE21-300x157.jpg 300w, https:\/\/www.ludwig-van.com\/montreal\/wp-content\/uploads\/sites\/3\/2026\/03\/Copie-de-CRITIQUE21-1024x536.jpg 1024w, https:\/\/www.ludwig-van.com\/montreal\/wp-content\/uploads\/sites\/3\/2026\/03\/Copie-de-CRITIQUE21-768x402.jpg 768w\" sizes=\"(max-width: 1200px) 100vw, 1200px\" \/><figcaption id=\"caption-attachment-92271\" class=\"wp-caption-text\">Corporate Retreat, spectacle de Quidigital. (Photo : site web du Vivier)<\/figcaption><\/figure>\n<p>En plein c\u0153ur de l&rsquo;actuelle \u00e9dition de La Semaine du Neuf, organis\u00e9e par Le Vivier, le spectacle <em>Corporate Retreat<\/em> a de quoi \u00e9tonner le public et le sortir de sa zone de confort! Fruit du collectif <strong>Quigital<\/strong> \u2013 form\u00e9 par <strong>David Arbez<\/strong>, <strong>Eliot Britton<\/strong>, <strong>Patrick Hart<\/strong> et <strong>Kevin McPhillips<\/strong>, et guid\u00e9 dans la dramaturgie et la mise en sc\u00e8ne par <strong>Marie-Jos\u00e9e Chartier<\/strong> \u2013 cette performance s&rsquo;inscrit parfaitement dans la th\u00e9matique de l\u2019actuelle \u00e9dition de ce festival : la rencontre du geste et du son. En effet, on est face \u00e0 une sorte de th\u00e9\u00e2tre musical o\u00f9 la musique est int\u00e9gr\u00e9e \u00e0 la repr\u00e9sentation &#8211; ou est-ce la repr\u00e9sentation qui est int\u00e9gr\u00e9e \u00e0 la musique? Le dialogue se d\u00e9veloppe dans les deux sens.<\/p>\n<h3>Immersion corporative<\/h3>\n<p>Avant m\u00eame notre entr\u00e9e en salle, nous sommes accueillis par l&rsquo;\u00e9quipe cr\u00e9atrice qui nous offre un badge avec un code QR, nous invitant \u00e0 cr\u00e9er notre profil d&#8217;employ\u00e9 chez Quigital et \u00e0 interagir avec les autres spectateurs\/employ\u00e9s. Cette plateforme unilingue anglaise (car l&rsquo;anglais est \u2013 encore \u2013 la langue du travail) comptabilise des points en fonction de nos activit\u00e9s dans la corporation\u00a0: \u00e9change de messages, conception de nouveaux produits, promotion au sein de l&rsquo;entreprise (que l&rsquo;on ach\u00e8te avec nos points recueillis)&#8230; Il est m\u00eame possible de discuter avec Quincy, le robot conversationnel de Quigital! Nous ne sommes plus des spectateurs passifs, nous faisons partie de la performance.<\/p>\n<p>Une fois install\u00e9s \u00e0 nos si\u00e8ges, nous assistons \u00e0 la \u00ab\u00a0conf\u00e9rence\u00a0\u00bb. On fait alors la rencontre de l&rsquo;animatrice, She.E.O. , incarn\u00e9e par la soprano <strong>Sarah Albu<\/strong>, ainsi que des quatre employ\u00e9s-mod\u00e8les de cette formation de travail, \u00e0 savoir les quatre percussionnistes\/multi-instrumentistes d&rsquo;Architek Percussions (Parker Bert, Noam Bierstone, Ben Duinker et Alessandro Valiante).<\/p>\n<p>Les artistes nous plongent dans une parodie grin\u00e7ante de la culture corporative : la conf\u00e9renci\u00e8re nous assomme de phrases creuses qui se veulent motivantes, valorisant la productivit\u00e9 souhait\u00e9e par la compagnie, quitte \u00e0 en assumer une forme d&rsquo;endoctrinement capitaliste d\u00e9complex\u00e9. Nous plongeons, de gr\u00e9 ou de force, dans l&rsquo;ali\u00e9nation de la gestion de la ressource humaine.<\/p>\n<h3>Musique et discours<\/h3>\n<p>Pour la satire, le tout est franchement r\u00e9ussi. Les codes du genre sont respect\u00e9s, mais toujours pouss\u00e9s jusqu&rsquo;\u00e0 leur extr\u00eame absurdit\u00e9, d\u00e9voilant sans vergogne les rouages d&rsquo;une pens\u00e9e o\u00f9 pr\u00e9domine la productivit\u00e9 au d\u00e9triment de l&rsquo;humain. En tant que spectateurs, on rit jaune, car il y a une bonne dose d&rsquo;humour dans le spectacle, mais nous savons qu&rsquo;il prend racine dans une r\u00e9alit\u00e9 autrement plus terrifiante que comique.<\/p>\n<p>La musique pastiche les styles musicaux associ\u00e9s \u00e0 cet exercice corporatif : rythmes entra\u00eenants (mais qui soutiennent la fr\u00e9n\u00e9sie d&rsquo;un travail surproductif, voire surhumain) et ritournelles pop entra\u00eenantes, tout y est, avec beaucoup trop d&rsquo;\u00e9nergie pour que ce soit r\u00e9ellement agr\u00e9able. Car en copiant ce type de musique, les cr\u00e9ateurs poussent la note pour que la distorsion soit totale et que le malaise soit palpable. On s&rsquo;amuse de la performance aux sonorit\u00e9s percussives bureautiques (claviers d&rsquo;ordinateurs et crayons) tout comme on sourit aux chansons faites \u00e0 partir de divers courriels d&rsquo;entreprise ou de dialogues avec l&rsquo;intelligence artificielle de la compagnie.<\/p>\n<p>Si la seconde partie accuse de petites redites (un spectacle plus resserr\u00e9 et sans entracte aurait \u00e9t\u00e9 peut-\u00eatre plus efficace), on demeure captif de l\u2019exercice et totalement \u00e9blouit par le naturel des interpr\u00e8tes qui s&rsquo;av\u00e8rent d&rsquo;aussi bons acteurs que musiciens. Et un bravo tout sp\u00e9cial \u00e0 la soprano <strong>Sarah Albu<\/strong> qui conserve une \u00e9nergie survolt\u00e9e et une implication totale dans cette performance tout \u00e0 fait hors du commun.<\/p>\n<p>\u00c0 la fin de l&rsquo;\u00e9v\u00e9nement, les spectateurs ayants recueillis le plus de points via leur application se sont fait f\u00e9liciter pour leur performance pro-active dans l&rsquo;entreprise. Les autres ont \u00e9t\u00e9 violemment cong\u00e9di\u00e9s (votre humble serviteur fait partie de ce groupe d\u00e9chu). L\u00e0 encore, on rit jaune\u00a0: dans le cadre d&rsquo;une performance sc\u00e9nique, on mesure toute l&rsquo;absurdit\u00e9 de l&rsquo;exercice, mais on sait aussi que cette r\u00e9alit\u00e9 n&rsquo;est pas fictive.<\/p>\n<p>On ne peut que remercier <strong>Le Vivier<\/strong> d&rsquo;avoir programm\u00e9 cette reprise, initialement cr\u00e9\u00e9e \u00e0 l&rsquo;automne 2025 \u00e0 la Sala Rossa, et de permettre ainsi de faire d\u00e9couvrir cette production hors du commun portant un regard cynique et absurde sur une r\u00e9alit\u00e9 tout aussi cynique et absurde!<\/p>\n<h2><em>Inscrivez-vous \u00e0 notre infolettre! La musique classique et l\u2019op\u00e9ra en 5 minutes, chaque jour<\/em> <a href=\"https:\/\/ludwig-van.us9.list-manage.com\/subscribe?u=4f785cb3f9058f2393ccad035&amp;id=b9b160c032\" target=\"_blank\" rel=\"noopener noreferrer\">ICI<\/a>.<\/h2>\n","protected":false},"excerpt":{"rendered":"<p>En plein c\u0153ur de l&rsquo;actuelle \u00e9dition de La Semaine du Neuf, organis\u00e9e par Le Vivier, le spectacle Corporate Retreat a de quoi \u00e9tonner le public et le sortir de sa zone de confort! Fruit du collectif Quigital \u2013 form\u00e9 par David Arbez, Eliot Britton, Patrick Hart et Kevin McPhillips, et guid\u00e9 dans la dramaturgie et la mise en sc\u00e8ne par Marie-Jos\u00e9e Chartier \u2013 cette performance s&rsquo;inscrit parfaitement dans la th\u00e9matique de l\u2019actuelle \u00e9dition de ce festival : la rencontre du geste et du son. En effet, on est face \u00e0 une sorte de th\u00e9\u00e2tre musical o\u00f9 la musique est int\u00e9gr\u00e9e \u00e0 la repr\u00e9sentation &#8211; ou est-ce la repr\u00e9sentation qui est int\u00e9gr\u00e9e \u00e0 la musique? Le dialogue se d\u00e9veloppe dans les deux sens.<\/p>\n","protected":false},"author":111,"featured_media":92271,"comment_status":"open","ping_status":"open","sticky":false,"template":"","format":"standard","meta":{"om_disable_all_campaigns":false,"jetpack_post_was_ever_published":false},"categories":[42368,52],"tags":[42369,16968,42168],"yst_prominent_words":[9811,11593,7451,29340,11689,21383,10898,10188],"acf":[],"jetpack_featured_media_url":"https:\/\/www.ludwig-van.com\/montreal\/wp-content\/uploads\/sites\/3\/2026\/03\/Copie-de-CRITIQUE21.jpg","jetpack_sharing_enabled":true,"jetpack_shortlink":"https:\/\/wp.me\/p9bdYt-o0e","amp_enabled":true,"_links":{"self":[{"href":"https:\/\/www.ludwig-van.com\/montreal\/wp-json\/wp\/v2\/posts\/92270"}],"collection":[{"href":"https:\/\/www.ludwig-van.com\/montreal\/wp-json\/wp\/v2\/posts"}],"about":[{"href":"https:\/\/www.ludwig-van.com\/montreal\/wp-json\/wp\/v2\/types\/post"}],"author":[{"embeddable":true,"href":"https:\/\/www.ludwig-van.com\/montreal\/wp-json\/wp\/v2\/users\/111"}],"replies":[{"embeddable":true,"href":"https:\/\/www.ludwig-van.com\/montreal\/wp-json\/wp\/v2\/comments?post=92270"}],"version-history":[{"count":11,"href":"https:\/\/www.ludwig-van.com\/montreal\/wp-json\/wp\/v2\/posts\/92270\/revisions"}],"predecessor-version":[{"id":92288,"href":"https:\/\/www.ludwig-van.com\/montreal\/wp-json\/wp\/v2\/posts\/92270\/revisions\/92288"}],"wp:featuredmedia":[{"embeddable":true,"href":"https:\/\/www.ludwig-van.com\/montreal\/wp-json\/wp\/v2\/media\/92271"}],"wp:attachment":[{"href":"https:\/\/www.ludwig-van.com\/montreal\/wp-json\/wp\/v2\/media?parent=92270"}],"wp:term":[{"taxonomy":"category","embeddable":true,"href":"https:\/\/www.ludwig-van.com\/montreal\/wp-json\/wp\/v2\/categories?post=92270"},{"taxonomy":"post_tag","embeddable":true,"href":"https:\/\/www.ludwig-van.com\/montreal\/wp-json\/wp\/v2\/tags?post=92270"},{"taxonomy":"yst_prominent_words","embeddable":true,"href":"https:\/\/www.ludwig-van.com\/montreal\/wp-json\/wp\/v2\/yst_prominent_words?post=92270"}],"curies":[{"name":"wp","href":"https:\/\/api.w.org\/{rel}","templated":true}]}}