{"id":92238,"date":"2026-03-10T20:53:27","date_gmt":"2026-03-11T00:53:27","guid":{"rendered":"https:\/\/www.ludwig-van.com\/montreal\/?p=92238"},"modified":"2026-03-12T08:00:03","modified_gmt":"2026-03-12T12:00:03","slug":"nouvelle-grande-saison-en-2026-2027-lopera-de-montreal","status":"publish","type":"post","link":"https:\/\/www.ludwig-van.com\/montreal\/2026\/03\/10\/nouvelle-grande-saison-en-2026-2027-lopera-de-montreal\/","title":{"rendered":"NOUVELLE | Grande saison en 2026-2027 \u00e0 l&rsquo;Op\u00e9ra de Montr\u00e9al"},"content":{"rendered":"<p><img decoding=\"async\" loading=\"lazy\" class=\"aligncenter size-full wp-image-92241\" src=\"https:\/\/www.ludwig-van.com\/montreal\/wp-content\/uploads\/sites\/3\/2026\/03\/Copie-de-NOUVELLE24.jpg\" alt=\"\" width=\"1200\" height=\"628\" srcset=\"https:\/\/www.ludwig-van.com\/montreal\/wp-content\/uploads\/sites\/3\/2026\/03\/Copie-de-NOUVELLE24.jpg 1200w, https:\/\/www.ludwig-van.com\/montreal\/wp-content\/uploads\/sites\/3\/2026\/03\/Copie-de-NOUVELLE24-300x157.jpg 300w, https:\/\/www.ludwig-van.com\/montreal\/wp-content\/uploads\/sites\/3\/2026\/03\/Copie-de-NOUVELLE24-1024x536.jpg 1024w, https:\/\/www.ludwig-van.com\/montreal\/wp-content\/uploads\/sites\/3\/2026\/03\/Copie-de-NOUVELLE24-768x402.jpg 768w\" sizes=\"(max-width: 1200px) 100vw, 1200px\" \/><\/p>\n<p>L&rsquo;<strong>Op\u00e9ra de Montr\u00e9al<\/strong> a proc\u00e9d\u00e9 aujourd&rsquo;hui au d\u00e9voilement de sa programmation 2026-2027, la premi\u00e8re saison compl\u00e8te sous la direction g\u00e9n\u00e9rale de <strong>Jean-Pierre Primiani<\/strong>, arriv\u00e9 en poste en novembre dernier. Six \u0153uvres sont annonc\u00e9es, dont deux cr\u00e9ations mondiales et quatre coproductions, une hausse par rapport \u00e0 la saison en cours. La maison d&rsquo;op\u00e9ra consolide par ailleurs ses liens avec l&rsquo;<strong>Orchestre M\u00e9tropolitain<\/strong>, qui participera \u00e0 quatre productions.<\/p>\n<p>L&rsquo;ambitieuse saison affiche ses couleurs d\u00e8s le d\u00e9part en ouvrant avec <em>Turandot<\/em>, op\u00e9ra monumental d\u00e9ployant tout l&rsquo;arsenal le plus spectaculaire du genre : vaste ch\u0153ur, troupe de danse et sc\u00e9nographie imposante. Cette coproduction avec le <strong>Washington National Opera<\/strong> et le <strong>Dallas Opera<\/strong> int\u00e8gre une nouvelle fin sign\u00e9e <strong>Christopher Tin<\/strong>, qu&rsquo;on annonce \u00ab\u00a0plus sensible et plus coh\u00e9rente que les compl\u00e9tions traditionnelles\u00a0\u00bb. Le r\u00f4le titre sera tenu par <strong>Maida Hunderling<\/strong> et <strong>Andrea Shin<\/strong> se glissera dans la peau de Calaf. <strong>Joyce El-Khoury<\/strong> sera Liu et <strong>Raymond Aceto<\/strong>, Timur, tandis que <strong>Nathan Keoughan<\/strong>, <strong>Rocco<\/strong> <strong>Rupolo<\/strong> et <strong>Angelo Moretti<\/strong> formeront le trio Ping, Pang et Pong. <strong>Richard Margison<\/strong> en Altoum et <strong>Colin Mackey<\/strong> en Mandarin compl\u00e8tent la distribution. Devant l&rsquo;<strong>Orchestre M\u00e9tropolitain <\/strong>et le <strong>Ch\u0153ur de l&rsquo;Op\u00e9ra de Montr\u00e9al<\/strong>, le chef <strong>Paolo<\/strong> <strong>Arrivabeni<\/strong> tiendra les r\u00eanes musicaux de cette production mise en sc\u00e8ne par <strong>Francesca Zambello<\/strong>, dont les repr\u00e9sentations auront lieu du 26 septembre au 4 octobre.<\/p>\n<p>\u00c0 la fin novembre, ce sera au tour du tr\u00e8s romantique <em>Werther<\/em> de Massenet de garnir la sc\u00e8ne de la salle Wilfrid-Pelletier dans une mise en sc\u00e8ne imagin\u00e9e par <strong>Alain Gauthier<\/strong> respectant l&rsquo;\u00e9poque et l&rsquo;esth\u00e9tique indiqu\u00e9es dans le livret, soit l&rsquo;Allemagne de la fin du XVIIIe si\u00e8cle.\u00a0<strong>Jacques Lacombe<\/strong> sera au podium pour diriger l&rsquo;<strong>Orchestre M\u00e9tropolitain<\/strong>, le <strong>Ch\u0153ur de l&rsquo;Op\u00e9ra de Montr\u00e9al <\/strong>et une distribution r\u00e9unissant noms connus et d\u00e9couvertes. <strong>Julie Boulianne<\/strong> fera un retour \u00e0 l&rsquo;Op\u00e9ra de Montr\u00e9al dans le r\u00f4le de Charlotte, qu&rsquo;elle chantera face au t\u00e9nor fran\u00e7ais en vogue <strong>Julien Dran<\/strong>, qui fera ses d\u00e9buts dans notre ville. <strong>Sophie Naubert<\/strong> et <strong>Hugo Laporte<\/strong> seront de la partie, ainsi que <strong>Tomislav Lavoie<\/strong>, <strong>Jeremy Scinocca<\/strong> et <strong>Dante Mullin<\/strong> <strong>Santone<\/strong>. Les partenaires de l&rsquo;Op\u00e9ra de Montr\u00e9al pour cette coproduction sont cette fois la <strong>Canadian Opera Company<\/strong> et le <strong>Vancouver Opera<\/strong>.<\/p>\n<p>Pour commencer 2027, l&rsquo;<strong>Op\u00e9ra de Montr\u00e9al<\/strong> nous titille en annon\u00e7ant une version concert d&rsquo;un autre op\u00e9ra embl\u00e9matique, de la culture viennoise cette fois, avec<em> Der Rosenkavalier<\/em> de Richard Strauss. <strong>Yannick<\/strong> <strong>N\u00e9zet-S\u00e9guin<\/strong> sera au pupitre de l&rsquo;<strong>Orchestre M\u00e9tropolitain<\/strong> pour les deux repr\u00e9sentations, les 28 et 31 janvier 2027, de cet \u00e9v\u00e9nement marquant, <em>Der Rosenkavalier<\/em> n&rsquo;ayant pas \u00e9t\u00e9 pr\u00e9sent\u00e9 \u00e0 Montr\u00e9al depuis une trentaine d&rsquo;ann\u00e9es. La distribution vocale reste cependant un myst\u00e8re pour l&rsquo;instant.<\/p>\n<blockquote><p>\u00ab J\u2019ai commenc\u00e9 ma carri\u00e8re comme assistant chef d\u2019orchestre et chef des ch\u0153urs \u00e0 l\u2019Op\u00e9ra de Montr\u00e9al quand j\u2019avais 23 ans, et c\u2019est comme \u00e7a que j\u2019ai appris \u00e0 conna\u00eetre l\u2019OM. Je crois sinc\u00e8rement \u00e0 la synergie entre les deux institutions : la musique en ressort gagnante. \u00bb &#8211; Yannick N\u00e9zet-S\u00e9guin, Directeur artistique et Chef principal de l&rsquo;Orchestre M\u00e9tropolitain de Montr\u00e9al<\/p><\/blockquote>\n<p>Le communiqu\u00e9 envoy\u00e9 par l&rsquo;Op\u00e9ra de Montr\u00e9al souligne avec raison l&rsquo;engagement de celui-ci envers la cr\u00e9ation de nouvelles \u0153uvres lyriques, engagement qui a r\u00e9cemment \u00e9t\u00e9 r\u00e9compens\u00e9 par le succ\u00e8s retentissant de <em>Clown(s)<\/em> d&rsquo;<strong>Ana Sokolovic<\/strong> et de<strong> Martin Genest<\/strong>. La nouvelle programmation poursuit cette mission en proposant deux cr\u00e9ations. La premi\u00e8re, <em>La lettre au g\u00e9n\u00e9ral Franco<\/em>, est une reformulation du texte de l&rsquo;auteur espagnol <strong>Fernando Arrabal<\/strong>, auquel l&rsquo;adaptation s&rsquo;abreuve librement. <strong>Michel Beaulac<\/strong>, directeur artistique de l&rsquo;Op\u00e9ra de Montr\u00e9al, cosigne le livret avec <strong>Kristian Fr\u00e9dric<\/strong>, la mise en musique \u00e9tant l&rsquo;\u0153uvre de <strong>Pedro Halffter<\/strong>, qui sera \u00e9galement au pupitre. Le texte transform\u00e9 donne vie \u00e0 trois personnages, chant\u00e9s par <strong>Dominique C\u00f4t\u00e9<\/strong>, <strong>Magali Simard-Gald\u00e8s<\/strong> et <strong>Rose Naggar-Tremblay<\/strong>, sur un accompagnement fourni par l&rsquo;<strong>Orchestre de l&rsquo;Agora<\/strong>. Les repr\u00e9sentations auront lieu \u00e0 la Salle Pierre-Mercure du 27 f\u00e9vrier au 7 mars 2027.<\/p>\n<p>Un mois plus tard, une cr\u00e9ation hybride, entre musique baroque et langage actuel, sera pr\u00e9sent\u00e9e au Monument-National. Se saisissant de l&rsquo;op\u00e9ra <em>Atys<\/em> de Lully et Quinault, les compagnies et groupes montr\u00e9alais <strong>Ballet Op\u00e9ra Pantomime<\/strong> (<strong>BOP<\/strong>), l\u2019<strong>Op\u00e9ra de Montr\u00e9al<\/strong>, <strong>Les Bor\u00e9ades de Montr\u00e9al<\/strong> et <strong>UBU compagnie de cr\u00e9ation<\/strong> imaginent une nouvelle trag\u00e9die en musique dans l&rsquo;univers politique des \u00c9tats-Unis des ann\u00e9es 1980. Le compositeur<strong> Jonathan Dawe<\/strong> est charg\u00e9 d&rsquo;actualiser la musique de Lully, la mise en sc\u00e8ne du produit final \u00e9tant confi\u00e9e \u00e0 la metteure en sc\u00e8ne <strong>St\u00e9phanie Jasmin<\/strong>. <strong>Hubert Tanguay-Labrosse<\/strong> dirige <strong>Les Bor\u00e9ades de Montr\u00e9al<\/strong>, le <strong>Ch\u0153ur BOP<\/strong> et les solistes <strong>Fr\u00e9d\u00e9ric Antoun<\/strong>, <strong>Myriam Leblanc<\/strong>, <strong>Jamal Al Titi<\/strong>, <strong>Ellita Gagner<\/strong>, <strong>Dante Mullin Santone<\/strong>, <strong>Odile Portugais<\/strong>, <strong>Grace Budoloski<\/strong> et <strong>Colin<\/strong> <strong>Mackey<\/strong>.<\/p>\n<p>La saison se conclura avec un autre moment fort au d\u00e9but du mois de mai, alors que <strong>Matthew White<\/strong>,\u00a0<strong>Sarah Dufresne<\/strong>, <strong>\u00c9tienne Dupuis<\/strong>, <strong>Nathan Berg<\/strong> et <strong>Rose Naggar-Tremblay<\/strong> seront r\u00e9unis dans <em>Rigoletto<\/em> de Verdi. Ils seront appuy\u00e9s par <strong>Gregory Dahl<\/strong>, <strong>Grace Budoloski<\/strong>, <strong>Onur Hilaloglu<\/strong>, <strong>Ellita Gagner<\/strong>, <strong>Jeremy Scinocca<\/strong> et <strong>Dante Mullin Santone<\/strong>, sans oublier le <strong>Ch\u0153ur de l&rsquo;Op\u00e9ra de Montr\u00e9al<\/strong>. Dans la fosse, le chef <strong>Simon Rivard<\/strong> sera \u00e0 la t\u00eate de l&rsquo;<strong>Orchestre M\u00e9tropolitain<\/strong>. Cette nouvelle production de l&rsquo;Op\u00e9ra de Montr\u00e9al sera mise en sc\u00e8ne par <strong>Fran\u00e7ois Racine<\/strong>.<\/p>\n<h3>Billets et abonnements<\/h3>\n<p>Les billets seront mis en vente \u00e0 partir du 20 avril, \u00e0 l\u2019exception de<em> Der Rosenkavalier<\/em>, dont la mise en vente d\u00e9butera le 28 avril. Les abonnements seront disponibles quelques jours plus t\u00f4t, soit d\u00e8s le 16 avril.<\/p>\n<p align=\"justify\">Les abonn\u00e9\u00b7e\u00b7s b\u00e9n\u00e9ficient des avantages suivants : la possiblit\u00e9 d\u2019un paiement \u00e9chelonn\u00e9 sans frais, une r\u00e9duction de 15 % sur l\u2019achat de billets suppl\u00e9mentaires pour leurs proches, une invitation gratuite \u00e0 la finale des Auditions nationales de l\u2019Atelier lyrique le 10 novembre 2026 \u00e0 la Salle Wilfrid-Pelletier, ainsi que divers avantages partenaires et d\u2019un cadeau exclusif.<\/p>\n<p align=\"justify\">Plusieurs formules sont propos\u00e9es, dont l&rsquo;abonnement Classique ainsi que l\u2019abonnement \u00e0 tarif r\u00e9duit pour les 18-34 ans (ce dernier en quantit\u00e9 limit\u00e9e).<\/p>\n<p align=\"justify\">Les personnes d\u00e9j\u00e0 abonn\u00e9es souhaitant renouveler leur abonnement peuvent le faire d\u00e8s maintenant et jusqu\u2019au 10 avril.<\/p>\n<p align=\"justify\">Toutes les informations sont disponibles <a href=\"https:\/\/operademontreal.com\/\" target=\"_blank\" rel=\"noopener\">sur le site de l&rsquo;Op\u00e9ra de Montr\u00e9al<\/a>.<\/p>\n<p align=\"justify\">ERRATUM &#8211; <em>Dans le paragraphe au sujet de l&rsquo;op\u00e9ra <\/em>Werther<em>, la premi\u00e8re version de cet article commentait avec \u00e9tonnement la formulation du communiqu\u00e9 de presse selon lequel la<\/em><em> mise en sc\u00e8ne s&rsquo;inspirait d&rsquo;une \u00ab\u00a0<\/em>esth\u00e9tique Downton Abbey, formant un \u00e9crin parfait pour cet op\u00e9ra fran\u00e7ais embl\u00e9matique\u00a0\u00bb<em>. Ayant \u00e9t\u00e9 inform\u00e9 par le metteur en sc\u00e8ne Alain Gauthier que ce n&rsquo;\u00e9tait pas du tout le cas, nous avons enti\u00e8rement retir\u00e9 ce passage et ins\u00e9r\u00e9 l&rsquo;information correcte fournie par celui-ci.\u00a0<\/em><\/p>\n<h2><em>Inscrivez-vous \u00e0 notre infolettre! La musique classique et l\u2019op\u00e9ra en 5 minutes, chaque jour<\/em> <a href=\"https:\/\/ludwig-van.us9.list-manage.com\/subscribe?u=4f785cb3f9058f2393ccad035&amp;id=b9b160c032\" target=\"_blank\" rel=\"noopener noreferrer\">ICI<\/a>.<\/h2>\n","protected":false},"excerpt":{"rendered":"<p>L&rsquo;Op\u00e9ra de Montr\u00e9al a proc\u00e9d\u00e9 aujourd&rsquo;hui au d\u00e9voilement de sa programmation 2026-2027, la premi\u00e8re saison compl\u00e8te sous la direction g\u00e9n\u00e9rale de Jean-Pierre Primiani, arriv\u00e9 en poste en novembre dernier. Six \u0153uvres sont annonc\u00e9es, dont deux cr\u00e9ations mondiales et quatre coproductions, une hausse par rapport \u00e0 la saison en cours. La maison d&rsquo;op\u00e9ra consolide par ailleurs ses liens avec l&rsquo;Orchestre M\u00e9tropolitain, qui participera \u00e0 quatre productions.<\/p>\n","protected":false},"author":55,"featured_media":92241,"comment_status":"open","ping_status":"open","sticky":false,"template":"","format":"standard","meta":{"om_disable_all_campaigns":false,"jetpack_post_was_ever_published":false},"categories":[42368,10992],"tags":[42369,2498],"yst_prominent_words":[12972,15811,8785,10538,10519,11145,7694,11161,11452,22592],"acf":[],"jetpack_featured_media_url":"https:\/\/www.ludwig-van.com\/montreal\/wp-content\/uploads\/sites\/3\/2026\/03\/Copie-de-NOUVELLE24.jpg","jetpack_sharing_enabled":true,"jetpack_shortlink":"https:\/\/wp.me\/p9bdYt-nZI","amp_enabled":true,"_links":{"self":[{"href":"https:\/\/www.ludwig-van.com\/montreal\/wp-json\/wp\/v2\/posts\/92238"}],"collection":[{"href":"https:\/\/www.ludwig-van.com\/montreal\/wp-json\/wp\/v2\/posts"}],"about":[{"href":"https:\/\/www.ludwig-van.com\/montreal\/wp-json\/wp\/v2\/types\/post"}],"author":[{"embeddable":true,"href":"https:\/\/www.ludwig-van.com\/montreal\/wp-json\/wp\/v2\/users\/55"}],"replies":[{"embeddable":true,"href":"https:\/\/www.ludwig-van.com\/montreal\/wp-json\/wp\/v2\/comments?post=92238"}],"version-history":[{"count":16,"href":"https:\/\/www.ludwig-van.com\/montreal\/wp-json\/wp\/v2\/posts\/92238\/revisions"}],"predecessor-version":[{"id":92269,"href":"https:\/\/www.ludwig-van.com\/montreal\/wp-json\/wp\/v2\/posts\/92238\/revisions\/92269"}],"wp:featuredmedia":[{"embeddable":true,"href":"https:\/\/www.ludwig-van.com\/montreal\/wp-json\/wp\/v2\/media\/92241"}],"wp:attachment":[{"href":"https:\/\/www.ludwig-van.com\/montreal\/wp-json\/wp\/v2\/media?parent=92238"}],"wp:term":[{"taxonomy":"category","embeddable":true,"href":"https:\/\/www.ludwig-van.com\/montreal\/wp-json\/wp\/v2\/categories?post=92238"},{"taxonomy":"post_tag","embeddable":true,"href":"https:\/\/www.ludwig-van.com\/montreal\/wp-json\/wp\/v2\/tags?post=92238"},{"taxonomy":"yst_prominent_words","embeddable":true,"href":"https:\/\/www.ludwig-van.com\/montreal\/wp-json\/wp\/v2\/yst_prominent_words?post=92238"}],"curies":[{"name":"wp","href":"https:\/\/api.w.org\/{rel}","templated":true}]}}