{"id":92218,"date":"2026-03-09T17:39:40","date_gmt":"2026-03-09T21:39:40","guid":{"rendered":"https:\/\/www.ludwig-van.com\/montreal\/?p=92218"},"modified":"2026-03-10T20:00:04","modified_gmt":"2026-03-11T00:00:04","slug":"nouvelle-le-fifa-recoit-une-star-de-la-musique-classique","status":"publish","type":"post","link":"https:\/\/www.ludwig-van.com\/montreal\/2026\/03\/09\/nouvelle-le-fifa-recoit-une-star-de-la-musique-classique\/","title":{"rendered":"NOUVELLE | Le FIFA re\u00e7oit une star de la musique classique"},"content":{"rendered":"<figure id=\"attachment_92219\" aria-describedby=\"caption-attachment-92219\" style=\"width: 1200px\" class=\"wp-caption aligncenter\"><img decoding=\"async\" loading=\"lazy\" class=\"size-full wp-image-92219\" src=\"https:\/\/www.ludwig-van.com\/montreal\/wp-content\/uploads\/sites\/3\/2026\/03\/El-canto-de-la-manos_Maria-Valverde.jpg\" alt=\"Image tir\u00e9e du film El canto de las manos de Maria Valverde (courtoisie du FIFA)\" width=\"1200\" height=\"675\" srcset=\"https:\/\/www.ludwig-van.com\/montreal\/wp-content\/uploads\/sites\/3\/2026\/03\/El-canto-de-la-manos_Maria-Valverde.jpg 1200w, https:\/\/www.ludwig-van.com\/montreal\/wp-content\/uploads\/sites\/3\/2026\/03\/El-canto-de-la-manos_Maria-Valverde-300x169.jpg 300w, https:\/\/www.ludwig-van.com\/montreal\/wp-content\/uploads\/sites\/3\/2026\/03\/El-canto-de-la-manos_Maria-Valverde-1024x576.jpg 1024w, https:\/\/www.ludwig-van.com\/montreal\/wp-content\/uploads\/sites\/3\/2026\/03\/El-canto-de-la-manos_Maria-Valverde-768x432.jpg 768w\" sizes=\"(max-width: 1200px) 100vw, 1200px\" \/><figcaption id=\"caption-attachment-92219\" class=\"wp-caption-text\">Image tir\u00e9e du film El canto de las manos de Maria Valverde (courtoisie du FIFA)<\/figcaption><\/figure>\n<p>La 44e \u00e9dition du <strong>Festival international du film sur l&rsquo;art<\/strong> (<strong>FIFA<\/strong>) s&rsquo;annonce faste, avec plusieurs projections attrayantes pour les amoureux\u00b7euses de la musique : nos <a href=\"https:\/\/www.ludwig-van.com\/montreal\/2026\/03\/09\/choix-de-la-redaction-42\/\" target=\"_blank\" rel=\"noopener\">Choix de la r\u00e9daction<\/a> d\u00e9taillent quelques choix int\u00e9ressants pour la p\u00e9riode du 12 au 15 mars parmi la s\u00e9lection de 178 films en provenance de 52 pays, pr\u00e9sent\u00e9e en salle du 12 au 22 mars. Certains films seront \u00e9galement disponibles en ligne du 20 au 29 mars.<\/p>\n<p>Un \u00e9v\u00e9nement en particulier retiendra l&rsquo;attention des m\u00e9lomanes par son sujet, bien s\u00fbr, mais aussi par la pr\u00e9sence d&rsquo;une des grandes stars de la musique classique, <strong>Gustavo Dudamel<\/strong>. Le directeur musical de l&rsquo;Orchestre philharmonique de Los Angeles viendra promouvoir le documentaire <em>El Canto de las manos <\/em>(S<em>ong of the Hands, <\/em>ou <em>Le chant des mains<\/em>)\u00a0de la r\u00e9alisatrice v\u00e9n\u00e9zuelienne <strong>Mar\u00eda Valverde<\/strong>, dont il est un des co-producteurs.<\/p>\n<p>Ce film suit toutes les \u00e9tapes, des auditions jusqu&rsquo;\u00e0 la premi\u00e8re, d&rsquo;une production en langue des signes de l&rsquo;op\u00e9ra <em>Fidelio<\/em> de Beethoven par le <strong>Coro de Manos Blancas<\/strong> (Choeur des mains blanches) sous la direction de <strong>Dudamel<\/strong>. Au cours de l&rsquo;ann\u00e9e derni\u00e8re, le film a \u00e9t\u00e9 pr\u00e9sent\u00e9 \u00e0 Guadalajara et \u00e0 Morelia au Mexique, \u00e0 Malaga en Espagne et au festival DOC NYC de New York.<\/p>\n<p>Le <strong>Coro de Manos Blancas<\/strong> forme un volet du maintenant c\u00e9l\u00e8bre Syst\u00e8me national d&rsquo;orchestres et de ch\u0153urs pour jeunes et enfants du V\u00e9n\u00e9zuela, g\u00e9n\u00e9ralement connu sous le nom d&rsquo;El Sistema. Fond\u00e9 en 1995, le ch\u0153ur a pour mission d&rsquo;offrir des avenues d&rsquo;expression artistique aux personnes vivant avec des handicaps. Il est form\u00e9 de deux sections, la Section vocale regroupant des enfants et jeunes adultes avec des difficult\u00e9s d&rsquo;apprentissage, des handicaps visuels ou cognitifs ou des d\u00e9ficiences motrices, et la Section LSV (Langue des signes v\u00e9n\u00e9zu\u00e9lienne) ouverte aux personnes sourdes et malentendantes.<\/p>\n<div class=\"jetpack-video-wrapper\"><span class=\"embed-youtube\" style=\"text-align:center; display: block;\"><iframe loading=\"lazy\" class=\"youtube-player\" width=\"640\" height=\"360\" src=\"https:\/\/www.youtube.com\/embed\/2K3O2LIrXIw?version=3&#038;rel=1&#038;showsearch=0&#038;showinfo=1&#038;iv_load_policy=1&#038;fs=1&#038;hl=fr-FR&#038;autohide=2&#038;wmode=transparent\" allowfullscreen=\"true\" style=\"border:0;\" sandbox=\"allow-scripts allow-same-origin allow-popups allow-presentation\"><\/iframe><\/span><\/div>\n<p>&nbsp;<\/p>\n<p>Il s&rsquo;agir de la premi\u00e8re r\u00e9alisation de <strong>Mar\u00eda<\/strong> <strong>Valverde<\/strong>, une actrice prim\u00e9e espagnole qui m\u00e8ne une carri\u00e8re florissante depuis 2003, ann\u00e9e o\u00f9 elle remportait \u00e0 l&rsquo;\u00e2ge de 16 ans le prix Goya de la meilleure r\u00e9v\u00e9lation f\u00e9minine pour son r\u00f4le dans <em>La flaqueza del bolchevique<\/em> de <strong>Manuel Mart\u00edn Cuenca<\/strong>.<\/p>\n<p>En plus d&rsquo;\u00eatre co-producteurs du film, <strong>Valverde<\/strong> et <strong>Dudamel<\/strong> sont \u00e0 la t\u00eate de la Fondation Dudamel, qui a soutenu le s\u00e9jour du <strong>Coro de Manos Blancas<\/strong> \u00e0 Los Angeles en avril 2022 pour participer \u00e0 la pr\u00e9sentation de cette version hors-norme de <em>Fidelio<\/em> avec l&rsquo;Orchestre philharmonique de Los Angeles et le Deaf West Theatre. De retour au Walt Disney Hall en 2024, la production s&rsquo;est ensuite envol\u00e9e pour Barcelone, Paris et Londres.<\/p>\n<p>\u00c0 l\u2019issue de la projection d&rsquo;<em>El Canto de las manos<\/em> (en v.o. avec sous-titres en anglais) \u00e0 Montr\u00e9al le 15 mars prochain, <strong>Gustavo <span class=\"il\">Dudamel<\/span><\/strong> et <strong>Mar\u00eda Valverde<\/strong> s\u2019entretiendront en public avec <strong>Rafael Payare,<\/strong> directeur musical de l\u2019Orchestre symphonique de Montr\u00e9al et issu, comme Dudamel lui-m\u00eame, d&rsquo;El Sistema.<\/p>\n<p>Une projection est \u00e9galement pr\u00e9vue le 17 mars \u00e0 Qu\u00e9bec (en v.o. avec sous-titres en fran\u00e7ais), au Mus\u00e9e national des Beaux-Arts du Qu\u00e9bec.<\/p>\n<p>LE 15 MARS, 20 H, PAVILLON HENRY F. HALL DE L&rsquo;UNIVERSIT\u00c9 CONCORDIA, LOCAL H-110\u00a0 <a href=\"https:\/\/lefifa.com\/catalogue\/song-of-the-hands\" target=\"_blank\" rel=\"noopener\">D\u00c9TAILS ET BILLETS\u00a0<\/a><\/p>\n<h2><em>Inscrivez-vous \u00e0 notre infolettre! La musique classique et l\u2019op\u00e9ra en 5 minutes, chaque jour<\/em> <a href=\"https:\/\/ludwig-van.us9.list-manage.com\/subscribe?u=4f785cb3f9058f2393ccad035&amp;id=b9b160c032\" target=\"_blank\" rel=\"noopener noreferrer\">ICI<\/a>.<\/h2>\n","protected":false},"excerpt":{"rendered":"<p>\u00c0 l&rsquo;occasion de la projection du film El Canto de las manos (Le chant des mains), le Festival international du film sur l&rsquo;art, qui entame cette semaine sa 44e \u00e9dition, re\u00e7oit le 15 mars la visite du chef d&rsquo;orchestre v\u00e9n\u00e9zu\u00e9lien Gustavo Dudamel. <\/p>\n","protected":false},"author":55,"featured_media":92219,"comment_status":"open","ping_status":"open","sticky":false,"template":"","format":"standard","meta":{"om_disable_all_campaigns":false,"jetpack_post_was_ever_published":false},"categories":[42368],"tags":[42369,37964],"yst_prominent_words":[38439,16683,7484,16689],"acf":[],"jetpack_featured_media_url":"https:\/\/www.ludwig-van.com\/montreal\/wp-content\/uploads\/sites\/3\/2026\/03\/El-canto-de-la-manos_Maria-Valverde.jpg","jetpack_sharing_enabled":true,"jetpack_shortlink":"https:\/\/wp.me\/p9bdYt-nZo","amp_enabled":true,"_links":{"self":[{"href":"https:\/\/www.ludwig-van.com\/montreal\/wp-json\/wp\/v2\/posts\/92218"}],"collection":[{"href":"https:\/\/www.ludwig-van.com\/montreal\/wp-json\/wp\/v2\/posts"}],"about":[{"href":"https:\/\/www.ludwig-van.com\/montreal\/wp-json\/wp\/v2\/types\/post"}],"author":[{"embeddable":true,"href":"https:\/\/www.ludwig-van.com\/montreal\/wp-json\/wp\/v2\/users\/55"}],"replies":[{"embeddable":true,"href":"https:\/\/www.ludwig-van.com\/montreal\/wp-json\/wp\/v2\/comments?post=92218"}],"version-history":[{"count":12,"href":"https:\/\/www.ludwig-van.com\/montreal\/wp-json\/wp\/v2\/posts\/92218\/revisions"}],"predecessor-version":[{"id":92240,"href":"https:\/\/www.ludwig-van.com\/montreal\/wp-json\/wp\/v2\/posts\/92218\/revisions\/92240"}],"wp:featuredmedia":[{"embeddable":true,"href":"https:\/\/www.ludwig-van.com\/montreal\/wp-json\/wp\/v2\/media\/92219"}],"wp:attachment":[{"href":"https:\/\/www.ludwig-van.com\/montreal\/wp-json\/wp\/v2\/media?parent=92218"}],"wp:term":[{"taxonomy":"category","embeddable":true,"href":"https:\/\/www.ludwig-van.com\/montreal\/wp-json\/wp\/v2\/categories?post=92218"},{"taxonomy":"post_tag","embeddable":true,"href":"https:\/\/www.ludwig-van.com\/montreal\/wp-json\/wp\/v2\/tags?post=92218"},{"taxonomy":"yst_prominent_words","embeddable":true,"href":"https:\/\/www.ludwig-van.com\/montreal\/wp-json\/wp\/v2\/yst_prominent_words?post=92218"}],"curies":[{"name":"wp","href":"https:\/\/api.w.org\/{rel}","templated":true}]}}