{"id":92202,"date":"2026-03-09T17:45:36","date_gmt":"2026-03-09T21:45:36","guid":{"rendered":"https:\/\/www.ludwig-van.com\/montreal\/?p=92202"},"modified":"2026-03-09T19:18:17","modified_gmt":"2026-03-09T23:18:17","slug":"choix-de-la-redaction-42","status":"publish","type":"post","link":"https:\/\/www.ludwig-van.com\/montreal\/2026\/03\/09\/choix-de-la-redaction-42\/","title":{"rendered":"CHOIX DE LA R\u00c9DACTION | Les arts vivants, \u00e7a n&rsquo;int\u00e9resse personne? Fi donc!"},"content":{"rendered":"<figure id=\"attachment_92221\" aria-describedby=\"caption-attachment-92221\" style=\"width: 1200px\" class=\"wp-caption aligncenter\"><img decoding=\"async\" loading=\"lazy\" class=\"size-full wp-image-92221\" src=\"https:\/\/www.ludwig-van.com\/montreal\/wp-content\/uploads\/sites\/3\/2026\/03\/Copie-de-CONCERTS15.jpg\" alt=\"Andr\u00e8 Schuen (Photo : Guido Werner)\" width=\"1200\" height=\"628\" srcset=\"https:\/\/www.ludwig-van.com\/montreal\/wp-content\/uploads\/sites\/3\/2026\/03\/Copie-de-CONCERTS15.jpg 1200w, https:\/\/www.ludwig-van.com\/montreal\/wp-content\/uploads\/sites\/3\/2026\/03\/Copie-de-CONCERTS15-300x157.jpg 300w, https:\/\/www.ludwig-van.com\/montreal\/wp-content\/uploads\/sites\/3\/2026\/03\/Copie-de-CONCERTS15-1024x536.jpg 1024w, https:\/\/www.ludwig-van.com\/montreal\/wp-content\/uploads\/sites\/3\/2026\/03\/Copie-de-CONCERTS15-768x402.jpg 768w\" sizes=\"(max-width: 1200px) 100vw, 1200px\" \/><figcaption id=\"caption-attachment-92221\" class=\"wp-caption-text\">Karoline Podolak (Photo : site web de l&rsquo;artiste); Andr\u00e8 Schuen (Photo : Guido Werner); FIFA<\/figcaption><\/figure>\n<p>Avez-vous eu vent des commentaires faits par le jeune acteur Timoth\u00e9e Chalamet, comme quoi il ne voudrait pas travailler \u00e0 l&rsquo;op\u00e9ra ou au ballet, parce que \u00ab\u00a0\u00e7a n&rsquo;int\u00e9resse plus personne et il faut toujours se battre pour faire vivre ces arts-l\u00e0\u00a0\u00bb? Bon, on ne fera pas semblant qu&rsquo;il ne faut pas effectivement se battre pour am\u00e9liorer le <em>financement<\/em> de l&rsquo;op\u00e9ra, du ballet et celui de tous les arts vivants &#8211; mais on s&rsquo;oppose vivement \u00e0 l&rsquo;id\u00e9e que \u00e7a n&rsquo;int\u00e9resse personne! D\u00e9montrez donc aux Timoth\u00e9e Chalamet de ce monde que les arts, sous toutes leurs formes, ne sont pas condamn\u00e9s \u00e0 mourir, en assistant en grand nombre aux diff\u00e9rents concerts de cette semaine! Du m\u00eame coup, vous encouragerez les artistes de la sc\u00e8ne musicale, qui, tout comme les danseurs\u00b7euses de ballet et chanteurs\u00b7euses d\u2019op\u00e9ra, appr\u00e9cient toujours faire salle comble!<\/p>\n<p>&nbsp;<\/p>\n<p><img decoding=\"async\" loading=\"lazy\" class=\"aligncenter size-full wp-image-91986\" src=\"https:\/\/www.ludwig-van.com\/montreal\/wp-content\/uploads\/sites\/3\/2026\/02\/Vivier-Semaine-du-Neuf-2026.png\" alt=\"\" width=\"1200\" height=\"628\" srcset=\"https:\/\/www.ludwig-van.com\/montreal\/wp-content\/uploads\/sites\/3\/2026\/02\/Vivier-Semaine-du-Neuf-2026.png 1200w, https:\/\/www.ludwig-van.com\/montreal\/wp-content\/uploads\/sites\/3\/2026\/02\/Vivier-Semaine-du-Neuf-2026-300x157.png 300w, https:\/\/www.ludwig-van.com\/montreal\/wp-content\/uploads\/sites\/3\/2026\/02\/Vivier-Semaine-du-Neuf-2026-1024x536.png 1024w, https:\/\/www.ludwig-van.com\/montreal\/wp-content\/uploads\/sites\/3\/2026\/02\/Vivier-Semaine-du-Neuf-2026-768x402.png 768w\" sizes=\"(max-width: 1200px) 100vw, 1200px\" \/><\/p>\n<h3>Le Vivier &#8211; Semaine du Neuf<\/h3>\n<p>La Semaine du Neuf pr\u00e9sent\u00e9e par Le Vivier en est d\u00e9j\u00e0 \u00e0 sa derni\u00e8re semaine! Vous avez encore plusieurs possibilit\u00e9s d\u2019assister \u00e0 l\u2019un des concerts de la programmation puisqu\u2019il y en a un presque tous les soirs cette semaine. Lundi, <a href=\"https:\/\/www.ludwig-van.com\/montreal\/2026\/03\/04\/92140\/\" target=\"_blank\" rel=\"noopener\">le <strong>Quatuor Bozzini<\/strong> sera \u00e0 La Chapelle sc\u00e8nes contemporaines<\/a> pour interpr\u00e9ter des \u0153uvres de <strong>Fulya U\u00e7anok<\/strong> et de <strong>Cenk Erg\u00fcn<\/strong>; mercredi, le quatuor de saxophones <strong>Quasar<\/strong> sera \u00e0 l\u2019Espace Orange; <strong>Lovemusic<\/strong> sera \u00e0 La Chapelle sc\u00e8nes contemporaines jeudi; l&rsquo;ensemble bruxellois <strong>Ictus <\/strong>sera \u00e0 l\u2019Espace Orange vendredi et samedi pour pr\u00e9senter sa collaboration avec la chor\u00e9graphe <strong>Ula Sickle<\/strong>; et samedi aura lieu un soir\u00e9e au programme double \u00e0 La Chapelle sc\u00e8nes contemporaines d\u00e9butant avec les ensembles <strong>Productions Totem contemporain<\/strong> et <strong>Tour de bras<\/strong> en premi\u00e8re partie, et <strong>Nous per\u00e7ons les oreilles<\/strong> et <strong>Frying Pan<\/strong> en deuxi\u00e8me. Finalement, le concert de cl\u00f4ture aura lieu dimanche \u00e0 la Sala Rosa avec un programme double par <strong>No Hay Banda<\/strong> et <strong>Ana Mar\u00eda Romano<\/strong>, ainsi que <strong>Limules<\/strong>.<\/p>\n<p>DU 9 AU 15 MARS, DIVERS LIEUX\u00a0 <a href=\"https:\/\/levivier.ca\/fr\/concert\/saison-2025-26\/la-semaine-du-neuf-2026-festival-musiques-nouvelles-4e-edition\" target=\"_blank\" rel=\"noopener\">D\u00c9TAILS ET BILLETS<\/a><\/p>\n<p>&nbsp;<\/p>\n<p><img decoding=\"async\" loading=\"lazy\" class=\"aligncenter size-full wp-image-92216\" src=\"https:\/\/www.ludwig-van.com\/montreal\/wp-content\/uploads\/sites\/3\/2026\/03\/Signature-FIFA44_cropped.png\" alt=\"\" width=\"1200\" height=\"493\" srcset=\"https:\/\/www.ludwig-van.com\/montreal\/wp-content\/uploads\/sites\/3\/2026\/03\/Signature-FIFA44_cropped.png 1200w, https:\/\/www.ludwig-van.com\/montreal\/wp-content\/uploads\/sites\/3\/2026\/03\/Signature-FIFA44_cropped-300x123.png 300w, https:\/\/www.ludwig-van.com\/montreal\/wp-content\/uploads\/sites\/3\/2026\/03\/Signature-FIFA44_cropped-1024x421.png 1024w, https:\/\/www.ludwig-van.com\/montreal\/wp-content\/uploads\/sites\/3\/2026\/03\/Signature-FIFA44_cropped-768x316.png 768w\" sizes=\"(max-width: 1200px) 100vw, 1200px\" \/><\/p>\n<h3>Festival international du film sur l\u2019art<\/h3>\n<p>La 44e \u00e9dition du Festival international du film sur l\u2019art d\u00e9bute cette semaine. Il y a \u00e9videmment une multitude de films int\u00e9ressants \u00e0 y d\u00e9couvrir &#8211; beaucoup trop pour que nous vous en fassions la liste compl\u00e8te! Nous vous invitons donc \u00e0 consulter la programmation compl\u00e8te <a href=\"https:\/\/lefifa.com\/catalogue?editions=46054206\">ici<\/a>. Cependant, nous vous recommandons les films suivants qui ont un lien avec notre mission premi\u00e8re, soit la musique classique et les arts vivants. Le 14 mars, <i>Adieu l\u2019Op\u00e9ra<\/i> suit des danseurs\u00b7euses pr\u00e9parant leur spectacle d\u2019adieu \u00e0 la compagnie de l\u2019Op\u00e9ra de Paris apr\u00e8s y avoir pass\u00e9 une trentaine d\u2019ann\u00e9es comme \u00e9tudiant\u00b7e\u00b7s d\u2019abord, puis comme professionnel\u00b7le\u00b7s dans la compagnie. Le 13 mars, le documentaire <i>And Now I Understand What I Knew When I Was a Child<\/i> vous fera rencontrer trois artistes dans leur atelier respectif, dont le pianiste am\u00e9ricain Norman Shetler d\u00e9c\u00e9d\u00e9 peu de temps apr\u00e8s le tournage. Le 14 mars, dans <i>La Marseillaise des ivrognes<\/i>, une \u00e9quipe de tournage refait le trajet que le groupe Cantacronache, compos\u00e9 de sept ethnomusicologues, a fait clandestinement en 1961 pendant le r\u00e9gime franquiste pour recueillir les chants populaires de la r\u00e9sistance. Et finalement (pour cette semaine), le 15 mars, le Festival propose <i>Song of the Hands<\/i>, le r\u00e9cit d&rsquo;un projet hors-norme alors que trois musicien\u00b7ne\u00b7s sourd\u00b7e\u00b7s du V\u00e9n\u00e9zuela montent<i> Fidelio<\/i> de Beethoven, pr\u00e9sent\u00e9 pour la premi\u00e8re fois en langage des signes. Le Festival annonce d&rsquo;ailleurs<a href=\"https:\/\/www.ludwig-van.com\/montreal\/2026\/03\/09\/nouvelle-le-fifa-recoit-une-star-de-la-musique-classique\/\" target=\"_blank\" rel=\"noopener\"> la venue d&rsquo;un invit\u00e9 sp\u00e9cial en lien avec cette pr\u00e9sentation<\/a>!<\/p>\n<p>\u00c0 COMPTER DU 12 MARS, DIFF\u00c9RENTS LIEUX\u00a0 <a href=\"https:\/\/lefifa.com\/catalogue?editions=46054206&amp;lieux=46054253,3214822,46054248,46054249,3214831,46054246,3214838,651641,39044152,39044158,3214837,19152553,39044151,3214824\" target=\"_blank\" rel=\"noopener\">D\u00c9TAILS ET BILLETS<\/a><\/p>\n<p>&nbsp;<\/p>\n<figure id=\"attachment_92208\" aria-describedby=\"caption-attachment-92208\" style=\"width: 1200px\" class=\"wp-caption aligncenter\"><img decoding=\"async\" loading=\"lazy\" class=\"size-full wp-image-92208\" src=\"https:\/\/www.ludwig-van.com\/montreal\/wp-content\/uploads\/sites\/3\/2026\/03\/Mayumi-Seiler_cropped_site-web-de-lartiste.png\" alt=\"Mayumi Seiler (Photo : site web de l'artiste)\" width=\"1200\" height=\"785\" srcset=\"https:\/\/www.ludwig-van.com\/montreal\/wp-content\/uploads\/sites\/3\/2026\/03\/Mayumi-Seiler_cropped_site-web-de-lartiste.png 1200w, https:\/\/www.ludwig-van.com\/montreal\/wp-content\/uploads\/sites\/3\/2026\/03\/Mayumi-Seiler_cropped_site-web-de-lartiste-300x196.png 300w, https:\/\/www.ludwig-van.com\/montreal\/wp-content\/uploads\/sites\/3\/2026\/03\/Mayumi-Seiler_cropped_site-web-de-lartiste-1024x670.png 1024w, https:\/\/www.ludwig-van.com\/montreal\/wp-content\/uploads\/sites\/3\/2026\/03\/Mayumi-Seiler_cropped_site-web-de-lartiste-768x502.png 768w\" sizes=\"(max-width: 1200px) 100vw, 1200px\" \/><figcaption id=\"caption-attachment-92208\" class=\"wp-caption-text\">Mayumi Seiler (Photo : site web de l&rsquo;artiste)<\/figcaption><\/figure>\n<h3>Mayumi Seiler, violon &amp; Kyoko Hashimoto, piano<\/h3>\n<p>La violoniste <b>Mayumi Seiler<\/b> est reconnue pour ses performances excitantes autant dans des concertos que dans des r\u00e9citals, sa pr\u00e9cision s\u2019alliant parfaitement avec sa finesse et son enthousiasme. Elle sera accompagn\u00e9e lors de ce concert par la pianiste <b>Kyoto Hashimoto<\/b>, qui est \u00e9galement c\u00e9l\u00e9br\u00e9e pour la finesse de son jeu et qui a \u00e9t\u00e9 la r\u00e9cipiendaire de plusieurs prix \u00e0 l\u2019international. Ensemble, elles interpr\u00e9teront Mozart, Debussy et Brahms, et feront \u00e9cho \u00e0 leurs racines japonaises avec <i>Hika<\/i> de T\u014dru Takemitsu.<\/p>\n<p>LE 10 MARS, 19 H 30, SALLE BOURGIE\u00a0 <a href=\"https:\/\/www.mbam.qc.ca\/fr\/activites\/mayumi-seiler-violon-kyoko-hashimoto-piano\/\" target=\"_blank\" rel=\"noopener\">D\u00c9TAILS ET BILLETS<\/a><\/p>\n<p>&nbsp;<\/p>\n<figure id=\"attachment_67089\" aria-describedby=\"caption-attachment-67089\" style=\"width: 1200px\" class=\"wp-caption aligncenter\"><img decoding=\"async\" loading=\"lazy\" class=\"size-full wp-image-67089\" src=\"https:\/\/www.ludwig-van.com\/montreal\/wp-content\/uploads\/sites\/3\/2021\/06\/Pascal-Germain-Berardi-chef-1200-cr-Elias-Touil.jpg\" alt=\"Pascal Germain-Berardi, chef et fondateur de Temps fort. (Photo :Elias Touil)\" width=\"1200\" height=\"800\" \/><figcaption id=\"caption-attachment-67089\" class=\"wp-caption-text\">Pascal Germain-Berardi, chef et fondateur de Temps fort. (Photo :Elias Touil)<\/figcaption><\/figure>\n<h3>Temps fort &#8211; <i>Cordes printanni\u00e8res<\/i><\/h3>\n<p>Les <b>Productions Temps fort<\/b> se sont donn\u00e9 comme mission de mettre en valeur les cr\u00e9ateurs\u00b7ices classiques de la nouvelle g\u00e9n\u00e9ration en proposant des \u00e9v\u00e9nements musicaux riches et accessibles. Lors de ce concert de musique de chambre, vous entendrez une \u0153uvre de <b>Jean F\u00e9lix Mailloux<\/b>, contrebassiste et compositeur qu\u00e9b\u00e9cois, ainsi que de Sibelius, de Wolf, de Grieg et de Suk.<\/p>\n<p>LE 11 MARS, 19 H 30, SALLE PAUL-DESMARAIS\u00a0 <a href=\"https:\/\/montreal.ca\/evenements\/cordes-printanieres-temps-fort-102976\" target=\"_blank\" rel=\"noopener\">D\u00c9TAILS ET BILLETS<\/a><\/p>\n<p>&nbsp;<\/p>\n<figure id=\"attachment_89051\" aria-describedby=\"caption-attachment-89051\" style=\"width: 1200px\" class=\"wp-caption aligncenter\"><img decoding=\"async\" loading=\"lazy\" class=\"size-full wp-image-89051\" src=\"https:\/\/www.ludwig-van.com\/montreal\/wp-content\/uploads\/sites\/3\/2025\/08\/OSL-Place-Bell_Adam-Johnson_Gabriel-Fournier-1.jpg\" alt=\"Adam Johnson. (Photo : Gabriel Fournier)\" width=\"1200\" height=\"800\" srcset=\"https:\/\/www.ludwig-van.com\/montreal\/wp-content\/uploads\/sites\/3\/2025\/08\/OSL-Place-Bell_Adam-Johnson_Gabriel-Fournier-1.jpg 1200w, https:\/\/www.ludwig-van.com\/montreal\/wp-content\/uploads\/sites\/3\/2025\/08\/OSL-Place-Bell_Adam-Johnson_Gabriel-Fournier-1-300x200.jpg 300w, https:\/\/www.ludwig-van.com\/montreal\/wp-content\/uploads\/sites\/3\/2025\/08\/OSL-Place-Bell_Adam-Johnson_Gabriel-Fournier-1-1024x683.jpg 1024w, https:\/\/www.ludwig-van.com\/montreal\/wp-content\/uploads\/sites\/3\/2025\/08\/OSL-Place-Bell_Adam-Johnson_Gabriel-Fournier-1-768x512.jpg 768w\" sizes=\"(max-width: 1200px) 100vw, 1200px\" \/><figcaption id=\"caption-attachment-89051\" class=\"wp-caption-text\">Adam Johnson. (Photo : Gabriel Fournier)<\/figcaption><\/figure>\n<h3>OSL &#8211; Retrouvailles : Johnson et Lemelin, un dialogue musical<\/h3>\n<p><b>Adam Johnson<\/b>, chef de l\u2019<b>Orchestre symphonique de Laval<\/b>, conserve un souvenir marquant de sa toute premi\u00e8re exp\u00e9rience de concert en salle en 1997, dont le soliste invit\u00e9 \u00e9tait justement le pianiste <b>St\u00e9phane Lemelin<\/b>. Ce dernier devint son professeur \u00e0 l\u2019universit\u00e9 de l\u2019Alberta quelques mois plus tard, puis ils ne se sont plus recrois\u00e9s sur sc\u00e8ne. Cette soir\u00e9e en est donc une de retrouvailles entre les deux artistes, retrouvailles lors desquelles le pianiste invit\u00e9 et l\u2019Orchestre interpr\u00e9teront ensemble le <i>Concerto no 4<\/i> de Beethoven. \u00c9galement au programme, <i>Ouverture no 1 en mi mineur<\/i> de Louise Farrenc et <i>Symphonie no 9 en mi b\u00e9mol majeur<\/i> de Chostakovitch.<\/p>\n<p>LE 11 MARS, 19 H 30, SALLE ANDR\u00c9-MATHIEU\u00a0 <a href=\"https:\/\/co-motion.ca\/spectacles\/retrouvailles-johnson-et-lemelin-un-dialogue-musical\/\" target=\"_blank\" rel=\"noopener\">D\u00c9TAILS ET BILLETS<\/a><\/p>\n<p>&nbsp;<\/p>\n<p><img decoding=\"async\" loading=\"lazy\" class=\"aligncenter size-full wp-image-92209\" src=\"https:\/\/www.ludwig-van.com\/montreal\/wp-content\/uploads\/sites\/3\/2026\/03\/smam-concert-echos-de-mesopotamie_1048.png\" alt=\"\" width=\"1200\" height=\"750\" srcset=\"https:\/\/www.ludwig-van.com\/montreal\/wp-content\/uploads\/sites\/3\/2026\/03\/smam-concert-echos-de-mesopotamie_1048.png 1200w, https:\/\/www.ludwig-van.com\/montreal\/wp-content\/uploads\/sites\/3\/2026\/03\/smam-concert-echos-de-mesopotamie_1048-300x188.png 300w, https:\/\/www.ludwig-van.com\/montreal\/wp-content\/uploads\/sites\/3\/2026\/03\/smam-concert-echos-de-mesopotamie_1048-1024x640.png 1024w, https:\/\/www.ludwig-van.com\/montreal\/wp-content\/uploads\/sites\/3\/2026\/03\/smam-concert-echos-de-mesopotamie_1048-768x480.png 768w\" sizes=\"(max-width: 1200px) 100vw, 1200px\" \/><\/p>\n<h3>Ensemble Urmawi &#8211; <em>\u00c9chos de M\u00e9sopotamie<\/em><\/h3>\n<p>Le <strong>Studio de musique ancienne de Montr\u00e9al<\/strong> pr\u00e9sente ce mercredi l\u2019<b>Ensemble Urmawi<\/b>, dirig\u00e9 par <b>Lamia Yared<\/b>. Ce groupe, qui doit son nom au musicien et th\u00e9oricien du XIIIe si\u00e8cle \u1e62af\u012b al-D\u012bn al-Urmaw\u012b, vous fera d\u00e9couvrir les musiques arabes et persanes des XVIIIe et XIXe si\u00e8cles. Ce voyage entrem\u00ealera po\u00e9sie, histoire et h\u00e9ritage du califat abbasside, dynastie ayant r\u00e9gn\u00e9e sur une large partie du monde arabe de 750 \u00e0 1258.<\/p>\n<p>LE 11 MARS, 19 H 30, CHAPELLE NOTRE-DAME-DE-BON-SECOURS\u00a0 <a href=\"https:\/\/smamontreal.ca\/echos-de-mesopotamie\/\" target=\"_blank\" rel=\"noopener\">D\u00c9TAILS ET BILLETS<\/a><\/p>\n<p>&nbsp;<\/p>\n<figure id=\"attachment_90103\" aria-describedby=\"caption-attachment-90103\" style=\"width: 1200px\" class=\"wp-caption aligncenter\"><img decoding=\"async\" loading=\"lazy\" class=\"size-full wp-image-90103\" src=\"https:\/\/www.ludwig-van.com\/montreal\/wp-content\/uploads\/sites\/3\/2025\/10\/OSM_13-novembre-2024_Antoine-Saito.jpg\" alt=\"OSM et Rafael Payare (Photo : Antoine Saito)\" width=\"1200\" height=\"800\" srcset=\"https:\/\/www.ludwig-van.com\/montreal\/wp-content\/uploads\/sites\/3\/2025\/10\/OSM_13-novembre-2024_Antoine-Saito.jpg 1200w, https:\/\/www.ludwig-van.com\/montreal\/wp-content\/uploads\/sites\/3\/2025\/10\/OSM_13-novembre-2024_Antoine-Saito-300x200.jpg 300w, https:\/\/www.ludwig-van.com\/montreal\/wp-content\/uploads\/sites\/3\/2025\/10\/OSM_13-novembre-2024_Antoine-Saito-1024x683.jpg 1024w, https:\/\/www.ludwig-van.com\/montreal\/wp-content\/uploads\/sites\/3\/2025\/10\/OSM_13-novembre-2024_Antoine-Saito-768x512.jpg 768w\" sizes=\"(max-width: 1200px) 100vw, 1200px\" \/><figcaption id=\"caption-attachment-90103\" class=\"wp-caption-text\">OSM et Rafael Payare (Photo : Antoine Saito)<\/figcaption><\/figure>\n<h3>OSM &#8211; <em>De Bart\u00f3k \u00e0 Mozart : fl\u00fbte, improvisation et symphonie<\/em><\/h3>\n<p>L\u2019<b>Orchestre symphonique de Montr\u00e9al<\/b>, sous la direction de <b>Rafael Payare<\/b>, pr\u00e9sente un programme touchant \u00e0 plusieurs \u00e9poques musicales. La soir\u00e9e s\u2019ouvre avec une \u0153uvre du d\u00e9but du XXe si\u00e8cle, <i>Six danses folkloriques roumaines<\/i> de B\u00e9la Bart\u00f3k. Par la suite, l\u2019Orchestre fera un saut par en arri\u00e8re pour retourner \u00e0 l\u2019\u00e9poque transitoire entre le baroque et le classicisme avec <i>Concerto pour fl\u00fbte en r\u00e9 mineur<\/i> de Carl Philipp Emanuel Bach, interpr\u00e9t\u00e9 par <b>Timothy Hutchins<\/b>, le r\u00e9put\u00e9 premier fl\u00fbtiste de l&rsquo;OSM. Apr\u00e8s l\u2019entracte, le clarinettiste <b>Kinan Azmeh<\/b> et l\u2019ensemble feront un bond vers le futur en jouant une des cr\u00e9ations dudit clarinettiste, <i>Suite for Improvisor and Orchestra<\/i>. En conclusion de ce concert \u00e0 la <i>Retour vers le futur<\/i>, l\u2019OSM retourne dans le pass\u00e9 pour rejoindre la p\u00e9riode classique, avec la <i>Symphonie no 39<\/i> de Mozart. Esp\u00e9rons que, comme Emmett Brown dans le troisi\u00e8me film de la s\u00e9rie nomm\u00e9e pr\u00e9c\u00e9demment, personne ne restera coinc\u00e9 \u00e0 cette \u00e9poque!<\/p>\n<p>LE 11 MARS, 19 H 30, MAISON SYMPHONIQUE\u00a0 <a href=\"https:\/\/www.osm.ca\/fr\/concert\/de-bartok-a-mozart-flute-improvisation-et-symphonie\/\" target=\"_blank\" rel=\"noopener\">D\u00c9TAILS ET BILLETS<\/a><\/p>\n<p>&nbsp;<\/p>\n<figure id=\"attachment_92217\" aria-describedby=\"caption-attachment-92217\" style=\"width: 1200px\" class=\"wp-caption aligncenter\"><img decoding=\"async\" loading=\"lazy\" class=\"size-full wp-image-92217\" src=\"https:\/\/www.ludwig-van.com\/montreal\/wp-content\/uploads\/sites\/3\/2026\/03\/KonczChristoph_byAndreasHechenberger.jpg\" alt=\"Christoph Koncz (Photo : Andreas Hechenberger)\" width=\"1200\" height=\"826\" srcset=\"https:\/\/www.ludwig-van.com\/montreal\/wp-content\/uploads\/sites\/3\/2026\/03\/KonczChristoph_byAndreasHechenberger.jpg 1200w, https:\/\/www.ludwig-van.com\/montreal\/wp-content\/uploads\/sites\/3\/2026\/03\/KonczChristoph_byAndreasHechenberger-300x207.jpg 300w, https:\/\/www.ludwig-van.com\/montreal\/wp-content\/uploads\/sites\/3\/2026\/03\/KonczChristoph_byAndreasHechenberger-1024x705.jpg 1024w, https:\/\/www.ludwig-van.com\/montreal\/wp-content\/uploads\/sites\/3\/2026\/03\/KonczChristoph_byAndreasHechenberger-768x529.jpg 768w\" sizes=\"(max-width: 1200px) 100vw, 1200px\" \/><figcaption id=\"caption-attachment-92217\" class=\"wp-caption-text\">Christoph Koncz (Photo : Andreas Hechenberger)<\/figcaption><\/figure>\n<h3>\u00c0 Qu\u00e9bec : OSQ &#8211; <i>L\u2019Oiseau de feu<\/i> de Stravinsky<\/h3>\n<p>Ce sera le chef invit\u00e9 <b>Christoph Koncz<\/b> qui s\u2019installera au pupitre lors des repr\u00e9sentations pr\u00e9sent\u00e9es cette semaine par l\u2019<b>Orchestre symphonique de Qu\u00e9bec<\/b>. Sous sa direction, les instrumentistes interpr\u00e9teront quatre \u0153uvres de styles bien diff\u00e9rents : l\u2019ouverture de <i>Les Ma\u00eetres chanteurs de Nuremberg<\/i> de Wagner, le <i>Concerto pour piano no 1<\/i> de Liszt jou\u00e9 par la pianiste <b>Michelle Kan<\/b>, <i>Elysium<\/i> du compositeur montr\u00e9alais <b>Samy Moussa<\/b> et, bien entendu, la pi\u00e8ce titre <i>L\u2019Oiseau de feu<\/i> de Stravinsky. \u00c0 noter que la matin\u00e9e est une version \u00e9court\u00e9e du concert et ne comprendra pas le <i>Concerto pour piano no 1<\/i> ainsi que <i>Elysium<\/i>.<\/p>\n<p>LE 11 MARS, 20 H ET LE 12 MARS 10 H 30, GRAND TH\u00c9\u00c2TRE DE QU\u00c9BEC\u00a0 <a href=\"https:\/\/www.osq.org\/concerts\/oiseau-de-feu-stravinski\/\" target=\"_blank\" rel=\"noopener\">D\u00c9TAILS ET BILLETS<\/a><\/p>\n<p>&nbsp;<\/p>\n<p><img decoding=\"async\" loading=\"lazy\" class=\"aligncenter size-full wp-image-92226\" src=\"https:\/\/www.ludwig-van.com\/montreal\/wp-content\/uploads\/sites\/3\/2026\/03\/I-musici-feminin-pluriel.png\" alt=\"\" width=\"1200\" height=\"768\" srcset=\"https:\/\/www.ludwig-van.com\/montreal\/wp-content\/uploads\/sites\/3\/2026\/03\/I-musici-feminin-pluriel.png 1200w, https:\/\/www.ludwig-van.com\/montreal\/wp-content\/uploads\/sites\/3\/2026\/03\/I-musici-feminin-pluriel-300x192.png 300w, https:\/\/www.ludwig-van.com\/montreal\/wp-content\/uploads\/sites\/3\/2026\/03\/I-musici-feminin-pluriel-1024x655.png 1024w, https:\/\/www.ludwig-van.com\/montreal\/wp-content\/uploads\/sites\/3\/2026\/03\/I-musici-feminin-pluriel-768x492.png 768w\" sizes=\"(max-width: 1200px) 100vw, 1200px\" \/><\/p>\n<h3>I Musici &#8211;\u00a0<em>F\u00e9minin pluriel<\/em><\/h3>\n<p>L&rsquo;orchestre \u00e0 cordes I Musici propose un programme intrigant explorant la part inn\u00e9e et la part d&rsquo;autod\u00e9termination dans la d\u00e9couverte du monde et dans l&rsquo;expression de la f\u00e9minit\u00e9. La soprano Andr\u00e9anne Brisson-Paquin incarne un personnage servant de trait d&rsquo;union entre les musiques de Gerald Finzi, Ray Twomey et Jennifer Higdon et la po\u00e9sie de Jos\u00e9phine Bacon.<\/p>\n<p>LE 12 MARS, 17 H 30, ESPACE JAX\u00a0 <a href=\"https:\/\/imusici.com\/saison-2025-2026\/feminin-pluriel\/\" target=\"_blank\" rel=\"noopener\">D\u00c9TAILS ET BILLETS<\/a><\/p>\n<p>&nbsp;<\/p>\n<figure id=\"attachment_92213\" aria-describedby=\"caption-attachment-92213\" style=\"width: 1200px\" class=\"wp-caption aligncenter\"><img decoding=\"async\" loading=\"lazy\" class=\"size-full wp-image-92213\" src=\"https:\/\/www.ludwig-van.com\/montreal\/wp-content\/uploads\/sites\/3\/2026\/03\/Karoline-Podolak_site-web-de-lartiste_cropped.jpg\" alt=\"Karoline Podolak (Photo : site web de l'artiste)\" width=\"1200\" height=\"704\" srcset=\"https:\/\/www.ludwig-van.com\/montreal\/wp-content\/uploads\/sites\/3\/2026\/03\/Karoline-Podolak_site-web-de-lartiste_cropped.jpg 1200w, https:\/\/www.ludwig-van.com\/montreal\/wp-content\/uploads\/sites\/3\/2026\/03\/Karoline-Podolak_site-web-de-lartiste_cropped-300x176.jpg 300w, https:\/\/www.ludwig-van.com\/montreal\/wp-content\/uploads\/sites\/3\/2026\/03\/Karoline-Podolak_site-web-de-lartiste_cropped-1024x601.jpg 1024w, https:\/\/www.ludwig-van.com\/montreal\/wp-content\/uploads\/sites\/3\/2026\/03\/Karoline-Podolak_site-web-de-lartiste_cropped-768x451.jpg 768w\" sizes=\"(max-width: 1200px) 100vw, 1200px\" \/><figcaption id=\"caption-attachment-92213\" class=\"wp-caption-text\">Karoline Podolak (Photo : site web de l&rsquo;artiste)<\/figcaption><\/figure>\n<h3>OCM &#8211; <em>De Chopin \u00e0 Weinberg : soir\u00e9e classique \u00e0 la polonaise<\/em><\/h3>\n<p>L\u2019<b>Orchestre classique de Montr\u00e9al<\/b> vous invite \u00e0 un concert mettant en vedette la Pologne, ou plut\u00f4t, ses artistes. La soir\u00e9e s\u2019ouvrira avec trois \u0153uvres du c\u00e9l\u00e8bre compositeur franco-polonais Fr\u00e9d\u00e9ric Chopin, dont le <i>Concerto pour piano no 2<\/i> jou\u00e9 par le Qu\u00e9b\u00e9cois <b>Jean-Philippe Sylvestre<\/b>. Ensuite, l\u2019Orchestre pr\u00e9sentera une \u0153uvre du compositeur d\u2019origine polonaise Mieczys\u0142aw Weinberg, <i>Symphonie de chambre<\/i>. Ce sera le clarinettiste canado-polonais <b>Kornal Wolak<\/b> qui sera mis de l\u2019avant dans la composition suivante, du Qu\u00e9b\u00e9cois <b>Maxime Goulet<\/b>, <i>Histoire de p\u00eache<\/i>. Cette \u0153uvre sera suivi d\u2019un extrait de l\u2019op\u00e9ra <i>Verbum Nobile<\/i> de Stanis\u0142aw Moniuszko, compositeur polonais du XIXe si\u00e8cle, et d\u2019un autre de <i>La Traviata<\/i> de Verdi, tous deux interpr\u00e9t\u00e9s par la soprano canado-polonaise <b>Karoline Podolak<\/b>. \u00c9galement au programme, <i>The Ninth Gate: Vocalise<\/i> de Wojciech Kilar, qui est, vous l\u2019aurez devinez, un compositeur de film et de musique classique polonais n\u00e9 en 1932 et d\u00e9c\u00e9d\u00e9 en 2013. <em>Dobry koncert<\/em> (bon concert)!<\/p>\n<p>LE 12 MARS, 19 H 30, SALLE PIERRE-MERCURE\u00a0 <a href=\"https:\/\/orchestre.ca\/de-chopin-a-weinberg-soiree-classique-a-la-polonaise\/\" target=\"_blank\" rel=\"noopener\">D\u00c9TAILS ET BILLETS<\/a><\/p>\n<p>&nbsp;<\/p>\n<figure id=\"attachment_79593\" aria-describedby=\"caption-attachment-79593\" style=\"width: 1200px\" class=\"wp-caption aligncenter\"><img decoding=\"async\" loading=\"lazy\" class=\"size-full wp-image-79593\" src=\"https:\/\/www.ludwig-van.com\/montreal\/wp-content\/uploads\/sites\/3\/2024\/01\/Trio-Fibonacci_Hannah-Spray.jpg\" alt=\"Trio Fibonacci (Photo : Hannah Spray)\" width=\"1200\" height=\"801\" srcset=\"https:\/\/www.ludwig-van.com\/montreal\/wp-content\/uploads\/sites\/3\/2024\/01\/Trio-Fibonacci_Hannah-Spray.jpg 1200w, https:\/\/www.ludwig-van.com\/montreal\/wp-content\/uploads\/sites\/3\/2024\/01\/Trio-Fibonacci_Hannah-Spray-300x200.jpg 300w, https:\/\/www.ludwig-van.com\/montreal\/wp-content\/uploads\/sites\/3\/2024\/01\/Trio-Fibonacci_Hannah-Spray-1024x684.jpg 1024w, https:\/\/www.ludwig-van.com\/montreal\/wp-content\/uploads\/sites\/3\/2024\/01\/Trio-Fibonacci_Hannah-Spray-768x513.jpg 768w\" sizes=\"(max-width: 1200px) 100vw, 1200px\" \/><figcaption id=\"caption-attachment-79593\" class=\"wp-caption-text\">Trio Fibonacci (Photo : Hannah Spray)<\/figcaption><\/figure>\n<h3>Trio Fibonacci &#8211; <i>Composer \u00e0 l\u2019ombre<\/i><\/h3>\n<p>Le <b>Trio Fibonacci<\/b> pr\u00e9sente un concert d\u2019\u0153uvres \u00e9clectiques ayant un point en commun : leur compositeur\u00b7trice sont peu connu\u00b7e\u00b7s, soit \u00e0 cause de leur genre, soit \u00e0 cause de leurs origines. Les membres de l\u2019ensemble, <b>Julie-Anne Derome<\/b>, violon, <b>Gabriel Prynn<\/b>, violoncelle, et <b>Maxim Shatalkin<\/b>, piano, interpr\u00e9teront des chants d\u2019origine afro-am\u00e9ricaine, du lyrisme romantique, du folklore et du jazz dans des compositions de Henri\u00ebtte Bosmans, Amy Beach, Samuel Coleridge-Taylor, Florence Price et William Grant Still.<\/p>\n<p>LE 13 MARS, 19 H 30, SALLE BOURGIE\u00a0 <a href=\"https:\/\/www.mbam.qc.ca\/fr\/activites\/trio-fibonacci---composer-a-lombre\/\" target=\"_blank\" rel=\"noopener\">D\u00c9TAILS ET BILLETS<\/a><\/p>\n<p>&nbsp;<\/p>\n<figure id=\"attachment_92212\" aria-describedby=\"caption-attachment-92212\" style=\"width: 1200px\" class=\"wp-caption aligncenter\"><img decoding=\"async\" loading=\"lazy\" class=\"size-full wp-image-92212\" src=\"https:\/\/www.ludwig-van.com\/montreal\/wp-content\/uploads\/sites\/3\/2026\/03\/andre_schuen_1_cguido_werner_1.jpg\" alt=\"Andr\u00e8 Schuen (Photo : Guido Werner)\" width=\"1200\" height=\"800\" srcset=\"https:\/\/www.ludwig-van.com\/montreal\/wp-content\/uploads\/sites\/3\/2026\/03\/andre_schuen_1_cguido_werner_1.jpg 1200w, https:\/\/www.ludwig-van.com\/montreal\/wp-content\/uploads\/sites\/3\/2026\/03\/andre_schuen_1_cguido_werner_1-300x200.jpg 300w, https:\/\/www.ludwig-van.com\/montreal\/wp-content\/uploads\/sites\/3\/2026\/03\/andre_schuen_1_cguido_werner_1-1024x683.jpg 1024w, https:\/\/www.ludwig-van.com\/montreal\/wp-content\/uploads\/sites\/3\/2026\/03\/andre_schuen_1_cguido_werner_1-768x512.jpg 768w\" sizes=\"(max-width: 1200px) 100vw, 1200px\" \/><figcaption id=\"caption-attachment-92212\" class=\"wp-caption-text\">Andr\u00e8 Schuen (Photo : Guido Werner)<\/figcaption><\/figure>\n<h3>Andr\u00e8 Schuen, baryton &amp; Daniel Heide, piano<\/h3>\n<p>Le baryton <b>Andr\u00e8 Schuen<\/b> et le pianiste <b>Daniel Heide<\/b> travaillent depuis plusieurs ann\u00e9es ensemble, se sp\u00e9cialisant dans le lieder. Ils interpr\u00e9teront cette semaine \u00e0 la Salle Bourgie des \u0153uvres de deux grands de ce genre musical, Mahler et Schubert, dans un concert faisant partie de l\u2019an 2 de l\u2019int\u00e9grale des lieder de Schubert. En lien avec ce concert, une conf\u00e9rence sera pr\u00e9sent\u00e9e, \u00e0 12h30, par <b>Jean Portugais<\/b>, musicologue et professeur, qui parlera du r\u00f4le important que la po\u00e9sie a eu sur Schubert dans la composition de son immense r\u00e9pertoire de lieder.<\/p>\n<p>LE 15 MARS, 14 H 30, SALLE BOURGIE\u00a0 <a href=\"https:\/\/www.mbam.qc.ca\/fr\/activites\/andre-schuen-baryton-daniel-heide-piano\/\" target=\"_blank\" rel=\"noopener\">D\u00c9TAILS ET BILLETS<\/a><\/p>\n<p>&nbsp;<\/p>\n<figure id=\"attachment_92211\" aria-describedby=\"caption-attachment-92211\" style=\"width: 1200px\" class=\"wp-caption aligncenter\"><img decoding=\"async\" loading=\"lazy\" class=\"size-full wp-image-92211\" src=\"https:\/\/www.ludwig-van.com\/montreal\/wp-content\/uploads\/sites\/3\/2026\/03\/Trio-Callista_courtoisie.jpg\" alt=\"Trio Callista (Photo : site web de la Ville de Montr\u00e9al)\" width=\"1200\" height=\"600\" srcset=\"https:\/\/www.ludwig-van.com\/montreal\/wp-content\/uploads\/sites\/3\/2026\/03\/Trio-Callista_courtoisie.jpg 1200w, https:\/\/www.ludwig-van.com\/montreal\/wp-content\/uploads\/sites\/3\/2026\/03\/Trio-Callista_courtoisie-300x150.jpg 300w, https:\/\/www.ludwig-van.com\/montreal\/wp-content\/uploads\/sites\/3\/2026\/03\/Trio-Callista_courtoisie-1024x512.jpg 1024w, https:\/\/www.ludwig-van.com\/montreal\/wp-content\/uploads\/sites\/3\/2026\/03\/Trio-Callista_courtoisie-768x384.jpg 768w\" sizes=\"(max-width: 1200px) 100vw, 1200px\" \/><figcaption id=\"caption-attachment-92211\" class=\"wp-caption-text\">Trio Callista (Photo : site web de la Ville de Montr\u00e9al)<\/figcaption><\/figure>\n<h3>Trio Callista &#8211; Voyage en Allemagne et en Tch\u00e9coslovaquie<\/h3>\n<p>L\u2019ensemble <b>Trio Callista <\/b>a d\u00e9j\u00e0 s\u00e9duit public et producteurs malgr\u00e9 son jeune \u00e2ge, sa cr\u00e9ation datant de seulement 2024. Compos\u00e9 des trois artistes montr\u00e9alais <b>Laurence Kayaleh<\/b>, violon, <b>Elizabeth Dolin<\/b>, violoncelle, et <b>Lucas Porter<\/b>, piano, le Trio est pr\u00e9sentement en tourn\u00e9e, cette derni\u00e8re le faisant voyager de l\u2019Ontario \u00e0 la Nouvelle-\u00c9cosse, en arr\u00eatant par le Qu\u00e9bec, pour ensuite traverser l\u2019Atlantique vers l\u2019Europe. Lors de cette prestation, les trois musicien\u00b7ne\u00b7s remarquables, ayant \u00e9galement un carri\u00e8re de solistes \u00e0 l\u2019international, interpr\u00e9teront <i>Trio en si majeur<\/i> de Brahms et <i>Trio en fa mineur <\/i>de Dvo\u0159\u00e1k.<\/p>\n<p>LE 15 MARS, 15 H, SALLE PAUL-DESMARAIS\u00a0 <a href=\"https:\/\/montreal.ca\/evenements\/voyage-en-allemagne-et-en-tchecoslovaquie-trio-callista-102983\" target=\"_blank\" rel=\"noopener\">D\u00c9TAILS ET BILLETS<\/a><\/p>\n<p>&nbsp;<\/p>\n<figure id=\"attachment_92210\" aria-describedby=\"caption-attachment-92210\" style=\"width: 1772px\" class=\"wp-caption aligncenter\"><img decoding=\"async\" loading=\"lazy\" class=\"size-full wp-image-92210\" src=\"https:\/\/www.ludwig-van.com\/montreal\/wp-content\/uploads\/sites\/3\/2026\/03\/Joey-Desaulniers_courtoisie-de-lartiste.jpeg\" alt=\"Joey Desaulniers (Photo : courtoisie de l'artiste)\" width=\"1772\" height=\"1046\" srcset=\"https:\/\/www.ludwig-van.com\/montreal\/wp-content\/uploads\/sites\/3\/2026\/03\/Joey-Desaulniers_courtoisie-de-lartiste.jpeg 1772w, https:\/\/www.ludwig-van.com\/montreal\/wp-content\/uploads\/sites\/3\/2026\/03\/Joey-Desaulniers_courtoisie-de-lartiste-300x177.jpeg 300w, https:\/\/www.ludwig-van.com\/montreal\/wp-content\/uploads\/sites\/3\/2026\/03\/Joey-Desaulniers_courtoisie-de-lartiste-1024x604.jpeg 1024w, https:\/\/www.ludwig-van.com\/montreal\/wp-content\/uploads\/sites\/3\/2026\/03\/Joey-Desaulniers_courtoisie-de-lartiste-768x453.jpeg 768w, https:\/\/www.ludwig-van.com\/montreal\/wp-content\/uploads\/sites\/3\/2026\/03\/Joey-Desaulniers_courtoisie-de-lartiste-1536x907.jpeg 1536w\" sizes=\"(max-width: 1772px) 100vw, 1772px\" \/><figcaption id=\"caption-attachment-92210\" class=\"wp-caption-text\">Joey Desaulniers (Photo : courtoisie de l&rsquo;artiste)<\/figcaption><\/figure>\n<h3>SOM &#8211; Joey D\u00e9saulniers, orgue et clavecin<\/h3>\n<p><b>Joey D\u00e9saulniers<\/b> est l\u2019invit\u00e9 de l\u2019organisation dans laquelle il s\u2019implique particuli\u00e8rement, la Soci\u00e9t\u00e9 des orgues de Maisonneuve. Dans l\u2019\u00e9glise m\u00eame o\u00f9 il est titulaire des orgues, l\u2019\u00e9glise Tr\u00e8s-Saint-Nom-de-J\u00e9sus, il interpr\u00e9tera \u00e0 l\u2019orgue des \u0153uvres de Bach, Boyvin et Glass, ainsi qu\u2019au clavecin du Bach et du Couperin. L\u2019entr\u00e9e est gratuite, mais une contribution volontaire est toujours appr\u00e9ci\u00e9e.<\/p>\n<p>LE 15 MARS, 15 H, \u00c9GLISE DU TR\u00c8S-SAINT-NOM-DE-J\u00c9SUS<\/p>\n<h2><em>Inscrivez-vous \u00e0 notre infolettre! La musique classique et l\u2019op\u00e9ra en 5 minutes, chaque jour<\/em> <a href=\"https:\/\/ludwig-van.us9.list-manage.com\/subscribe?u=4f785cb3f9058f2393ccad035&amp;id=b9b160c032\" target=\"_blank\" rel=\"noopener noreferrer\">ICI<\/a>.<\/h2>\n","protected":false},"excerpt":{"rendered":"<p>Avez-vous eu vent des commentaires faits par le jeune acteur Timoth\u00e9e Chalamet, comme quoi il ne voudrait pas travailler \u00e0 l&rsquo;op\u00e9ra ou au ballet, parce que \u00ab\u00a0\u00e7a n&rsquo;int\u00e9resse plus personne et il faut toujours se battre pour faire vivre ces arts-l\u00e0\u00a0\u00bb? Bon, on ne fera pas semblant qu&rsquo;il ne faut pas effectivement se battre pour am\u00e9liorer le financement de l&rsquo;op\u00e9ra, du ballet et celui de tous les arts vivants &#8211; mais on s&rsquo;oppose vivement \u00e0 l&rsquo;id\u00e9e que \u00e7a n&rsquo;int\u00e9resse personne! D\u00e9montrez donc aux Timoth\u00e9e Chalamet de ce monde que les arts, sous toutes leurs formes, ne sont pas d\u00e9di\u00e9s \u00e0 mourir, en assistant en grand nombre aux diff\u00e9rents concerts de cette semaine! Du m\u00eame coup, vous encouragerez les artistes de la sc\u00e8ne musicale, qui, tout comme les danseurs\u00b7euses de ballet et chanteurs\u00b7euses d\u2019op\u00e9ra, appr\u00e9cient toujours faire salle comble!<\/p>\n","protected":false},"author":1,"featured_media":92221,"comment_status":"open","ping_status":"open","sticky":false,"template":"","format":"standard","meta":{"om_disable_all_campaigns":false,"jetpack_post_was_ever_published":false},"categories":[42368,10994],"tags":[],"yst_prominent_words":[9863,13120,13117,33504,26052,9877,13123,13119,33503,18274,18272,19229,31964],"acf":[],"jetpack_featured_media_url":"https:\/\/www.ludwig-van.com\/montreal\/wp-content\/uploads\/sites\/3\/2026\/03\/Copie-de-CONCERTS15.jpg","jetpack_sharing_enabled":true,"jetpack_shortlink":"https:\/\/wp.me\/p9bdYt-nZ8","amp_enabled":true,"_links":{"self":[{"href":"https:\/\/www.ludwig-van.com\/montreal\/wp-json\/wp\/v2\/posts\/92202"}],"collection":[{"href":"https:\/\/www.ludwig-van.com\/montreal\/wp-json\/wp\/v2\/posts"}],"about":[{"href":"https:\/\/www.ludwig-van.com\/montreal\/wp-json\/wp\/v2\/types\/post"}],"author":[{"embeddable":true,"href":"https:\/\/www.ludwig-van.com\/montreal\/wp-json\/wp\/v2\/users\/1"}],"replies":[{"embeddable":true,"href":"https:\/\/www.ludwig-van.com\/montreal\/wp-json\/wp\/v2\/comments?post=92202"}],"version-history":[{"count":4,"href":"https:\/\/www.ludwig-van.com\/montreal\/wp-json\/wp\/v2\/posts\/92202\/revisions"}],"predecessor-version":[{"id":92227,"href":"https:\/\/www.ludwig-van.com\/montreal\/wp-json\/wp\/v2\/posts\/92202\/revisions\/92227"}],"wp:featuredmedia":[{"embeddable":true,"href":"https:\/\/www.ludwig-van.com\/montreal\/wp-json\/wp\/v2\/media\/92221"}],"wp:attachment":[{"href":"https:\/\/www.ludwig-van.com\/montreal\/wp-json\/wp\/v2\/media?parent=92202"}],"wp:term":[{"taxonomy":"category","embeddable":true,"href":"https:\/\/www.ludwig-van.com\/montreal\/wp-json\/wp\/v2\/categories?post=92202"},{"taxonomy":"post_tag","embeddable":true,"href":"https:\/\/www.ludwig-van.com\/montreal\/wp-json\/wp\/v2\/tags?post=92202"},{"taxonomy":"yst_prominent_words","embeddable":true,"href":"https:\/\/www.ludwig-van.com\/montreal\/wp-json\/wp\/v2\/yst_prominent_words?post=92202"}],"curies":[{"name":"wp","href":"https:\/\/api.w.org\/{rel}","templated":true}]}}