{"id":92161,"date":"2026-03-06T12:10:11","date_gmt":"2026-03-06T17:10:11","guid":{"rendered":"https:\/\/www.ludwig-van.com\/montreal\/?p=92161"},"modified":"2026-03-08T08:00:02","modified_gmt":"2026-03-08T12:00:02","slug":"entrevue-les-debuts-de-marie-van-rhijn-aupres-darion-promettent-un-voyage-emouvant-entre-bonheur-tristesse-deuils-et-passions","status":"publish","type":"post","link":"https:\/\/www.ludwig-van.com\/montreal\/2026\/03\/06\/entrevue-les-debuts-de-marie-van-rhijn-aupres-darion-promettent-un-voyage-emouvant-entre-bonheur-tristesse-deuils-et-passions\/","title":{"rendered":"ENTREVUE | Les d\u00e9buts de Marie van Rhijn aupr\u00e8s d&rsquo;Arion promettent un voyage \u00e9mouvant entre bonheur, tristesse, deuils et passions"},"content":{"rendered":"<figure id=\"attachment_92170\" aria-describedby=\"caption-attachment-92170\" style=\"width: 1200px\" class=\"wp-caption aligncenter\"><img decoding=\"async\" loading=\"lazy\" class=\"size-full wp-image-92170\" src=\"https:\/\/www.ludwig-van.com\/montreal\/wp-content\/uploads\/sites\/3\/2026\/03\/Copie-de-ENTREVUE6.jpg\" alt=\"Marie van Rhijn (Photo : courtoisie Arion)\" width=\"1200\" height=\"628\" srcset=\"https:\/\/www.ludwig-van.com\/montreal\/wp-content\/uploads\/sites\/3\/2026\/03\/Copie-de-ENTREVUE6.jpg 1200w, https:\/\/www.ludwig-van.com\/montreal\/wp-content\/uploads\/sites\/3\/2026\/03\/Copie-de-ENTREVUE6-300x157.jpg 300w, https:\/\/www.ludwig-van.com\/montreal\/wp-content\/uploads\/sites\/3\/2026\/03\/Copie-de-ENTREVUE6-1024x536.jpg 1024w, https:\/\/www.ludwig-van.com\/montreal\/wp-content\/uploads\/sites\/3\/2026\/03\/Copie-de-ENTREVUE6-768x402.jpg 768w\" sizes=\"(max-width: 1200px) 100vw, 1200px\" \/><figcaption id=\"caption-attachment-92170\" class=\"wp-caption-text\">Marie van Rhijn (Photo : courtoisie Arion)<\/figcaption><\/figure>\n<p>Les 7 et 8 mars, <strong>Arion Orchestre Baroque<\/strong> explore le pouvoir expressif de la simplicit\u00e9 dans un programme de musique baroque italienne intitul\u00e9 <em>Les larmes de Marie<\/em>. Le titre est emprunt\u00e9 \u00e0 la cantate <em>Il pianto di Maria<\/em> de Giovanni Battista Ferrandini, dont l&rsquo;interpr\u00e9tation sera pr\u00e9c\u00e9d\u00e9e d&rsquo;\u0153uvres de Vivaldi et de deux compositrices italiennes qui leur sont contemporaines, Marie Margherita Grimani et Maria Teresa Agnesi.<\/p>\n<p>\u00ab\u00a0C&rsquo;est une \u0153uvre \u00e0 laquelle je reviens constamment,\u00a0\u00bb r\u00e9v\u00e8le <strong>Mathieu Lussier<\/strong>, directeur artistique <strong>d&rsquo;Arion,<\/strong> au sujet d&rsquo;<em>Il pianto di Maria<\/em>. \u00ab\u00a0On associe la musique baroque au faste et \u00e0 l&rsquo;ornementation, mais dans cette \u0153uvre, c&rsquo;est la puissance de la simplicit\u00e9 et l&rsquo;harmonie mise au service du texte qui viennent vraiment me chercher. Je me suis encore mis \u00e0 pleurer en \u00e9coutant la premi\u00e8re r\u00e9p\u00e9tition.\u00a0\u00bb<\/p>\n<p>La r\u00e9p\u00e9tition en question avait lieu mercredi matin, et il s&rsquo;agissait de la premi\u00e8re rencontre entre les membres de l&rsquo;orchestre et la cheffe et claveciniste invit\u00e9e <strong>Marie van Rhijn<\/strong>. <strong>Arion<\/strong> a toujours fonctionn\u00e9 uniquement avec des chef\u00b7fe\u00b7s invit\u00e9\u00b7e\u00b7s, et <strong>Mathieu Lussier<\/strong> se fait un point d&rsquo;honneur d&rsquo;offrir cette plateforme \u00e0 des femmes. Il a contact\u00e9 <strong>Marie van Rhijn<\/strong> apr\u00e8s avoir d\u00e9couvert son travail par l&rsquo;entremise de vid\u00e9os : une rencontre en personne \u00e0 Paris est plus tard venue sceller la bonne entente entre les deux artistes.<\/p>\n<p>\u00c0 la suggestion de la cheffe invit\u00e9e, le programme est compl\u00e9t\u00e9 par des extraits de la cantate <em>Pallade e Marte<\/em> de Grimani et de la serenata <em>Ulisse in Campania<\/em> d&rsquo;Agnesi, qui prendront vie gr\u00e2ce \u00e0 la voix de la contralto <strong>Anthea Pichanick<\/strong>.<\/p>\n<p>\u00ab\u00a0Stylistiquement, ce sont des \u0153uvres qui dialoguent bien\u00a0\u00bb, explique en entrevue <strong>Marie van Rhijn<\/strong>, p\u00e9tillante malgr\u00e9 le d\u00e9calage horaire.\u00a0\u00bbElles ont aussi en commun leur lien avec la sph\u00e8re germanique : les \u0153uvres de Grimani et Agnesi \u00e9taient jou\u00e9es \u00e0 la cour de Vienne, o\u00f9 elles \u00e9taient plus r\u00e9put\u00e9es que dans leurs propres villes respectives, Venise et Milan. Vivaldi a pass\u00e9 les dix derniers mois de sa vie \u00e0 Vienne, pour tenter d&rsquo;y relancer sa carri\u00e8re et Ferrandi, qui \u00e9tait hautbo\u00efste, a quitt\u00e9 l&rsquo;Italie pour la cour de Bavi\u00e8re.\u00a0\u00bb<\/p>\n<p>La revalorisation d&rsquo;\u0153uvres de compositrices f\u00e9minines est au c\u0153ur de la d\u00e9marche de <strong>van Rhijn<\/strong>, qui investit r\u00e9guli\u00e8rement du temps \u00e0 faire de la recherche. Elle souligne dans ce domaine l&rsquo;apport pr\u00e9cieux de la base de donn\u00e9es <a href=\"https:\/\/www.presencecompositrices.com\/que-demander-a-clara\/\" target=\"_blank\" rel=\"noopener\">Demandez \u00e0 Clara<\/a> de l&rsquo;organisme Pr\u00e9sence Compositrices.<\/p>\n<p>Au sujet des \u0153uvres de Grimani et Agnesi au programme du concert <em>Les larmes de Marie<\/em>, <strong>van Rhijn<\/strong> raconte que ce sont des musiques qui lui ont tout de suite plu par leur pouvoir accrocheur. La cantate\u00a0<em>Pallade e Marte<\/em>, sp\u00e9cifiquement, apporte la d\u00e9monstration qu&rsquo;une femme pouvait composer des airs triomphants, m\u00eame \u00e0 cette \u00e9poque o\u00f9 la f\u00e9minit\u00e9 \u00e9tait d\u00e9finie par la douceur.\u00a0Cette cantate aborde la complexit\u00e9 de la guerre \u00e0 travers les personnages de Mars, associ\u00e9 \u00e0 la force brute, et Pallade, qui repr\u00e9sente la sagesse et l&rsquo;anticipation strat\u00e9gique. \u00ab\u00a0L&rsquo;\u0153uvre se penche sur un sujet profond et une amiti\u00e9 sinc\u00e8re, tout en mettant de l&rsquo;avant les deux fa\u00e7ades de la guerre\u00a0\u00bb, d\u00e9crit-elle.<\/p>\n<p>Celle qui se penche avec autant de passion sur le r\u00e9pertoire n\u00e9glig\u00e9 du pass\u00e9 a bien failli prendre un autre chemin : c&rsquo;est un coup du destin qui l&rsquo;a dirig\u00e9e vers son instrument, le clavecin, alors qu&rsquo;\u00e0 sept ans, au moment de s&rsquo;inscrire au Conservatoire de Calais, c&rsquo;est plut\u00f4t le piano qui l&rsquo;attirait. Il n&rsquo;y avait cependant plus de places disponibles aupr\u00e8s des professeurs de cet instrument et son deuxi\u00e8me choix, la harpe, n&rsquo;\u00e9tait pas offert. C&rsquo;est sur une recommandation du conservatoire que ses parents ont pris contact avec la professeure de clavecin &#8211; et ce fut le coup de foudre pour la jeune \u00e9l\u00e8ve, qui n&rsquo;a jamais regard\u00e9 en arri\u00e8re. Aujourd&rsquo;hui, sa feuille de route bien garnie fait \u00e9tat de nombreux engagements comme claveciniste, comme cheffe et comme cheffe de chant, dont aupr\u00e8s des <strong>Arts Florissants<\/strong> et de la <strong>Capella mediterranea<\/strong> de <strong>Leonardo Garcia Alarcon<\/strong>. Elle retourne justement aupr\u00e8s de ce dernier apr\u00e8s son s\u00e9jour \u00e0 Montr\u00e9al pour la pr\u00e9paration de l&rsquo;op\u00e9ra <em>Castor et Pollux<\/em> au Grand Th\u00e9\u00e2tre de Gen\u00e8ve. Elle a \u00e9galement fond\u00e9 son propre ensemble de musique ancienne, <strong>L&rsquo;Assembl\u00e9e<\/strong>, en 2022.<\/p>\n<p>LES LARMES DE MARIE, LE 7 MARS, 19 H 30 ET LE 8 MARS, 14 H 30, SALLE BOURGIE\u00a0 <a href=\"https:\/\/arionbaroque.tuxedobillet.com\/Arionbaroque\/les-larmes-de-marie?axeptio_token=8j3Dec9iPdalesPxbv1jVP7ouS\" target=\"_blank\" rel=\"noopener\">D\u00c9TAILS ET BILLETS<\/a><\/p>\n<h2><em>Inscrivez-vous \u00e0 notre infolettre! La musique classique et l\u2019op\u00e9ra en 5 minutes, chaque jour<\/em> <a href=\"https:\/\/ludwig-van.us9.list-manage.com\/subscribe?u=4f785cb3f9058f2393ccad035&amp;id=b9b160c032\" target=\"_blank\" rel=\"noopener noreferrer\">ICI<\/a>.<\/h2>\n","protected":false},"excerpt":{"rendered":"<p>Les 7 et 8 mars, Arion Orchestre Baroque explore le pouvoir expressif de la simplicit\u00e9 dans un programme de musique baroque italienne intitul\u00e9 Les larmes de Marie. Le titre est emprunt\u00e9 \u00e0 la cantate Il pianto di Maria de Giovanni Battista Ferrandini, dont l&rsquo;interpr\u00e9tation sera pr\u00e9c\u00e9d\u00e9e d&rsquo;\u0153uvres de Vivaldi et de deux compositrices italiennes qui leur sont contemporaines, Marie Margherita Grimani et Maria Teresa Agnesi.\u00a0<\/p>\n","protected":false},"author":55,"featured_media":92170,"comment_status":"open","ping_status":"open","sticky":false,"template":"","format":"standard","meta":{"om_disable_all_campaigns":false,"jetpack_post_was_ever_published":false},"categories":[42368],"tags":[],"yst_prominent_words":[30301,9877,10304,13794],"acf":[],"jetpack_featured_media_url":"https:\/\/www.ludwig-van.com\/montreal\/wp-content\/uploads\/sites\/3\/2026\/03\/Copie-de-ENTREVUE6.jpg","jetpack_sharing_enabled":true,"jetpack_shortlink":"https:\/\/wp.me\/p9bdYt-nYt","amp_enabled":true,"_links":{"self":[{"href":"https:\/\/www.ludwig-van.com\/montreal\/wp-json\/wp\/v2\/posts\/92161"}],"collection":[{"href":"https:\/\/www.ludwig-van.com\/montreal\/wp-json\/wp\/v2\/posts"}],"about":[{"href":"https:\/\/www.ludwig-van.com\/montreal\/wp-json\/wp\/v2\/types\/post"}],"author":[{"embeddable":true,"href":"https:\/\/www.ludwig-van.com\/montreal\/wp-json\/wp\/v2\/users\/55"}],"replies":[{"embeddable":true,"href":"https:\/\/www.ludwig-van.com\/montreal\/wp-json\/wp\/v2\/comments?post=92161"}],"version-history":[{"count":17,"href":"https:\/\/www.ludwig-van.com\/montreal\/wp-json\/wp\/v2\/posts\/92161\/revisions"}],"predecessor-version":[{"id":92191,"href":"https:\/\/www.ludwig-van.com\/montreal\/wp-json\/wp\/v2\/posts\/92161\/revisions\/92191"}],"wp:featuredmedia":[{"embeddable":true,"href":"https:\/\/www.ludwig-van.com\/montreal\/wp-json\/wp\/v2\/media\/92170"}],"wp:attachment":[{"href":"https:\/\/www.ludwig-van.com\/montreal\/wp-json\/wp\/v2\/media?parent=92161"}],"wp:term":[{"taxonomy":"category","embeddable":true,"href":"https:\/\/www.ludwig-van.com\/montreal\/wp-json\/wp\/v2\/categories?post=92161"},{"taxonomy":"post_tag","embeddable":true,"href":"https:\/\/www.ludwig-van.com\/montreal\/wp-json\/wp\/v2\/tags?post=92161"},{"taxonomy":"yst_prominent_words","embeddable":true,"href":"https:\/\/www.ludwig-van.com\/montreal\/wp-json\/wp\/v2\/yst_prominent_words?post=92161"}],"curies":[{"name":"wp","href":"https:\/\/api.w.org\/{rel}","templated":true}]}}