{"id":92140,"date":"2026-03-04T17:52:56","date_gmt":"2026-03-04T22:52:56","guid":{"rendered":"https:\/\/www.ludwig-van.com\/montreal\/?p=92140"},"modified":"2026-03-06T07:00:03","modified_gmt":"2026-03-06T12:00:03","slug":"92140","status":"publish","type":"post","link":"https:\/\/www.ludwig-van.com\/montreal\/2026\/03\/04\/92140\/","title":{"rendered":"COMMUNAUT\u00c9 | D&rsquo;Istanbul \u00e0 Montr\u00e9al, le Quatuor Bozzini pr\u00e9sente une plong\u00e9e dans les univers d&rsquo;U\u00e7anok et Erg\u00fcn"},"content":{"rendered":"<figure id=\"attachment_92144\" aria-describedby=\"caption-attachment-92144\" style=\"width: 1200px\" class=\"wp-caption aligncenter\"><img decoding=\"async\" loading=\"lazy\" class=\"size-full wp-image-92144\" src=\"https:\/\/www.ludwig-van.com\/montreal\/wp-content\/uploads\/sites\/3\/2026\/03\/Copie-de-NOUVELLE22.jpg\" alt=\"Quatuor Bozzini (Photo : Camille Gladu Drouin)\" width=\"1200\" height=\"628\" srcset=\"https:\/\/www.ludwig-van.com\/montreal\/wp-content\/uploads\/sites\/3\/2026\/03\/Copie-de-NOUVELLE22.jpg 1200w, https:\/\/www.ludwig-van.com\/montreal\/wp-content\/uploads\/sites\/3\/2026\/03\/Copie-de-NOUVELLE22-300x157.jpg 300w, https:\/\/www.ludwig-van.com\/montreal\/wp-content\/uploads\/sites\/3\/2026\/03\/Copie-de-NOUVELLE22-1024x536.jpg 1024w, https:\/\/www.ludwig-van.com\/montreal\/wp-content\/uploads\/sites\/3\/2026\/03\/Copie-de-NOUVELLE22-768x402.jpg 768w\" sizes=\"(max-width: 1200px) 100vw, 1200px\" \/><figcaption id=\"caption-attachment-92144\" class=\"wp-caption-text\">Quatuor Bozzini (Photo : Camille Gladu Drouin)<\/figcaption><\/figure>\n<h1 style=\"text-align: center\"><del>Un message du Quatuor Bozzini<\/del><\/h1>\n<p>Le\u00a0<a href=\"https:\/\/quatuorbozzini.ca\/fr\/artiste\/quatuorbozzini_\">Quatuor Bozzini<\/a>\u00a0est ravi d\u2019offrir au public montr\u00e9alais une soir\u00e9e exceptionnelle consacr\u00e9e aux univers musicaux de\u00a0<a href=\"https:\/\/quatuorbozzini.ca\/fr\/artiste\/ucanok_fu\">Fulya U\u00e7anok<\/a>\u00a0et de\u00a0<a href=\"https:\/\/quatuorbozzini.ca\/fr\/artiste\/ergun_ce\">Cenk Erg\u00fcn<\/a>, marqu\u00e9e par une cr\u00e9ation mondiale et une cr\u00e9ation canadienne de leurs \u0153uvres, le 9 mars 2026 \u00e0 la Chapelle sc\u00e8nes contemporaines dans le cadre de la <strong>Semaine du neuf du Vivier<\/strong>. Les 3 oeuvres, <em>Companioning<\/em> de <strong>U\u00e7anok<\/strong> ainsi que <em>Celare et Sonare<\/em> de <strong>Erg\u00fcn<\/strong>, ont \u00e9t\u00e9 cr\u00e9\u00e9es \u00e0 Istanbul par le Quatuor Bozzini en f\u00e9vrier lors du Festival New &amp; Newest du Mus\u00e9e Arter. <strong>Ce concert explore le mouvement \u00e0 travers une virtuosit\u00e9 sonore tant\u00f4t rapide et d\u00e9brid\u00e9e \u00e0 l\u2019extr\u00eame, tant\u00f4t retenue, \u00e0 la fronti\u00e8re de l&rsquo;immobilit\u00e9 et de l\u2019audible.<\/strong><\/p>\n<p>&nbsp;<\/p>\n<figure id=\"attachment_92148\" aria-describedby=\"caption-attachment-92148\" style=\"width: 1200px\" class=\"wp-caption aligncenter\"><img decoding=\"async\" loading=\"lazy\" class=\"size-full wp-image-92148\" src=\"https:\/\/www.ludwig-van.com\/montreal\/wp-content\/uploads\/sites\/3\/2026\/03\/Fulya-Ucanok_courtoisie-Quatuor-Bozzini.png\" alt=\"Fulya U\u00e7anok (Photo : courtoisie Quatuor Bozzini)\" width=\"1200\" height=\"845\" srcset=\"https:\/\/www.ludwig-van.com\/montreal\/wp-content\/uploads\/sites\/3\/2026\/03\/Fulya-Ucanok_courtoisie-Quatuor-Bozzini.png 1200w, https:\/\/www.ludwig-van.com\/montreal\/wp-content\/uploads\/sites\/3\/2026\/03\/Fulya-Ucanok_courtoisie-Quatuor-Bozzini-300x211.png 300w, https:\/\/www.ludwig-van.com\/montreal\/wp-content\/uploads\/sites\/3\/2026\/03\/Fulya-Ucanok_courtoisie-Quatuor-Bozzini-1024x721.png 1024w, https:\/\/www.ludwig-van.com\/montreal\/wp-content\/uploads\/sites\/3\/2026\/03\/Fulya-Ucanok_courtoisie-Quatuor-Bozzini-768x541.png 768w\" sizes=\"(max-width: 1200px) 100vw, 1200px\" \/><figcaption id=\"caption-attachment-92148\" class=\"wp-caption-text\">Fulya U\u00e7anok (Photo : courtoisie Quatuor Bozzini)<\/figcaption><\/figure>\n<h3>Fulya U\u00e7anok<\/h3>\n<p>Musicienne \u00e9lectroacoustique, pianiste, improvisatrice et chercheuse, <strong>Fulya U\u00e7anok<\/strong> centre son travail sur des explorations incarn\u00e9es de l\u2019\u00e9coute, de la performance et de la composition. S\u2019inspirant de la sympo\u00ef\u00e8se, le\u00a0\u00abfaire-avec\u00bb\u00a0ou\u00a0\u00abfaire-ensemble, sa pratique artistique explore les zones de connexion au sein des interactions sociales et des mouvements li\u00e9s au son. Cette nouvelle \u0153uvre pour quatuor \u00e0 cordes et traitement \u00e9lectronique est une commande du <strong>Quatuor Bozzini<\/strong> et du <strong>New &amp; Newest Festival Arter<\/strong> \u00e0 Istanbul avec le soutien de la Ernst von Siemens Music Foundation.<\/p>\n<p>Dans <em>Companioning<\/em>, les musicien\u00b7ne\u00b7s \u00e9voluent dans des relations sans cesse reconfigur\u00e9es, tant entre eux qu\u2019avec l\u2019\u00e9lectronique. Celle-ci int\u00e8gre un traitement en temps r\u00e9el con\u00e7u comme un ensemble d\u2019agents relationnels actifs, participant pleinement \u00e0 l\u2019\u00e9cologie musicale de l\u2019\u0153uvre. Elle est le r\u00e9sultat d\u2019un processus collaboratif men\u00e9 lors d\u2019une r\u00e9sidence de cr\u00e9ation entre le quatuor et <strong>Fulya<\/strong>.<\/p>\n<p>&nbsp;<\/p>\n<figure id=\"attachment_92147\" aria-describedby=\"caption-attachment-92147\" style=\"width: 1200px\" class=\"wp-caption aligncenter\"><img decoding=\"async\" loading=\"lazy\" class=\"size-full wp-image-92147\" src=\"https:\/\/www.ludwig-van.com\/montreal\/wp-content\/uploads\/sites\/3\/2026\/03\/Cenk-Ergun_courtoisie-Quatuor-Bozzini.png\" alt=\"Cenk Erg\u00fcn (Photo : courtoisie Quatuor Bozzini)\" width=\"1200\" height=\"702\" srcset=\"https:\/\/www.ludwig-van.com\/montreal\/wp-content\/uploads\/sites\/3\/2026\/03\/Cenk-Ergun_courtoisie-Quatuor-Bozzini.png 1200w, https:\/\/www.ludwig-van.com\/montreal\/wp-content\/uploads\/sites\/3\/2026\/03\/Cenk-Ergun_courtoisie-Quatuor-Bozzini-300x176.png 300w, https:\/\/www.ludwig-van.com\/montreal\/wp-content\/uploads\/sites\/3\/2026\/03\/Cenk-Ergun_courtoisie-Quatuor-Bozzini-1024x599.png 1024w, https:\/\/www.ludwig-van.com\/montreal\/wp-content\/uploads\/sites\/3\/2026\/03\/Cenk-Ergun_courtoisie-Quatuor-Bozzini-768x449.png 768w\" sizes=\"(max-width: 1200px) 100vw, 1200px\" \/><figcaption id=\"caption-attachment-92147\" class=\"wp-caption-text\">Cenk Erg\u00fcn (Photo : courtoisie Quatuor Bozzini)<\/figcaption><\/figure>\n<h3>Cenk Erg\u00fcn<\/h3>\n<p><strong>Cenk Erg\u00fcn<\/strong> est un compositeur et improvisateur bas\u00e9 \u00e0 New York. Il cr\u00e9e des \u0153uvres de musique de chambre, de la musique \u00e9lectronique et des installations sonores. <em>Sonare<\/em> et <em>Celare<\/em>, toutes deux compos\u00e9es en 2016, forment un diptyque d\u2019\u0153uvres fortement contrast\u00e9es. La premi\u00e8re r\u00e9v\u00e8le un quatuor \u00e0 cordes virtuose et obstin\u00e9, m\u00fb par un moto perpetuo hypnotique et r\u00e9p\u00e9titif, \u00e9voquant le bourdonnement d\u2019un nid de gu\u00eapes. La seconde d\u00e9ploie un paysage sonore a\u00e9rien et \u00e9pur\u00e9, travers\u00e9 d\u2019inflexions microtonales rappellant certains modes turcs ainsi que des r\u00e9sonances de musique ancienne europ\u00e9enne.<\/p>\n<p>Pr\u00e9sent\u00e9 dans La Semaine du neuf 2026 en co-diffusion avec Le Vivier.<\/p>\n<p>LE 9 MARS, 19 H 30, LA CHAPELLE &#8211; SC\u00c8NES CONTEMPORAINES\u00a0 <a href=\"https:\/\/levivier.tuxedobillet.com\/levivier\/quatuor-bozzini-portrait-ucanok-ergun\" target=\"_blank\" rel=\"noopener\">D\u00c9TAILS ET BILLETS<\/a><\/p>\n<p><em>La publication de ce communiqu\u00e9 est un service offert \u00e0 nos membres. Pour en savoir plus sur nos forfaits membres, veuillez \u00e9crire \u00e0 <a href=\"mailto:beatrice@ludwig-van.com\">beatrice@ludwig-van.com<\/a>.<\/em><\/p>\n<h2><em>Inscrivez-vous \u00e0 notre infolettre! La musique classique et l\u2019op\u00e9ra en 5 minutes, chaque jour<\/em> <a href=\"https:\/\/ludwig-van.us9.list-manage.com\/subscribe?u=4f785cb3f9058f2393ccad035&amp;id=b9b160c032\" target=\"_blank\" rel=\"noopener noreferrer\">ICI<\/a>.<\/h2>\n","protected":false},"excerpt":{"rendered":"<p>Le\u00a0Quatuor Bozzini\u00a0est ravi d\u2019offrir au public montr\u00e9alais une soir\u00e9e exceptionnelle consacr\u00e9e aux univers musicaux de\u00a0Fulya U\u00e7anok\u00a0et de\u00a0Cenk Erg\u00fcn, marqu\u00e9e par une cr\u00e9ation mondiale et une cr\u00e9ation canadienne de leurs \u0153uvres, le 9 mars 2026 \u00e0 la Chapelle sc\u00e8nes contemporaines dans le cadre de la Semaine du neuf du Vivier.<\/p>\n","protected":false},"author":1,"featured_media":92144,"comment_status":"open","ping_status":"open","sticky":false,"template":"","format":"standard","meta":{"om_disable_all_campaigns":false,"jetpack_post_was_ever_published":false},"categories":[42368],"tags":[42369,6035],"yst_prominent_words":[11423,14774,9999,10015,11418],"acf":[],"jetpack_featured_media_url":"https:\/\/www.ludwig-van.com\/montreal\/wp-content\/uploads\/sites\/3\/2026\/03\/Copie-de-NOUVELLE22.jpg","jetpack_sharing_enabled":true,"jetpack_shortlink":"https:\/\/wp.me\/s9bdYt-92140","amp_enabled":true,"_links":{"self":[{"href":"https:\/\/www.ludwig-van.com\/montreal\/wp-json\/wp\/v2\/posts\/92140"}],"collection":[{"href":"https:\/\/www.ludwig-van.com\/montreal\/wp-json\/wp\/v2\/posts"}],"about":[{"href":"https:\/\/www.ludwig-van.com\/montreal\/wp-json\/wp\/v2\/types\/post"}],"author":[{"embeddable":true,"href":"https:\/\/www.ludwig-van.com\/montreal\/wp-json\/wp\/v2\/users\/1"}],"replies":[{"embeddable":true,"href":"https:\/\/www.ludwig-van.com\/montreal\/wp-json\/wp\/v2\/comments?post=92140"}],"version-history":[{"count":17,"href":"https:\/\/www.ludwig-van.com\/montreal\/wp-json\/wp\/v2\/posts\/92140\/revisions"}],"predecessor-version":[{"id":92168,"href":"https:\/\/www.ludwig-van.com\/montreal\/wp-json\/wp\/v2\/posts\/92140\/revisions\/92168"}],"wp:featuredmedia":[{"embeddable":true,"href":"https:\/\/www.ludwig-van.com\/montreal\/wp-json\/wp\/v2\/media\/92144"}],"wp:attachment":[{"href":"https:\/\/www.ludwig-van.com\/montreal\/wp-json\/wp\/v2\/media?parent=92140"}],"wp:term":[{"taxonomy":"category","embeddable":true,"href":"https:\/\/www.ludwig-van.com\/montreal\/wp-json\/wp\/v2\/categories?post=92140"},{"taxonomy":"post_tag","embeddable":true,"href":"https:\/\/www.ludwig-van.com\/montreal\/wp-json\/wp\/v2\/tags?post=92140"},{"taxonomy":"yst_prominent_words","embeddable":true,"href":"https:\/\/www.ludwig-van.com\/montreal\/wp-json\/wp\/v2\/yst_prominent_words?post=92140"}],"curies":[{"name":"wp","href":"https:\/\/api.w.org\/{rel}","templated":true}]}}