{"id":91640,"date":"2026-01-30T12:14:17","date_gmt":"2026-01-30T17:14:17","guid":{"rendered":"https:\/\/www.ludwig-van.com\/montreal\/?p=91640"},"modified":"2026-01-30T12:42:33","modified_gmt":"2026-01-30T17:42:33","slug":"entrevue-daniel-bartholomew-poyser-pour-obiora","status":"publish","type":"post","link":"https:\/\/www.ludwig-van.com\/montreal\/2026\/01\/30\/entrevue-daniel-bartholomew-poyser-pour-obiora\/","title":{"rendered":"ENTREVUE | Daniel Bartholomew-Poyser et Obiora d\u00e9construisent le classicisme dans Amber"},"content":{"rendered":"<p><img decoding=\"async\" loading=\"lazy\" class=\"aligncenter size-full wp-image-80053\" src=\"https:\/\/www.ludwig-van.com\/montreal\/wp-content\/uploads\/sites\/3\/2024\/02\/Copie-de-ENTREVUE-3.jpg\" alt=\"\" width=\"1200\" height=\"628\" srcset=\"https:\/\/www.ludwig-van.com\/montreal\/wp-content\/uploads\/sites\/3\/2024\/02\/Copie-de-ENTREVUE-3.jpg 1200w, https:\/\/www.ludwig-van.com\/montreal\/wp-content\/uploads\/sites\/3\/2024\/02\/Copie-de-ENTREVUE-3-300x157.jpg 300w, https:\/\/www.ludwig-van.com\/montreal\/wp-content\/uploads\/sites\/3\/2024\/02\/Copie-de-ENTREVUE-3-1024x536.jpg 1024w, https:\/\/www.ludwig-van.com\/montreal\/wp-content\/uploads\/sites\/3\/2024\/02\/Copie-de-ENTREVUE-3-768x402.jpg 768w\" sizes=\"(max-width: 1200px) 100vw, 1200px\" \/><\/p>\n<p>Il y a deux ans, nous nous \u00e9tions entretenus avec le chef <strong>Daniel Bartholomew-Poyser<\/strong> \u00e0 l&rsquo;occasion de son premier concert avec l&rsquo;<strong>Ensemble Obiora<\/strong>. Depuis, sa carri\u00e8re a continu\u00e9 \u00e0 se d\u00e9velopper \u00e0 la vitesse Grand V, autant dans le r\u00e9pertoire \u00e9tabli qu&rsquo;en nouvelle musique. Il poursuit ses engagements d&rsquo;ambassadeur communautaire aupr\u00e8s du <strong>Toronto Symphony Orchestra<\/strong>, au <strong>Centre national des arts<\/strong> et au<strong> San Francisco Symphony<\/strong>, rapportant fi\u00e8rement les initiatives mises en place pour rejoindre de nouveaux publics. Il porte aussi fi\u00e8rement le titre de chef invit\u00e9 principal de l&rsquo;<strong>Ensemble Obiora<\/strong>, preuve de la solidit\u00e9 du rapport qui a \u00e9t\u00e9 \u00e9tabli d\u00e8s leur premi\u00e8re collaboration.<\/p>\n<p><strong>Bartholomew-Poyser<\/strong> est de retour \u00e0 Montr\u00e9al cette semaine pour r\u00e9p\u00e9ter avec <strong>Obiora<\/strong> le programme du concert <em>Amber<\/em>, qu&rsquo;ils pr\u00e9senteront samedi soir \u00e0 la salle Pierre-Mercure. Nous nous sommes entretenu avec lui alors qu&rsquo;il arrivait tout juste \u00e0 Montr\u00e9al en provenance de Londres, o\u00f9 il avait travaill\u00e9 avec les \u00e9tudiant\u00b7e\u00b7s du Royal College of Music.<\/p>\n<p>Apr\u00e8s un peu de bavardage au sujet de la temp\u00e9rature et de la beaut\u00e9 du silence qui s&rsquo;installe quand la ville est couverte d&rsquo;un \u00ab\u00a0oc\u00e9an de blanc\u00a0\u00bb, <strong>Bartholomew-Poyser<\/strong> ne se fait pas prier pour se lancer dans une description enthousiaste de son travail sur la cr\u00e9ation au programme, celle d&rsquo;une \u0153uvre pour alto et orchestre intitul\u00e9e <em>Then the sky was amber. <\/em>Dans cette \u0153uvre, le compositeur <strong>Saman Shahi <\/strong>s&rsquo;inspire des \u00e9tapes de l&rsquo;\u00e9volution d&rsquo;une tornade, de la rotation et l&rsquo;aspiration \u00e0 la destruction qu&rsquo;elle laisse derri\u00e8re elle. Il a m\u00eame consult\u00e9 l&rsquo;\u00e9quipe du Northern Tornadoes Project de la Western University.<\/p>\n<p><strong>Daniel Bartholomew-Poyser<\/strong> est admiratif de la fa\u00e7on dont le compositeur a donn\u00e9 vie \u00e0 son id\u00e9e : \u00ab\u00a0L&rsquo;\u00e9criture est vraiment m\u00e9ticuleuse, avec une attention exquise au d\u00e9tail. Il utilise les cuivres et les bois de fa\u00e7on r\u00e9fl\u00e9chie. L&rsquo;alto soliste est l&rsquo;observateur qui ressent l&rsquo;impact de la tornade, et l&rsquo;orchestre est la tornade. Le titre fait r\u00e9f\u00e9rence \u00e0 la couleur que prend le ciel apr\u00e8s une tornade, ce moment de r\u00e9flexion, ou d&rsquo;\u00e9valuation, qui fait partie de l&rsquo;exp\u00e9rience.\u00a0\u00bb<\/p>\n<p>Admiratif, il l&rsquo;est aussi envers les musicien\u00b7ne\u00b7s d&rsquo;<strong>Obiora<\/strong>, dont il vante le haut niveau et la motivation \u00e0 donner vie \u00e0 la vision du compositeur ou de la compositrice \u00e0 travers tous les d\u00e9tails d&rsquo;\u00e9quilibre, de nuances, etc. Il appr\u00e9cie le g\u00e9n\u00e9reux temps de r\u00e9p\u00e9tition allou\u00e9 pour tout mettre en place et se r\u00e9jouit de collaborer pour la premi\u00e8re fois avec l&rsquo;altiste canadienne r\u00e9put\u00e9e <strong>Sharon Wei<\/strong>.<\/p>\n<p>\u00c0 premi\u00e8re vue, le programme est un assemblage surprenant et \u00e9clectique : la cr\u00e9ation de <strong>Shahi<\/strong> est entour\u00e9e d&rsquo;\u0153uvres de Jacques Ibert, Igor Stravinsky, <strong>Caroline Shaw<\/strong> et de la <em>Premi\u00e8re symphonie<\/em> de Haydn. <strong>Bartholomew-Poyser<\/strong> r\u00e9v\u00e8le le fil rouge qui sous-tend ces choix : \u00ab\u00a0Ce sont toutes des pi\u00e8ces qui \u00e9voquent une vision du classicisme. On commence au tout d\u00e9but, avec la premi\u00e8re symphonie du p\u00e8re du classicisme, Haydn, on \u00e9voque des souvenirs du classicisme avec <em>Pulcinella<\/em>, puis on a un classicisme en dissolution avec <em>Entr&rsquo;acte<\/em>, qui dissout les dissonances d&rsquo;une fa\u00e7on th\u00e9\u00e2trale et provocative.\u00a0\u00bb Et le <em>Quintette \u00e0 vent<\/em> de Jacques Ibert? -\u00ab\u00a0Oh, \u00e7a, c&rsquo;est un petit rafra\u00eechissement \u00e9pic\u00e9! Je voulais inclure quelque chose qui permette aux vents de faire les fanfarons!\u00a0\u00bb &#8230; ce qui est quand m\u00eame appropri\u00e9 juste avant de se lancer dans une d\u00e9piction musicale d&rsquo;une tornade!<\/p>\n<p>Est-ce vraiment pertinent de remonter jusqu&rsquo;\u00e0 la toute premi\u00e8re symphonie de Haydn? \u00ab\u00a0De l&rsquo;or, c&rsquo;est de l&rsquo;or! Ce qu&rsquo;on aime de Haydn est d\u00e9j\u00e0 l\u00e0 : l&rsquo;humour, l&rsquo;in\u00e9galit\u00e9 des phrases, les parcours particuliers qu&rsquo;il emprunte. Cela va vous faire aimer Haydn encore plus!\u00a0\u00bb<\/p>\n<p>Pour attraper <strong>Daniel Bartholomew-Poyser<\/strong> avant qu&rsquo;il ne reparte en coup de vent sur l&rsquo;aile d&rsquo;une tornade, rendez-vous \u00e0 la salle Pierre-Mercure samedi soir!<\/p>\n<p>LE 31 JANVIER, 19 H 30, SALLE PIERRE-MERCURE\u00a0 <a href=\"https:\/\/centrepierrepeladeau.tuxedobillet.com\/main\/amber\" target=\"_blank\" rel=\"noopener\">D\u00c9TAILS ET BILLETS\u00a0<\/a><\/p>\n<h2><em>Inscrivez-vous \u00e0 notre infolettre! La musique classique et l\u2019op\u00e9ra en 5 minutes, chaque jour<\/em> <a href=\"https:\/\/ludwig-van.us9.list-manage.com\/subscribe?u=4f785cb3f9058f2393ccad035&amp;id=b9b160c032\" target=\"_blank\" rel=\"noopener noreferrer\">ICI<\/a>.<\/h2>\n","protected":false},"excerpt":{"rendered":"<p>Deux ans apr\u00e8s sa premi\u00e8re collaboration avec l&rsquo;Ensemble Obiora, nous nous sommes entretenu avec le chef Daniel Bartholomew-Poyser au sujet du programme Amber, qu&rsquo;il pr\u00e9sente avec l&rsquo;orchestre samedi soir \u00e0 la salle Pierre-Mercure.<\/p>\n","protected":false},"author":55,"featured_media":80053,"comment_status":"open","ping_status":"open","sticky":false,"template":"","format":"standard","meta":{"om_disable_all_campaigns":false,"jetpack_post_was_ever_published":false},"categories":[42368,10998],"tags":[42369,42309],"yst_prominent_words":[10097,10013,10117,24892,12549,9323,8313,9841,10710,12537,23723],"acf":[],"jetpack_featured_media_url":"https:\/\/www.ludwig-van.com\/montreal\/wp-content\/uploads\/sites\/3\/2024\/02\/Copie-de-ENTREVUE-3.jpg","jetpack_sharing_enabled":true,"jetpack_shortlink":"https:\/\/wp.me\/p9bdYt-nQ4","amp_enabled":true,"_links":{"self":[{"href":"https:\/\/www.ludwig-van.com\/montreal\/wp-json\/wp\/v2\/posts\/91640"}],"collection":[{"href":"https:\/\/www.ludwig-van.com\/montreal\/wp-json\/wp\/v2\/posts"}],"about":[{"href":"https:\/\/www.ludwig-van.com\/montreal\/wp-json\/wp\/v2\/types\/post"}],"author":[{"embeddable":true,"href":"https:\/\/www.ludwig-van.com\/montreal\/wp-json\/wp\/v2\/users\/55"}],"replies":[{"embeddable":true,"href":"https:\/\/www.ludwig-van.com\/montreal\/wp-json\/wp\/v2\/comments?post=91640"}],"version-history":[{"count":4,"href":"https:\/\/www.ludwig-van.com\/montreal\/wp-json\/wp\/v2\/posts\/91640\/revisions"}],"predecessor-version":[{"id":91663,"href":"https:\/\/www.ludwig-van.com\/montreal\/wp-json\/wp\/v2\/posts\/91640\/revisions\/91663"}],"wp:featuredmedia":[{"embeddable":true,"href":"https:\/\/www.ludwig-van.com\/montreal\/wp-json\/wp\/v2\/media\/80053"}],"wp:attachment":[{"href":"https:\/\/www.ludwig-van.com\/montreal\/wp-json\/wp\/v2\/media?parent=91640"}],"wp:term":[{"taxonomy":"category","embeddable":true,"href":"https:\/\/www.ludwig-van.com\/montreal\/wp-json\/wp\/v2\/categories?post=91640"},{"taxonomy":"post_tag","embeddable":true,"href":"https:\/\/www.ludwig-van.com\/montreal\/wp-json\/wp\/v2\/tags?post=91640"},{"taxonomy":"yst_prominent_words","embeddable":true,"href":"https:\/\/www.ludwig-van.com\/montreal\/wp-json\/wp\/v2\/yst_prominent_words?post=91640"}],"curies":[{"name":"wp","href":"https:\/\/api.w.org\/{rel}","templated":true}]}}