{"id":91629,"date":"2026-01-29T11:32:56","date_gmt":"2026-01-29T16:32:56","guid":{"rendered":"https:\/\/www.ludwig-van.com\/montreal\/?p=91629"},"modified":"2026-01-29T15:28:25","modified_gmt":"2026-01-29T20:28:25","slug":"entrevue-7","status":"publish","type":"post","link":"https:\/\/www.ludwig-van.com\/montreal\/2026\/01\/29\/entrevue-7\/","title":{"rendered":"ENTREVUE | SMCQ : Trois concertos et trois solistes pour le concert Fougue concertante"},"content":{"rendered":"<p><img decoding=\"async\" loading=\"lazy\" class=\"aligncenter size-full wp-image-91637\" src=\"https:\/\/www.ludwig-van.com\/montreal\/wp-content\/uploads\/sites\/3\/2026\/01\/Copie-de-ENTREVUE2.jpg\" alt=\"\" width=\"1200\" height=\"628\" srcset=\"https:\/\/www.ludwig-van.com\/montreal\/wp-content\/uploads\/sites\/3\/2026\/01\/Copie-de-ENTREVUE2.jpg 1200w, https:\/\/www.ludwig-van.com\/montreal\/wp-content\/uploads\/sites\/3\/2026\/01\/Copie-de-ENTREVUE2-300x157.jpg 300w, https:\/\/www.ludwig-van.com\/montreal\/wp-content\/uploads\/sites\/3\/2026\/01\/Copie-de-ENTREVUE2-1024x536.jpg 1024w, https:\/\/www.ludwig-van.com\/montreal\/wp-content\/uploads\/sites\/3\/2026\/01\/Copie-de-ENTREVUE2-768x402.jpg 768w\" sizes=\"(max-width: 1200px) 100vw, 1200px\" \/><\/p>\n<p>Poursuivant les c\u00e9l\u00e9brations entourant sa 60e saison, la Soci\u00e9t\u00e9 de musique contemporaine du Qu\u00e9bec (SMCQ) pr\u00e9sente le vendredi 30 janvier le concert <em>Fougue concertante<\/em>, mettant en valeur trois jeunes solistes dans des concertos du r\u00e9pertoire contemporain, accompagn\u00e9es par l&rsquo;Ensemble de la SMCQ dirig\u00e9 par <span class=\"description\"><b>Cristian Gort<\/b>.<\/span><\/p>\n<p>Le programme est le fruit d&rsquo;un appel de dossiers lanc\u00e9 par la SMCQ l&rsquo;an dernier dans le but de faire place \u00e0 la rel\u00e8ve. La s\u00e9lection a \u00e9t\u00e9 confi\u00e9e \u00e0 un comit\u00e9 de s\u00e9lection compos\u00e9 de membres de la SMCQ et de membres externes, qui a arr\u00eat son choix sur les propositions de trois instrumentistes formant un \u00e9ventail \u00e9clectique. La percussionniste <b>Catherine Cherrier\u00a0<\/b>sera la soliste pour <em>(d)Tourner<\/em> (2017) de <strong>Philippe Leroux<\/strong>.\u00a0Ce sera ensuite au tour de la hautbo\u00efste <strong>\u00c9lise Poulin<\/strong>, qui sera mise en valeur dans <em>Trame I<\/em> (1997) de <strong><span class=\"description\">Mart\u00edn <\/span><\/strong><span class=\"description\"><strong>Matalon<\/strong>, tandis que le concert conclura avec le <i class=\"w\">Concerto pour violon Graal Th\u00e9\u00e2tre <\/i>(1997) de Kaija Saariaho avec la violoniste <strong>Bailey Wantuch<\/strong>. <\/span><\/p>\n<p>En d\u00e9but de concert, la SMCQ honorera la m\u00e9moire d&rsquo;une compositrice dont la carri\u00e8re prometteuse est arriv\u00e9e \u00e0 terme pr\u00e9matur\u00e9ment le 13 novembre dernier. D&rsquo;origine croate, <strong>Margareta Jeri\u0107<\/strong> \u00e9tait \u00e9tablie \u00e0 Montr\u00e9al depuis de nombreuses ann\u00e9es, ayant fait l&rsquo;ensemble de son parcours universitaire \u00e0 l&rsquo;Universit\u00e9 de Montr\u00e9al. Son d\u00e9c\u00e8s \u00e0 l&rsquo;\u00e2ge de 43 ans a boulevers\u00e9 ses coll\u00e8gues du monde musical, dont <strong>Simon<\/strong> <strong>Bertrand<\/strong>, directeur artistique de la SMCQ. Dans un message de sympathies publi\u00e9 sur le compte Facebook de la SMCQ, il rendait hommage \u00e0 la compositrice, \u00ab\u00a0une musicienne d&rsquo;un talent exceptionnel\u00a0\u00bb dont les \u0153uvres ont d\u00e9montr\u00e9 t\u00f4t \u00ab\u00a0une musicalit\u00e9 et une subtilit\u00e9 hors du commun\u00a0\u00bb.<\/p>\n<p>\u00c0 partir de la France o\u00f9 il se pr\u00e9parait \u00e0 rentrer \u00e0 Montr\u00e9al, <strong>Simon Bertrand<\/strong> a r\u00e9pondu \u00e0 quelques questions au sujet du concert de vendredi soir.<\/p>\n<p><b>Parlez-nous du concours qui a men\u00e9 au choix des concertos.<\/b><\/p>\n<p>L\u2019id\u00e9e \u00e9tait, en plus de faire place \u00e0 la rel\u00e8ve, d\u2019encourager de jeunes solistes \u00e0 effectuer des recherches dans le r\u00e9pertoire contemporain pour leurs instruments respectifs. La qualit\u00e9 des dossiers soumis \u00e0 fait en sorte que ce sont trois jeunes femmes qui ont \u00e9t\u00e9 choisies.<\/p>\n<p><b>Pouvez-vous d\u00e9crire chaque concerto en quelques mots?<\/b><\/p>\n<p>L\u2019\u0153uvre de <b>Matalon<\/b> est un dialogue subtil (et, somme toute, assez lyrique) entre le hautbois et l\u2019ensemble instrumental, qui contient \u00e9galement, par moments, un tonus rythmique fascinant.<\/p>\n<p>Quant \u00e0 la pi\u00e8ce de <b>Leroux<\/b>, elle est tr\u00e8s virtuose et haletante, avec un travail tr\u00e8s approfondi sur le \u00ab trait \u00bb et la \u00ab ligne \u00bb, o\u00f9 des motifs, souvent de forme circulaire et en transformation continue, circulent d\u2019un instrument \u00e0 l\u2019autre. Comme c\u2019est souvent le cas dans la musique de Philippe Leroux, l\u2019attention de l\u2019auditeur est en permanence stimul\u00e9e, et c\u2019est tr\u00e8s excitant \u00e0 \u00e9couter!<\/p>\n<p>L\u2019\u0153uvre de <b>Saariaho<\/b>, <i>Grall Th\u00e9\u00e2tre<\/i>, inspir\u00e9e d\u2019un livre du m\u00eame nom, poss\u00e8de une lin\u00e9arit\u00e9 caract\u00e9ristique de cette compositrice et un caract\u00e8re presque narratif. Elle r\u00e9v\u00e8le des couleurs saisissantes, complexes et parfois opaques, typiques de cette immense compositrice.<\/p>\n<p><b>L&rsquo;\u0153uvre qui ouvre le concert rev\u00eat un sens particulier, quel est-il?\u00a0<\/b><\/p>\n<p>En d\u00e9but de programme, nous avons d\u00e9cid\u00e9 de rendre hommage \u00e0 la jeune compositrice <strong>Margareta Jeri\u0107<\/strong>, d\u00e9c\u00e9d\u00e9e en novembre dernier. Nous reprendrons son \u0153uvre <i>\u00c9chos de l\u2019Adriatique<\/i>, un vibrant hommage \u00e0 son pays natal, la Croatie. <span class=\"html-span xdj266r x14z9mp xat24cr x1lziwak xexx8yu xyri2b x18d9i69 x1c1uobl x1hl2dhg x16tdsg8 x1vvkbs x4k7w5x x1h91t0o x1h9r5lt x1jfb8zj xv2umb2 x1beo9mf xaigb6o x12ejxvf x3igimt xarpa2k xedcshv x1lytzrv x1t2pt76 x7ja8zs x1qrby5j\"><span class=\"x1lliihq x1plvlek xryxfnj x1n2onr6 xyejjpt x15dsfln x193iq5w xeuugli x13faqbe x1vvkbs x1s928wv xhkezso x1gmr53x x1cpjm7i x1fgarty x1943h6x x1xmvt09 x6prxxf x1fcty0u xw2npq5 xudqn12 x3x7a5m xq9mrsl\" dir=\"auto\">J\u2019ai command\u00e9 cette \u0153uvre \u00e0 Margareta quand je suis arriv\u00e9 \u00e0 la SMCQ comme directeur artistique en 2023, car je connaissais d\u00e9j\u00e0 son travail : en effet, \u00e0 l\u2019universit\u00e9 de Montr\u00e9al, o\u00f9 j\u2019\u00e9tais charg\u00e9 de cours et auxiliaire d\u2019enseignement, j\u2019avais corrig\u00e9 ses travaux d\u2019\u00e9tudiante \u00e0 l\u2019\u00e9poque, qui me semblaient d\u00e9j\u00e0 de v\u00e9ritables petites merveilles. <i>\u00c9chos de l\u2019Adriatique<\/i>\u00a0a \u00e9t\u00e9 cr\u00e9\u00e9 lors de <\/span><\/span>la derni\u00e8re \u00e9dition du festival Montr\u00e9al\/Nouvelles Musiques en 2025. Nous \u00e9tions loin de nous douter qu\u2019il s\u2019agirait de son testament musical\u2026 Le concert sera d\u00e9di\u00e9 \u00e0 sa m\u00e9moire.<\/p>\n<p>LE 30 JANVIER, 19 H 30, SALLE PIERRE-MERCURE\u00a0 <a href=\"https:\/\/smcq.qc.ca\/smcq\/fr\/evenement\/47828-fougue-concertante\" target=\"_blank\" rel=\"noopener\">D\u00c9TAILS ET BILLETS<\/a><\/p>\n<h2><em>Inscrivez-vous \u00e0 notre infolettre! La musique classique et l\u2019op\u00e9ra en 5 minutes, chaque jour<\/em> <a href=\"https:\/\/ludwig-van.us9.list-manage.com\/subscribe?u=4f785cb3f9058f2393ccad035&amp;id=b9b160c032\" target=\"_blank\" rel=\"noopener noreferrer\">ICI<\/a>.<\/h2>\n","protected":false},"excerpt":{"rendered":"<p>Poursuivant les c\u00e9l\u00e9brations entourant sa 60e saison, la Soci\u00e9t\u00e9 de musique contemporaine du Qu\u00e9bec (SMCQ) pr\u00e9sente le vendredi 30 janvier le concert Fougue concertante, mettant en valeur trois jeunes solistes dans des concertos du r\u00e9pertoire contemporain, accompagn\u00e9es par l&rsquo;Ensemble de la SMCQ dirig\u00e9 par Cristian Gort. \u00c0 partir de la France o\u00f9 il se pr\u00e9parait \u00e0 rentrer \u00e0 Montr\u00e9al, le directeur artistique de la SMCQ Simon Bertrand a r\u00e9pondu \u00e0 quelques questions.<\/p>\n","protected":false},"author":55,"featured_media":91637,"comment_status":"open","ping_status":"open","sticky":false,"template":"","format":"standard","meta":{"om_disable_all_campaigns":false,"jetpack_post_was_ever_published":false},"categories":[42368,10998],"tags":[42369,11968],"yst_prominent_words":[9958,10539,18469,7202,9851,10478,10579,10207,7694,9811,11541,35867,7786,11029],"acf":[],"jetpack_featured_media_url":"https:\/\/www.ludwig-van.com\/montreal\/wp-content\/uploads\/sites\/3\/2026\/01\/Copie-de-ENTREVUE2.jpg","jetpack_sharing_enabled":true,"jetpack_shortlink":"https:\/\/wp.me\/p9bdYt-nPT","amp_enabled":true,"_links":{"self":[{"href":"https:\/\/www.ludwig-van.com\/montreal\/wp-json\/wp\/v2\/posts\/91629"}],"collection":[{"href":"https:\/\/www.ludwig-van.com\/montreal\/wp-json\/wp\/v2\/posts"}],"about":[{"href":"https:\/\/www.ludwig-van.com\/montreal\/wp-json\/wp\/v2\/types\/post"}],"author":[{"embeddable":true,"href":"https:\/\/www.ludwig-van.com\/montreal\/wp-json\/wp\/v2\/users\/55"}],"replies":[{"embeddable":true,"href":"https:\/\/www.ludwig-van.com\/montreal\/wp-json\/wp\/v2\/comments?post=91629"}],"version-history":[{"count":5,"href":"https:\/\/www.ludwig-van.com\/montreal\/wp-json\/wp\/v2\/posts\/91629\/revisions"}],"predecessor-version":[{"id":91645,"href":"https:\/\/www.ludwig-van.com\/montreal\/wp-json\/wp\/v2\/posts\/91629\/revisions\/91645"}],"wp:featuredmedia":[{"embeddable":true,"href":"https:\/\/www.ludwig-van.com\/montreal\/wp-json\/wp\/v2\/media\/91637"}],"wp:attachment":[{"href":"https:\/\/www.ludwig-van.com\/montreal\/wp-json\/wp\/v2\/media?parent=91629"}],"wp:term":[{"taxonomy":"category","embeddable":true,"href":"https:\/\/www.ludwig-van.com\/montreal\/wp-json\/wp\/v2\/categories?post=91629"},{"taxonomy":"post_tag","embeddable":true,"href":"https:\/\/www.ludwig-van.com\/montreal\/wp-json\/wp\/v2\/tags?post=91629"},{"taxonomy":"yst_prominent_words","embeddable":true,"href":"https:\/\/www.ludwig-van.com\/montreal\/wp-json\/wp\/v2\/yst_prominent_words?post=91629"}],"curies":[{"name":"wp","href":"https:\/\/api.w.org\/{rel}","templated":true}]}}