{"id":91592,"date":"2026-01-26T17:25:54","date_gmt":"2026-01-26T22:25:54","guid":{"rendered":"https:\/\/www.ludwig-van.com\/montreal\/?p=91592"},"modified":"2026-01-28T13:00:02","modified_gmt":"2026-01-28T18:00:02","slug":"choix-de-la-redaction-pour-un-calendrier-de-sorties-votre-facon","status":"publish","type":"post","link":"https:\/\/www.ludwig-van.com\/montreal\/2026\/01\/26\/choix-de-la-redaction-pour-un-calendrier-de-sorties-votre-facon\/","title":{"rendered":"CHOIX DE LA R\u00c9DACTION | Pour un calendrier de sorties \u00ab\u00a0\u00e0 votre fa\u00e7on\u00a0\u00bb"},"content":{"rendered":"<figure id=\"attachment_91603\" aria-describedby=\"caption-attachment-91603\" style=\"width: 1200px\" class=\"wp-caption aligncenter\"><img decoding=\"async\" loading=\"lazy\" class=\"size-full wp-image-91603\" src=\"https:\/\/www.ludwig-van.com\/montreal\/wp-content\/uploads\/sites\/3\/2026\/01\/Copie-de-CONCERTS9.jpg\" alt=\"\" width=\"1200\" height=\"628\" srcset=\"https:\/\/www.ludwig-van.com\/montreal\/wp-content\/uploads\/sites\/3\/2026\/01\/Copie-de-CONCERTS9.jpg 1200w, https:\/\/www.ludwig-van.com\/montreal\/wp-content\/uploads\/sites\/3\/2026\/01\/Copie-de-CONCERTS9-300x157.jpg 300w, https:\/\/www.ludwig-van.com\/montreal\/wp-content\/uploads\/sites\/3\/2026\/01\/Copie-de-CONCERTS9-1024x536.jpg 1024w, https:\/\/www.ludwig-van.com\/montreal\/wp-content\/uploads\/sites\/3\/2026\/01\/Copie-de-CONCERTS9-768x402.jpg 768w\" sizes=\"(max-width: 1200px) 100vw, 1200px\" \/><figcaption id=\"caption-attachment-91603\" class=\"wp-caption-text\">Daniel Bartholomew-Poyser (Photo : Melissa Taylor); Clown(s) de l&rsquo;Op\u00e9ra de Montr\u00e9al; El Kapoutchi<\/figcaption><\/figure>\n<p>\u00cates-vous du type fantaisiste, aventureux, romantique ou dramatique? Pr\u00e9f\u00e9rez-vous les airs connus ou d\u00e9couvrir de nouvelles sonorit\u00e9s? Nul besoin des pastilles de go\u00fbt comme pour les vins \u00e0 la SAQ pour mieux choisir vos concerts, il vous suffit de lire les Choix de la semaine! Et cette semaine, il y en a pour tous les go\u00fbts : op\u00e9ra dramatique, premi\u00e8re mondiale, rel\u00e8ve en art vocal, relecture d\u2019une \u0153uvre embl\u00e9matique, musique symphonique, musique de chambre, r\u00e9cital, sorties en famille \u2026 M\u00eame le grand Sinatra y trouve sa place! (Le titre de cet article est un clin d&rsquo;\u0153il \u00e0 un <em>hit<\/em> de Sinatra, l&rsquo;avez-vous saisi? \ud83d\ude09 )<\/p>\n<p>&nbsp;<\/p>\n<figure id=\"attachment_91593\" aria-describedby=\"caption-attachment-91593\" style=\"width: 1200px\" class=\"wp-caption aligncenter\"><img decoding=\"async\" loading=\"lazy\" class=\"size-full wp-image-91593\" src=\"https:\/\/www.ludwig-van.com\/montreal\/wp-content\/uploads\/sites\/3\/2026\/01\/Noise-Partout-affiche-francais.png\" alt=\"\" width=\"1200\" height=\"811\" srcset=\"https:\/\/www.ludwig-van.com\/montreal\/wp-content\/uploads\/sites\/3\/2026\/01\/Noise-Partout-affiche-francais.png 1200w, https:\/\/www.ludwig-van.com\/montreal\/wp-content\/uploads\/sites\/3\/2026\/01\/Noise-Partout-affiche-francais-300x203.png 300w, https:\/\/www.ludwig-van.com\/montreal\/wp-content\/uploads\/sites\/3\/2026\/01\/Noise-Partout-affiche-francais-1024x692.png 1024w, https:\/\/www.ludwig-van.com\/montreal\/wp-content\/uploads\/sites\/3\/2026\/01\/Noise-Partout-affiche-francais-768x519.png 768w\" sizes=\"(max-width: 1200px) 100vw, 1200px\" \/><figcaption id=\"caption-attachment-91593\" class=\"wp-caption-text\">(Affiche : courtoisie de Noise Partour)<\/figcaption><\/figure>\n<h3>Noise Partout &#8211; <i>Nightbird Lullaby<\/i> : Concert b\u00e9n\u00e9fice pour l\u2019Ukraine<\/h3>\n<p>Le trio <b>Noise Partout<\/b>, compos\u00e9 d\u2019<b>Ellen Wieser<\/b>, soprano, de <b>Jean-Christophe Lizotte<\/b>, violoncelle, et de <b>Rebecca Klassen-Wieber<\/b>, piano, pr\u00e9sente la premi\u00e8re mondiale de <i>Nightbird Lullaby<\/i>, une vid\u00e9o m\u00ealant po\u00e9sie et art visuel, accompagn\u00e9e de musique vivante. Cette \u0153uvre est une collaboration de plusieurs artistes ukainiens et canado-ukrainiens, dont <b>Anna Pidgorna<\/b> comme compositrice et <b>Maria Reva<\/b>, autrice de la po\u00e9sie. En plus de cette premi\u00e8re, l\u2019ensemble interpr\u00e9tera des trios d\u2019Andr\u00e9 Pr\u00e9vin, ainsi que des arrangements originaux de la musique de Massenet et Schubert. Afin d\u2019aider les efforts humanitaires en Ukraine, 40$ de chaque billet vendus ira \u00e0 la Fondation Canada-Ukraine.<\/p>\n<p>LE 27 JANVIER, 18 H 30 , LE 9E\u00a0 <a href=\"https:\/\/feverup.com\/m\/532698\" target=\"_blank\" rel=\"noopener\">D\u00c9TAILS ET BILLETS<\/a><\/p>\n<p>&nbsp;<\/p>\n<figure id=\"attachment_89117\" aria-describedby=\"caption-attachment-89117\" style=\"width: 1200px\" class=\"wp-caption aligncenter\"><img decoding=\"async\" loading=\"lazy\" class=\"size-full wp-image-89117\" src=\"https:\/\/www.ludwig-van.com\/montreal\/wp-content\/uploads\/sites\/3\/2025\/08\/Chloe-Dumoulin-Studio-Portraits-Brenden-Friesen.jpg\" alt=\"Chlo\u00e9 Dumoulin (Photo : Brenden Friesen)\" width=\"1200\" height=\"801\" srcset=\"https:\/\/www.ludwig-van.com\/montreal\/wp-content\/uploads\/sites\/3\/2025\/08\/Chloe-Dumoulin-Studio-Portraits-Brenden-Friesen.jpg 1200w, https:\/\/www.ludwig-van.com\/montreal\/wp-content\/uploads\/sites\/3\/2025\/08\/Chloe-Dumoulin-Studio-Portraits-Brenden-Friesen-300x200.jpg 300w, https:\/\/www.ludwig-van.com\/montreal\/wp-content\/uploads\/sites\/3\/2025\/08\/Chloe-Dumoulin-Studio-Portraits-Brenden-Friesen-1024x684.jpg 1024w, https:\/\/www.ludwig-van.com\/montreal\/wp-content\/uploads\/sites\/3\/2025\/08\/Chloe-Dumoulin-Studio-Portraits-Brenden-Friesen-768x513.jpg 768w\" sizes=\"(max-width: 1200px) 100vw, 1200px\" \/><figcaption id=\"caption-attachment-89117\" class=\"wp-caption-text\">Chlo\u00e9 Dumoulin (Photo : Brenden Friesen)<\/figcaption><\/figure>\n<h3>M\u00e9lod\u00eenes &#8211; Chlo\u00e9 Dumoulin<\/h3>\n<p>La jeune pianiste <b>Chlo\u00e9 Dumoulin<\/b> sera l\u2019artiste invit\u00e9e de la s\u00e9rie M\u00e9lod\u00eenes de ce mois-ci. Pr\u00e9sent\u00e9 par <strong>Pro Musica<\/strong>, ce concert d\u2019une heure sera l\u2019occasion pour cette Qu\u00e9b\u00e9coise nomm\u00e9e dans l&rsquo;illustre liste 30 meilleurs musiciens de moins de 30 ans de la CBC de d\u00e9montrer son jeu sensible, sa sonorit\u00e9 color\u00e9e et son \u00e9nergie captivante pour lesquels elle est reconnue. Au programme, <i>Fantasiest\u00fccke<\/i> de Schumann et <i>Sonate en si mineur<\/i> de Liszt.<\/p>\n<p>LE 28 JANVIER, 12 H 15, SALLE CLAUDE L\u00c9VEILL\u00c9E\u00a0 <a href=\"https:\/\/promusica.qc.ca\/artiste\/chloe-dumoulin\/\" target=\"_blank\" rel=\"noopener\">D\u00c9TAILS ET BILLETS<\/a><\/p>\n<p>&nbsp;<\/p>\n<figure id=\"attachment_91594\" aria-describedby=\"caption-attachment-91594\" style=\"width: 1200px\" class=\"wp-caption aligncenter\"><img decoding=\"async\" loading=\"lazy\" class=\"size-full wp-image-91594\" src=\"https:\/\/www.ludwig-van.com\/montreal\/wp-content\/uploads\/sites\/3\/2026\/01\/centrart.jpg\" alt=\"\" width=\"1200\" height=\"595\" srcset=\"https:\/\/www.ludwig-van.com\/montreal\/wp-content\/uploads\/sites\/3\/2026\/01\/centrart.jpg 1200w, https:\/\/www.ludwig-van.com\/montreal\/wp-content\/uploads\/sites\/3\/2026\/01\/centrart-300x149.jpg 300w, https:\/\/www.ludwig-van.com\/montreal\/wp-content\/uploads\/sites\/3\/2026\/01\/centrart-1024x508.jpg 1024w, https:\/\/www.ludwig-van.com\/montreal\/wp-content\/uploads\/sites\/3\/2026\/01\/centrart-768x381.jpg 768w\" sizes=\"(max-width: 1200px) 100vw, 1200px\" \/><figcaption id=\"caption-attachment-91594\" class=\"wp-caption-text\">(Visuel : courtoisie Centr&rsquo;art)<\/figcaption><\/figure>\n<h3>Les \u00e9toiles montantes de l\u2019op\u00e9ra<\/h3>\n<p>Les <strong>concerts Centr\u2019art<\/strong> pr\u00e9sentent une soir\u00e9e intime et raffin\u00e9e mettant en vedette des dipl\u00f4m\u00e9\u00b7e\u00b7s de l\u2019<strong>Institut canadien d\u2019art vocal <\/strong>dans une mise en sc\u00e8ne immersive imagin\u00e9e par <strong>Nathalie<\/strong><b> Deschamps<\/b>. Les sopranos <b>Lise Nougier <\/b>et\u00a0<b>Natasha Henry<\/b>, la mezzo-soprano\u00a0<b>Queen Hezumuryango <\/b>et le t\u00e9nor <b>Emmanuel Hasler<\/b>, accompagn\u00e9\u00b7e\u00b7s du pianiste\u00a0<b>Vinicius Costa<\/b>, sont les interpr\u00e8tes de ce concert en cinq temps sur les th\u00e8mes du d\u00e9sir, du jeu, de la s\u00e9duction, de la passion et du feu.<\/p>\n<p>LE 28 JANVIER, 19 H 30, \u00c9GLISE UNIE ST-LAMBERT\u00a0 <a href=\"https:\/\/artist.center\/organizations\/centrart\/performances\/119\/tickets\" target=\"_blank\" rel=\"noopener\">D\u00c9TAILS ET BILLETS<\/a><\/p>\n<p>&nbsp;<\/p>\n<figure id=\"attachment_73369\" aria-describedby=\"caption-attachment-73369\" style=\"width: 1200px\" class=\"wp-caption aligncenter\"><img decoding=\"async\" loading=\"lazy\" class=\"size-full wp-image-73369\" src=\"https:\/\/www.ludwig-van.com\/montreal\/wp-content\/uploads\/sites\/3\/2022\/10\/Nils-Wanderer-cr-Goethe-Institut.jpg\" alt=\"Nils Wanderer, contret\u00e9nor. (Photo: courtoisie du Goethe Institut)\" width=\"1200\" height=\"628\" \/><figcaption id=\"caption-attachment-73369\" class=\"wp-caption-text\">Nils Wanderer, contret\u00e9nor. (Photo : courtoisie du Goethe Institut)<\/figcaption><\/figure>\n<h3>\u00c0 Qu\u00e9bec : OSQ &#8211; <em>L\u2019exp\u00e9rience Nils Wanderer<\/em><\/h3>\n<p>Le chef <b>Clemens Schuldt<\/b> a concoct\u00e9, en collaboration avec le t\u00e9nor <b>Nils Wanderer<\/b>, un programme \u00e9clectique d\u00e9montrant comment la musique baroque demeure une source d\u2019inspiration, autant pour les compositeurs\u00b7trices romantiques que pour les artistes actuel\u00b7le\u00b7s. L\u2019<b>Orchestre symphonique de Qu\u00e9bec<\/b> interpr\u00e9tera lors de cet \u00e9v\u00e9nement des \u0153uvres de Bach, Brahms, Purcell, Haendel, Rameau, Dessner, Vaughan Williams, Cohen et <b>Ad\u00e8le<\/b>, le tout sublim\u00e9 par la voix riche et suave de<strong> Nils Wanderer<\/strong> et mis en lumi\u00e8re par l\u2019\u00e9clairagiste en r\u00e9sidence <b>Nyco Desmeules<\/b>.<\/p>\n<p>LES 28 ET 29 JANVIER, 20 H, PALAIS MONTCALM\u00a0 <a href=\"https:\/\/palaismontcalm-osq.tuxedobillet.com\/osq\/lexperience-nils-wanderer\" target=\"_blank\" rel=\"noopener\">D\u00c9TAILS ET BILLETS<\/a><\/p>\n<p>&nbsp;<\/p>\n<figure id=\"attachment_74522\" aria-describedby=\"caption-attachment-74522\" style=\"width: 1200px\" class=\"wp-caption aligncenter\"><img decoding=\"async\" loading=\"lazy\" class=\"size-full wp-image-74522\" src=\"https:\/\/www.ludwig-van.com\/montreal\/wp-content\/uploads\/sites\/3\/2022\/12\/Allegra2-1.jpg\" alt=\"\" width=\"1200\" height=\"800\" \/><figcaption id=\"caption-attachment-74522\" class=\"wp-caption-text\">Musique de Chambre Allegra (Photo : courtoisie)<\/figcaption><\/figure>\n<h3>Allegra musique de chambre<\/h3>\n<p>L\u2019ensemble <b>Allegra musique de chambre<\/b> vous invite \u00e0 les rejoindre \u00e0 l\u2019Universit\u00e9 McGill ce jeudi pour assister \u00e0 un concert mettant en valeur des \u0153uvres de compositeurs des XIXe et XXe \u00a0si\u00e8cles. <b>Dorothy Fieldman Fraiberg<\/b>, piano, <b>Simon Aldrich<\/b>, clarinette, <b>Alexander Lozowski<\/b>, violon, <b>Elvira Misbakhova<\/b>, alto et <b>Sheila Hannigan<\/b>, violoncelle joueront du Beethoven, Brahms, Mahler, Sibelius et Martin\u016f pour le grand plaisir de vos oreilles.<\/p>\n<p>LE 29 JANVIER, 19 H 30, HALLE TANNA-SCHULICH\u00a0 <a href=\"https:\/\/www.allegrachambermusic.com\/2025-2026-season\" target=\"_blank\" rel=\"noopener\">D\u00c9TAILS ET BILLETS<\/a><\/p>\n<p>&nbsp;<\/p>\n<p><img decoding=\"async\" loading=\"lazy\" class=\"aligncenter size-full wp-image-91595\" src=\"https:\/\/www.ludwig-van.com\/montreal\/wp-content\/uploads\/sites\/3\/2026\/01\/Choeur-classique-Passion-selon-Saint-Jean.png\" alt=\"\" width=\"1200\" height=\"615\" srcset=\"https:\/\/www.ludwig-van.com\/montreal\/wp-content\/uploads\/sites\/3\/2026\/01\/Choeur-classique-Passion-selon-Saint-Jean.png 1200w, https:\/\/www.ludwig-van.com\/montreal\/wp-content\/uploads\/sites\/3\/2026\/01\/Choeur-classique-Passion-selon-Saint-Jean-300x154.png 300w, https:\/\/www.ludwig-van.com\/montreal\/wp-content\/uploads\/sites\/3\/2026\/01\/Choeur-classique-Passion-selon-Saint-Jean-1024x525.png 1024w, https:\/\/www.ludwig-van.com\/montreal\/wp-content\/uploads\/sites\/3\/2026\/01\/Choeur-classique-Passion-selon-Saint-Jean-768x394.png 768w\" sizes=\"(max-width: 1200px) 100vw, 1200px\" \/><\/p>\n<h3>Ch\u0153ur classique de Montr\u00e9al &#8211; <i>La Passion selon St-Jean<\/i><\/h3>\n<p>Le <b>Ch\u0153ur classique de Montr\u00e9al<\/b> propose cette semaine une relecture de la bien connue \u0153uvre de Bach, <i>La Passion selon St-Jean<\/i>. Sous la direction de <b>Louis Lavigueur<\/b> et accompagn\u00e9\u00b7e\u00b7s de l\u2019orchestre <b>Sinfonia de Montr\u00e9al<\/b>, le Ch\u0153ur et les solistes <b>Roseline Lambert<\/b>, soprano, <b>Ian Sabourin<\/b>, contre-t\u00e9nor, <b>Philippe Gagn\u00e9 <\/b>et <b>Louis-Charles Gagnon<\/b>, t\u00e9nors, ainsi qu\u2019<b>Olivier Bergeron<\/b>, basse, pr\u00e9senteront une version audacieuse et captivante de cette trag\u00e9die lyrique.<\/p>\n<p>LE 30 JANVIER, 19 H 30, MAISON SYMPHONIQUE\u00a0 <a href=\"https:\/\/www.placedesarts.com\/evenement\/passion-selon-saint-jean\" target=\"_blank\" rel=\"noopener\">D\u00c9TAILS ET BILLETS<\/a><\/p>\n<p>&nbsp;<\/p>\n<figure id=\"attachment_91597\" aria-describedby=\"caption-attachment-91597\" style=\"width: 1200px\" class=\"wp-caption aligncenter\"><img decoding=\"async\" loading=\"lazy\" class=\"size-full wp-image-91597\" src=\"https:\/\/www.ludwig-van.com\/montreal\/wp-content\/uploads\/sites\/3\/2026\/01\/Fougue-concertante-1.jpg\" alt=\"\" width=\"1200\" height=\"763\" srcset=\"https:\/\/www.ludwig-van.com\/montreal\/wp-content\/uploads\/sites\/3\/2026\/01\/Fougue-concertante-1.jpg 1200w, https:\/\/www.ludwig-van.com\/montreal\/wp-content\/uploads\/sites\/3\/2026\/01\/Fougue-concertante-1-300x191.jpg 300w, https:\/\/www.ludwig-van.com\/montreal\/wp-content\/uploads\/sites\/3\/2026\/01\/Fougue-concertante-1-1024x651.jpg 1024w, https:\/\/www.ludwig-van.com\/montreal\/wp-content\/uploads\/sites\/3\/2026\/01\/Fougue-concertante-1-768x488.jpg 768w\" sizes=\"(max-width: 1200px) 100vw, 1200px\" \/><figcaption id=\"caption-attachment-91597\" class=\"wp-caption-text\">Bailey Wantuch, \u00c9lise Poulin et Catherine Cherrier, les solistes du concert Fougue concertante de la SMCQ.<\/figcaption><\/figure>\n<h3>SMCQ &#8211; <em>Fougue concertante<\/em><\/h3>\n<p>La Soci\u00e9t\u00e9 de musique contemporaine du Qu\u00e9bec a s\u00e9lectionn\u00e9 trois jeunes solistes pour cette soir\u00e9e de concertos contemporains pr\u00e9sent\u00e9e dans le cadre de sa saison 60e anniversaire. Vous \u00eates donc invit\u00e9s \u00e0 venir \u00e9couter <b>Catherine Cherrier<\/b>, percussions, <b>\u00c9lise Poulin<\/b>, hautbois, <b>Bailey Wantuch<\/b>, violon, ainsi que l\u2019<b>Ensemble SMCQ<\/b> dirig\u00e9 par <b>Cristian Gort<\/b> interpr\u00e9ter des \u0153uvres de Margareta Jeri\u0107, <b>Philippe Leroux<\/b>, <b>Mart\u00edn Matalon<\/b> et Kaija Saariaho.<\/p>\n<p>LE 30 JANVIER, 19 H 30, SALLE PIERRE-MERCURE\u00a0 <a href=\"https:\/\/smcq.qc.ca\/smcq\/fr\/evenement\/47828-fougue-concertante\">D\u00c9TAILS ET BILLETS<\/a><\/p>\n<p>&nbsp;<\/p>\n<p><img decoding=\"async\" loading=\"lazy\" class=\"aligncenter size-full wp-image-91598\" src=\"https:\/\/www.ludwig-van.com\/montreal\/wp-content\/uploads\/sites\/3\/2026\/01\/Lucretia.png\" alt=\"\" width=\"1200\" height=\"735\" srcset=\"https:\/\/www.ludwig-van.com\/montreal\/wp-content\/uploads\/sites\/3\/2026\/01\/Lucretia.png 1200w, https:\/\/www.ludwig-van.com\/montreal\/wp-content\/uploads\/sites\/3\/2026\/01\/Lucretia-300x184.png 300w, https:\/\/www.ludwig-van.com\/montreal\/wp-content\/uploads\/sites\/3\/2026\/01\/Lucretia-1024x627.png 1024w, https:\/\/www.ludwig-van.com\/montreal\/wp-content\/uploads\/sites\/3\/2026\/01\/Lucretia-768x470.png 768w\" sizes=\"(max-width: 1200px) 100vw, 1200px\" \/><\/p>\n<h3>Op\u00e9ra de McGill &#8211; <i>The Rape of Lucretia<\/i> de Benjamin Britten<\/h3>\n<p>L\u2019<b>Op\u00e9ra McGill<\/b> accompagn\u00e9 de l\u2019<b>Orchestre symphonique de McGill<\/b> interpr\u00e9teront une \u0153uvre traitant de sujets sensibles, <i>The Rape of Lucretia<\/i> par un des grands compositeurs d&rsquo;op\u00e9ra du XXe si\u00e8cle, Benjamin Britten. Cet op\u00e9ra de chambre \u00e9crit en 1946 raconte la l\u00e9gende fondatrice de Rome o\u00f9 Lucretia (ou Lucr\u00e8ce en fran\u00e7ais) met fin \u00e0 ses jours suite au viol qu\u2019elle a subi par le fils du roi. Cet \u00e9v\u00e9nement provoque une r\u00e9volte dirig\u00e9e par Brutus, mettant ainsi fin au r\u00e8gne de la monarchie Tarquin, \u00e9tablissant de ce fait la R\u00e9publique de Rome. Britten a compos\u00e9 le r\u00f4le de Lucr\u00e8ce \u00e0 l&rsquo;intention de la contralto Kathleen Ferrier et son air final est \u00ab\u00a0un des plus passionn\u00e9s que Britten a compos\u00e9\u00a0\u00bb, selon BrittenPears Arts.\u00a0 Soyez avertis que l\u2019op\u00e9ra traite de sujets matures, dont la violence sexuelle et le suicide. Quoique le viol ne soit pas pr\u00e9sent\u00e9 sur sc\u00e8ne, il est fortement sugg\u00e9r\u00e9 dans la structure dramatique de l\u2019\u0153uvre. La mise en sc\u00e8ne est sign\u00e9e <b>Patrick Hansen<\/b>, qui en est \u00e9galement le directeur artistique, alors que la direction musicale est assur\u00e9e par <b>Stephen Hargreaves<\/b>.<\/p>\n<p>LES 30 ET 31 JANVIER, 19 H 30, ET LE 1 F\u00c9VRIER, 14 H, SALLE LUDGER DU MONUMENT NATIONAL\u00a0 <a href=\"https:\/\/www.mcgill.ca\/music\/fr\/channels\/event\/opera-mcgill-rape-lucretia-370030\" target=\"_blank\" rel=\"noopener\">D\u00c9TAILS ET BILLETS<\/a><\/p>\n<p>&nbsp;<\/p>\n<figure id=\"attachment_89304\" aria-describedby=\"caption-attachment-89304\" style=\"width: 1200px\" class=\"wp-caption aligncenter\"><img decoding=\"async\" loading=\"lazy\" class=\"size-full wp-image-89304\" src=\"https:\/\/www.ludwig-van.com\/montreal\/wp-content\/uploads\/sites\/3\/2025\/08\/Marc-Hervieux_courtoisie.png\" alt=\"Marc Hervieux (Photo : courtoisie)\" width=\"1200\" height=\"775\" srcset=\"https:\/\/www.ludwig-van.com\/montreal\/wp-content\/uploads\/sites\/3\/2025\/08\/Marc-Hervieux_courtoisie.png 1200w, https:\/\/www.ludwig-van.com\/montreal\/wp-content\/uploads\/sites\/3\/2025\/08\/Marc-Hervieux_courtoisie-300x194.png 300w, https:\/\/www.ludwig-van.com\/montreal\/wp-content\/uploads\/sites\/3\/2025\/08\/Marc-Hervieux_courtoisie-1024x661.png 1024w, https:\/\/www.ludwig-van.com\/montreal\/wp-content\/uploads\/sites\/3\/2025\/08\/Marc-Hervieux_courtoisie-768x496.png 768w\" sizes=\"(max-width: 1200px) 100vw, 1200px\" \/><figcaption id=\"caption-attachment-89304\" class=\"wp-caption-text\">Marc Hervieux (Photo : courtoisie)<\/figcaption><\/figure>\n<h3><em>Sinatra symphonique<\/em> avec Marc Hervieux<\/h3>\n<p>Passez un moment en compagnie du t\u00e9nor <b>Marc Hervieux<\/b>, ses invit\u00e9\u00b7e\u00b7s <b>Mia Tinayre<\/b> et <b>Sam Champagne<\/b> ainsi qu\u2019avec l\u2019<b>Orchestre FILMharmonique<\/b> dirig\u00e9 par <b>Francis Choini\u00e8re <\/b>alors qu\u2019ils vous interpr\u00e9teront les grands classiques de Frank Sinatra. Vous aurez l\u2019occasion d\u2019entendre <i>Fly Me to the Moon<\/i>, <i>My Way<\/i>, <i>Strangers in the Night <\/i>et bien d\u2019autres succ\u00e8s du c\u00e9l\u00e8bre crooner pr\u00e9sent\u00e9s comme ils ont \u00e9t\u00e9 enregistr\u00e9s \u00e0 l\u2019origine.<\/p>\n<p>LES 30 ET 31 JANVIER, 19 H 30, ET LE 31 JANVIER 14 H, SALLE WILFRID-PELLETIER\u00a0 <a href=\"https:\/\/www.placedesarts.com\/evenement\/sinatra-symphonique\" target=\"_blank\" rel=\"noopener\">D\u00c9TAILS ET BILLETS<\/a><\/p>\n<p>&nbsp;<\/p>\n<p><img decoding=\"async\" loading=\"lazy\" class=\"aligncenter size-full wp-image-91599\" src=\"https:\/\/www.ludwig-van.com\/montreal\/wp-content\/uploads\/sites\/3\/2026\/01\/Clowns.jpg\" alt=\"\" width=\"1200\" height=\"968\" srcset=\"https:\/\/www.ludwig-van.com\/montreal\/wp-content\/uploads\/sites\/3\/2026\/01\/Clowns.jpg 1200w, https:\/\/www.ludwig-van.com\/montreal\/wp-content\/uploads\/sites\/3\/2026\/01\/Clowns-300x242.jpg 300w, https:\/\/www.ludwig-van.com\/montreal\/wp-content\/uploads\/sites\/3\/2026\/01\/Clowns-1024x826.jpg 1024w, https:\/\/www.ludwig-van.com\/montreal\/wp-content\/uploads\/sites\/3\/2026\/01\/Clowns-768x620.jpg 768w\" sizes=\"(max-width: 1200px) 100vw, 1200px\" \/><\/p>\n<h3>Op\u00e9ra de Montr\u00e9al &#8211;\u00a0<em>Clown(s) <\/em>d&rsquo;Ana Sokolovic<\/h3>\n<p>L&rsquo;Op\u00e9ra de Montr\u00e9al d\u00e9voile ce 31 janvier et pour un total de quatre repr\u00e9sentations la nouvelle cr\u00e9ation de la compositrice et librettiste <strong>Ana Sokolovi\u0107<\/strong>, <em>Clown(s)<\/em>. Cette fable musicale en sept tableaux explore le cycle de la vie dans un style ici ludique, l\u00e0 po\u00e9tique, inspir\u00e9 du film <em>I pagliacci<\/em> de Fellini et des grandes figures du cin\u00e9ma muet Charlie Chaplin et Buster Keaton. La mise en sc\u00e8ne de <strong>Martin Genest<\/strong> pr\u00e9sente un fourmillement d&rsquo;activit\u00e9s sur sc\u00e8ne et au-dessus, m\u00ealant musique, th\u00e9\u00e2tre, danse, acrobaties et marionnettes dans un joyeux tourbillon dont le ton est modul\u00e9 selon les \u00e2ges repr\u00e9sent\u00e9s. D&rsquo;une dur\u00e9e de 1 h 15, l&rsquo;\u0153uvre est pr\u00e9sent\u00e9e sans entracte.<\/p>\n<p>LE 31 JANVIER, 19 H 30, TH\u00c9\u00c2TRE MAISONNEUVE\u00a0 <a href=\"https:\/\/operademontreal.com\/programmes\/clowns\" target=\"_blank\" rel=\"noopener\">D\u00c9TAILS ET BILLETS<\/a><\/p>\n<p>&nbsp;<\/p>\n<figure id=\"attachment_80004\" aria-describedby=\"caption-attachment-80004\" style=\"width: 1200px\" class=\"wp-caption aligncenter\"><img decoding=\"async\" loading=\"lazy\" class=\"size-full wp-image-80004\" src=\"https:\/\/www.ludwig-van.com\/montreal\/wp-content\/uploads\/sites\/3\/2024\/02\/Daniel-Bartholomew-Poyser_10.8.2022_PhotographerMelissaTaylor_1200.jpg\" alt=\"\" width=\"1200\" height=\"800\" srcset=\"https:\/\/www.ludwig-van.com\/montreal\/wp-content\/uploads\/sites\/3\/2024\/02\/Daniel-Bartholomew-Poyser_10.8.2022_PhotographerMelissaTaylor_1200.jpg 1200w, https:\/\/www.ludwig-van.com\/montreal\/wp-content\/uploads\/sites\/3\/2024\/02\/Daniel-Bartholomew-Poyser_10.8.2022_PhotographerMelissaTaylor_1200-300x200.jpg 300w, https:\/\/www.ludwig-van.com\/montreal\/wp-content\/uploads\/sites\/3\/2024\/02\/Daniel-Bartholomew-Poyser_10.8.2022_PhotographerMelissaTaylor_1200-1024x683.jpg 1024w, https:\/\/www.ludwig-van.com\/montreal\/wp-content\/uploads\/sites\/3\/2024\/02\/Daniel-Bartholomew-Poyser_10.8.2022_PhotographerMelissaTaylor_1200-768x512.jpg 768w\" sizes=\"(max-width: 1200px) 100vw, 1200px\" \/><figcaption id=\"caption-attachment-80004\" class=\"wp-caption-text\">Daniel Bartholomew-Poyser (Photo : Melissa Taylor)<\/figcaption><\/figure>\n<h3>Ensemble Obiora &#8211; <em>Amber<\/em><\/h3>\n<p>La mission de l\u2019<b>Ensemble Obiora<\/b> est r\u00e9sum\u00e9e par trois termes qu\u2019il appelle les 3D : Diversit\u00e9, D\u00e9couverte, Diffusion. Diversit\u00e9 puisqu\u2019il s\u2019agit du premier orchestre canadien compos\u00e9 essentiellement d\u2019instrumentistes issu\u00b7e\u00b7s de milieux culturels peu repr\u00e9sent\u00e9s en musique classique; D\u00e9couverte et Diffusion car l\u2019Ensemble priorise le r\u00e9pertoire d\u2019artistes de diff\u00e9rentes origines dont la musique est m\u00e9connue. Concert d\u2019ouverture de leur saison 2026, <i>Amber<\/i>, pr\u00e9sent\u00e9 ce samedi, allie la force de la tradition avec le dynamisme de l\u2019innovation. En effet, sous la baguette du chef invit\u00e9 <b>Daniel Bartholomew-Poyser<\/b>,\u00a0Obiora interp\u00e9tera des \u0153uvres de Haydn, Ibert, <b>Shaw<\/b> et Stravinski, ainsi que la premi\u00e8re mondiale de <i>Then the Sky Was Amber<\/i> de <b>Saman Shahi\u00a0<\/b>avec le concours de l&rsquo;altiste invit\u00e9e <b>Sharon Wei<\/b>.<\/p>\n<p>LE 31 JANVIER, 19 H 30, SALLE PIERRE-MERCURE\u00a0 <a href=\"https:\/\/ensembleobiora.com\/saison2025-2026\/concert-amber\" target=\"_blank\" rel=\"noopener\">D\u00c9TAILS ET BILLETS<\/a><\/p>\n<p>&nbsp;<\/p>\n<figure id=\"attachment_60346\" aria-describedby=\"caption-attachment-60346\" style=\"width: 1024px\" class=\"wp-caption aligncenter\"><img decoding=\"async\" loading=\"lazy\" class=\"size-full wp-image-60346\" src=\"https:\/\/www.ludwig-van.com\/montreal\/wp-content\/uploads\/sites\/3\/2019\/07\/Andrei-Feher-2-credit-Matthieu-Gauchet__resized.jpg\" alt=\"\" width=\"1024\" height=\"731\" srcset=\"https:\/\/www.ludwig-van.com\/montreal\/wp-content\/uploads\/sites\/3\/2019\/07\/Andrei-Feher-2-credit-Matthieu-Gauchet__resized.jpg 1024w, https:\/\/www.ludwig-van.com\/montreal\/wp-content\/uploads\/sites\/3\/2019\/07\/Andrei-Feher-2-credit-Matthieu-Gauchet__resized-300x214.jpg 300w, https:\/\/www.ludwig-van.com\/montreal\/wp-content\/uploads\/sites\/3\/2019\/07\/Andrei-Feher-2-credit-Matthieu-Gauchet__resized-768x548.jpg 768w\" sizes=\"(max-width: 1024px) 100vw, 1024px\" \/><figcaption id=\"caption-attachment-60346\" class=\"wp-caption-text\">Andrei Feher (Cr\u00e9dit photo : Mathieu Gaudet)<\/figcaption><\/figure>\n<h3>OSCM &#8211; <i>De la trag\u00e9die au triomphe<\/i><\/h3>\n<p>Sous la direction d\u2019<b>Andrei Feher<\/b>, les instrumentistes de l&rsquo;<b>Orchestre symphonique du Conservatoire de musique de Montr\u00e9al<\/b> joueront la <i>Symphonie no 2<\/i> de Robert Schumann, pr\u00e9c\u00e9d\u00e9e en premi\u00e8re partie de <i>Curiosity, Genius and the Search for Petula Clark<\/i> de la compositrice canadienne <b>Kelly-Marie Murphy<\/b>, ainsi que du <i>Concerto pour piano no 1 <\/i>de Brahms interpr\u00e9t\u00e9 par <b>Samuel<\/b> <strong>Lauzon-Schnitka<\/strong>, d\u00e9clar\u00e9 grand laur\u00e9at du Prix d&rsquo;Europe 2025 en juin dernier.<\/p>\n<p>LE 1 F\u00c9VRIER, 14 H 30, MAISON SYMPHONIQUE\u00a0 <a href=\"https:\/\/www.placedesarts.com\/evenement\/tragedie-au-triomphe\" target=\"_blank\" rel=\"noopener\">D\u00c9TAILS ET BILLETS<\/a><\/p>\n<p>&nbsp;<\/p>\n<figure id=\"attachment_84122\" aria-describedby=\"caption-attachment-84122\" style=\"width: 1200px\" class=\"wp-caption aligncenter\"><img decoding=\"async\" loading=\"lazy\" class=\"size-full wp-image-84122\" src=\"https:\/\/www.ludwig-van.com\/montreal\/wp-content\/uploads\/sites\/3\/2024\/09\/Stephane-Fontaine_Louise-Leblanc_1200.png\" alt=\"St\u00e9phane Fontaine, clarinette. (Photo : Louise Leblanc)\" width=\"1200\" height=\"866\" srcset=\"https:\/\/www.ludwig-van.com\/montreal\/wp-content\/uploads\/sites\/3\/2024\/09\/Stephane-Fontaine_Louise-Leblanc_1200.png 1200w, https:\/\/www.ludwig-van.com\/montreal\/wp-content\/uploads\/sites\/3\/2024\/09\/Stephane-Fontaine_Louise-Leblanc_1200-300x217.png 300w, https:\/\/www.ludwig-van.com\/montreal\/wp-content\/uploads\/sites\/3\/2024\/09\/Stephane-Fontaine_Louise-Leblanc_1200-1024x739.png 1024w, https:\/\/www.ludwig-van.com\/montreal\/wp-content\/uploads\/sites\/3\/2024\/09\/Stephane-Fontaine_Louise-Leblanc_1200-768x554.png 768w\" sizes=\"(max-width: 1200px) 100vw, 1200px\" \/><figcaption id=\"caption-attachment-84122\" class=\"wp-caption-text\">St\u00e9phane Fontaine, clarinette. (Photo : Louise Leblanc)<\/figcaption><\/figure>\n<h3>\u00c0 Qu\u00e9bec : Les Concerts Couperins &#8211; <i>Ce d\u00e9sir de profondeur<\/i><\/h3>\n<p>Profitez de la fin de semaine pour une escapade \u00e0 Qu\u00e9bec o\u00f9 vous pourrez assister au concert <i>Ce d\u00e9sir de profondeur<\/i>. Cet \u00e9v\u00e9nement, qui s&rsquo;inscrit dans la s\u00e9rie Les Concerts Couperin, vous propose deux cycles de m\u00e9lodies de Louis Spohr et Johannes Brahms, ainsi que des \u0153uvres d\u2019<b>\u00c9ric Champagne<\/b> et <b>Nathalie Tremblay<\/b> \u00e9crites pour accompagner l\u2019exposition permanente sur le Qu\u00e9bec au Mus\u00e9e de la civilisation, le tout interpr\u00e9t\u00e9 par <b>Marie-Andr\u00e9e Mathieu<\/b>, mezzo-soprano, <b>Nathalie Tremblay<\/b>, pianiste, et <b>St\u00e9phane Fontaine<\/b>, clarinette. <b>Anne-Sophie Lalibert\u00e9<\/b> sera \u00e9galement de la partie en d\u00e9but de repr\u00e9sentation pour ajouter le son de son violoncelle \u00e0 ceux des autres instruments.<\/p>\n<p>LE 1 F\u00c9VRIER, 14 H 30, CHAPELLE DU S\u00c9MINAIRE DE QU\u00c9BEC\u00a0 <a href=\"https:\/\/lepointdevente.com\/billets\/UPE260201001?fbclid=IwY2xjawPf_khleHRuA2FlbQIxMABicmlkETFCWVZRV0piR0sya0trc3gwc3J0YwZhcHBfaWQQMjIyMDM5MTc4ODIwMDg5MgABHpDci0NXrmkrBj3yRV6sf07_zJ1OQzoUEejp9V2AcCqv3InOh_dMPM-AmZQc_aem__1_72gd0zgLTTIUU3DGlyg\" target=\"_blank\" rel=\"noopener\">D\u00c9TAILS ET BILLETS<\/a><\/p>\n<p>&nbsp;<\/p>\n<figure id=\"attachment_91600\" aria-describedby=\"caption-attachment-91600\" style=\"width: 1200px\" class=\"wp-caption aligncenter\"><img decoding=\"async\" loading=\"lazy\" class=\"size-full wp-image-91600\" src=\"https:\/\/www.ludwig-van.com\/montreal\/wp-content\/uploads\/sites\/3\/2026\/01\/OSL_Adam-Johnson-octobre_2024_Gabriel-Fournier.jpg\" alt=\"\" width=\"1200\" height=\"800\" srcset=\"https:\/\/www.ludwig-van.com\/montreal\/wp-content\/uploads\/sites\/3\/2026\/01\/OSL_Adam-Johnson-octobre_2024_Gabriel-Fournier.jpg 1200w, https:\/\/www.ludwig-van.com\/montreal\/wp-content\/uploads\/sites\/3\/2026\/01\/OSL_Adam-Johnson-octobre_2024_Gabriel-Fournier-300x200.jpg 300w, https:\/\/www.ludwig-van.com\/montreal\/wp-content\/uploads\/sites\/3\/2026\/01\/OSL_Adam-Johnson-octobre_2024_Gabriel-Fournier-1024x683.jpg 1024w, https:\/\/www.ludwig-van.com\/montreal\/wp-content\/uploads\/sites\/3\/2026\/01\/OSL_Adam-Johnson-octobre_2024_Gabriel-Fournier-768x512.jpg 768w\" sizes=\"(max-width: 1200px) 100vw, 1200px\" \/><figcaption id=\"caption-attachment-91600\" class=\"wp-caption-text\">Adam Johnson et l&rsquo;Orchestre symphonique de Laval (Photo : Gabriel Fournier)<\/figcaption><\/figure>\n<h3>OSL &#8211; <em>Ch\u0153ur : comme un air d\u2019op\u00e9ra<\/em><\/h3>\n<p>L\u2019<b>Orchestre symphonique de Laval<\/b> ainsi que le <b>Ch\u0153ur de Laval<\/b> pr\u00e9sentent dimanche une v\u00e9ritable saga vocale mettant de l\u2019avant l\u2019imagerie des compositeurs du XIXe si\u00e8cle. Trolls, po\u00e9sie de Goethe, l\u00e9gendes populaires russes, r\u00eaves et mythes mis en musique sauront certainement plaire \u00e0 un large public. Les solistes <b>Sharon Azrieli<\/b>, <b>Susan Elisabeth Brown<\/b> et <b>Hugo Laporte<\/b> ajouteront leur voix \u00e0 celles des 80 membres du ch\u0153ur pour compl\u00e9ter cette \u00e9pop\u00e9e fantaisiste. Le matin, la r\u00e9p\u00e9tition g\u00e9n\u00e9rale est ouverte aux enfants de 0 \u00e0 5 ans et \u00e0 leur famille dans une formule bienveillante permettant aux familles de vivre le concert dans une atmosph\u00e8re douce et d\u00e9tendue.<\/p>\n<p>LE 1 F\u00c9VRIER, 10 H (G\u00c9N\u00c9RALE OUVERTE AUX FAMILLES) ET 15 H (CONCERT), SALLE ANDR\u00c9-MATHIEU\u00a0 <a href=\"https:\/\/www.osl.ca\/choeur\" target=\"_blank\" rel=\"noopener\">D\u00c9TAILS ET BILLETS<\/a><\/p>\n<p>&nbsp;<\/p>\n<p><img decoding=\"async\" loading=\"lazy\" class=\"aligncenter size-full wp-image-91602\" src=\"https:\/\/www.ludwig-van.com\/montreal\/wp-content\/uploads\/sites\/3\/2026\/01\/el-kapoutchi.jpg\" alt=\"\" width=\"1200\" height=\"673\" srcset=\"https:\/\/www.ludwig-van.com\/montreal\/wp-content\/uploads\/sites\/3\/2026\/01\/el-kapoutchi.jpg 1200w, https:\/\/www.ludwig-van.com\/montreal\/wp-content\/uploads\/sites\/3\/2026\/01\/el-kapoutchi-300x168.jpg 300w, https:\/\/www.ludwig-van.com\/montreal\/wp-content\/uploads\/sites\/3\/2026\/01\/el-kapoutchi-1024x574.jpg 1024w, https:\/\/www.ludwig-van.com\/montreal\/wp-content\/uploads\/sites\/3\/2026\/01\/el-kapoutchi-768x431.jpg 768w\" sizes=\"(max-width: 1200px) 100vw, 1200px\" \/><\/p>\n<h3>OSD &#8211; Le vilain El Kapoutchi s&rsquo;attaque \u00e0 la musique classique!<\/h3>\n<p>Pour sa premi\u00e8re \u00e9dition de la Grande journ\u00e9e familiale de l&rsquo;OSD, l&rsquo;<strong>Orchestre symphonique de Drummondville<\/strong> doit d\u00e9fendre la musique classique contre les attaques du vilain El Kapoutchi! Dans ce concert humoristique con\u00e7u pour les jeunes de 4 \u00e0 10 ans (et les adultes les accompagnant), le public doit aider l&rsquo;orchestre \u00e0 \u00e9chapper \u00e0 cet anti-h\u00e9ros cr\u00e9\u00e9 par <strong>Alexandre Courteau<\/strong>. Une heure avant le concert, une foule d&rsquo;activit\u00e9s ludiques invitant \u00e0 explorer divers aspects de la musique classique est propos\u00e9e \u00e0 la Maison des arts Desjardins. Apr\u00e8s le concert, les intr\u00e9pides n&rsquo;ayant pas peur du roi des m\u00e9chants auront l&rsquo;occasion d&rsquo;obtenir son autographe &#8211; s&rsquo;il n&rsquo;a pas tout d\u00e9truit auparavant! Attention, le Carr\u00e9 150 de Victoriaville et le Th\u00e9\u00e2tre Maisonneuve font \u00e9galement partie des plans d&rsquo;attaque du vilain \u00e0 des dates ult\u00e9rieures!<\/p>\n<p>LE 1 F\u00c9VRIER, \u00c0 PARTIR DE 14 H, MAISON DES ARTS DESJARDINS\u00a0 <a href=\"https:\/\/www.osdrummondville.com\/evenements\/hors-serie\/la-redoutable-symphonie-d-el-kapoutchi\/\" target=\"_blank\" rel=\"noopener\">D\u00c9TAILS ET BILLETS\u00a0<\/a><\/p>\n<figure id=\"attachment_91601\" aria-describedby=\"caption-attachment-91601\" style=\"width: 1200px\" class=\"wp-caption aligncenter\"><img decoding=\"async\" loading=\"lazy\" class=\"size-full wp-image-91601\" src=\"https:\/\/www.ludwig-van.com\/montreal\/wp-content\/uploads\/sites\/3\/2026\/01\/Jui-Sheng-Li_Tam-Photography.png\" alt=\"\" width=\"1200\" height=\"763\" srcset=\"https:\/\/www.ludwig-van.com\/montreal\/wp-content\/uploads\/sites\/3\/2026\/01\/Jui-Sheng-Li_Tam-Photography.png 1200w, https:\/\/www.ludwig-van.com\/montreal\/wp-content\/uploads\/sites\/3\/2026\/01\/Jui-Sheng-Li_Tam-Photography-300x191.png 300w, https:\/\/www.ludwig-van.com\/montreal\/wp-content\/uploads\/sites\/3\/2026\/01\/Jui-Sheng-Li_Tam-Photography-1024x651.png 1024w, https:\/\/www.ludwig-van.com\/montreal\/wp-content\/uploads\/sites\/3\/2026\/01\/Jui-Sheng-Li_Tam-Photography-768x488.png 768w\" sizes=\"(max-width: 1200px) 100vw, 1200px\" \/><figcaption id=\"caption-attachment-91601\" class=\"wp-caption-text\">Jui-Sheng Li (Photo : Tam Photography)<\/figcaption><\/figure>\n<h3>Jui-Sheng Li &#8211; <i>Souvenirs d\u2019enfance<\/i><\/h3>\n<p>Le pianiste <b>Jui-Sheng Li<\/b> vous invite \u00e9galement \u00e0 vivre des moments ravivant l\u2019imagination dans ce r\u00e9cital <i>Souvenirs d\u2019enfance<\/i>. Faites comme lui et retombez en enfance \u00e0 l\u2019\u00e9coute de <i>Kinderszenen<\/i> et d\u2019extraits de <i>Fantasiest\u00fccke<\/i> de Schumann, de <i>Reminiscences of Snow White<\/i> d\u2019Earl Wild, d\u2019extraits de <i>24 Pr\u00e9ludes <\/i>de Debussy, ainsi que de trois mouvements de <i>P\u00e9trouchka<\/i> de Stravinsky. La repr\u00e9sentation est gratuite avec billet.<\/p>\n<p>LE 1 F\u00c9VRIER, 15 H, SALLE PAUL-DESMARAIS\u00a0 <a href=\"https:\/\/montreal.ca\/evenements\/souvenirs-denfance-jui-sheng-li-102153\" target=\"_blank\" rel=\"noopener\">D\u00c9TAILS ET BILLETS<\/a><\/p>\n<h2><em>Inscrivez-vous \u00e0 notre infolettre! La musique classique et l\u2019op\u00e9ra en 5 minutes, chaque jour<\/em> <a href=\"https:\/\/ludwig-van.us9.list-manage.com\/subscribe?u=4f785cb3f9058f2393ccad035&amp;id=b9b160c032\" target=\"_blank\" rel=\"noopener noreferrer\">ICI<\/a>.<\/h2>\n","protected":false},"excerpt":{"rendered":"<p>\u00cates-vous du type fantaisiste, aventureux, romantique ou dramatique? Pr\u00e9f\u00e9rez-vous les airs connus ou d\u00e9couvrir de nouvelles sonorit\u00e9s? Nul besoin des pastilles de go\u00fbt comme pour les vins \u00e0 la SAQ pour mieux choisir vos concerts, il vous suffit de lire les Choix de la semaine! Et cette semaine, il y en a pour tous les go\u00fbts : op\u00e9ra dramatique, premi\u00e8re mondiale, rel\u00e8ve en art vocal, relecture d\u2019une \u0153uvre embl\u00e9matique, musique symphonique, musique de chambre, r\u00e9cital, sorties en famille \u2026 M\u00eame le grand Sinatra y trouve sa place! (Le titre de cet article est un clin d&rsquo;\u0153il \u00e0 un hit de Sinatra, l&rsquo;avez-vous saisi? \ud83d\ude09 )<\/p>\n","protected":false},"author":1,"featured_media":91603,"comment_status":"open","ping_status":"open","sticky":false,"template":"","format":"standard","meta":{"om_disable_all_campaigns":false,"jetpack_post_was_ever_published":false},"categories":[42368,10994],"tags":[42369,11882],"yst_prominent_words":[9878,9863,37650,18020,18015,26052,9877,21882,17507,17138,17134,17133,26053],"acf":[],"jetpack_featured_media_url":"https:\/\/www.ludwig-van.com\/montreal\/wp-content\/uploads\/sites\/3\/2026\/01\/Copie-de-CONCERTS9.jpg","jetpack_sharing_enabled":true,"jetpack_shortlink":"https:\/\/wp.me\/p9bdYt-nPi","amp_enabled":true,"_links":{"self":[{"href":"https:\/\/www.ludwig-van.com\/montreal\/wp-json\/wp\/v2\/posts\/91592"}],"collection":[{"href":"https:\/\/www.ludwig-van.com\/montreal\/wp-json\/wp\/v2\/posts"}],"about":[{"href":"https:\/\/www.ludwig-van.com\/montreal\/wp-json\/wp\/v2\/types\/post"}],"author":[{"embeddable":true,"href":"https:\/\/www.ludwig-van.com\/montreal\/wp-json\/wp\/v2\/users\/1"}],"replies":[{"embeddable":true,"href":"https:\/\/www.ludwig-van.com\/montreal\/wp-json\/wp\/v2\/comments?post=91592"}],"version-history":[{"count":19,"href":"https:\/\/www.ludwig-van.com\/montreal\/wp-json\/wp\/v2\/posts\/91592\/revisions"}],"predecessor-version":[{"id":91623,"href":"https:\/\/www.ludwig-van.com\/montreal\/wp-json\/wp\/v2\/posts\/91592\/revisions\/91623"}],"wp:featuredmedia":[{"embeddable":true,"href":"https:\/\/www.ludwig-van.com\/montreal\/wp-json\/wp\/v2\/media\/91603"}],"wp:attachment":[{"href":"https:\/\/www.ludwig-van.com\/montreal\/wp-json\/wp\/v2\/media?parent=91592"}],"wp:term":[{"taxonomy":"category","embeddable":true,"href":"https:\/\/www.ludwig-van.com\/montreal\/wp-json\/wp\/v2\/categories?post=91592"},{"taxonomy":"post_tag","embeddable":true,"href":"https:\/\/www.ludwig-van.com\/montreal\/wp-json\/wp\/v2\/tags?post=91592"},{"taxonomy":"yst_prominent_words","embeddable":true,"href":"https:\/\/www.ludwig-van.com\/montreal\/wp-json\/wp\/v2\/yst_prominent_words?post=91592"}],"curies":[{"name":"wp","href":"https:\/\/api.w.org\/{rel}","templated":true}]}}