{"id":91560,"date":"2026-01-23T16:25:21","date_gmt":"2026-01-23T21:25:21","guid":{"rendered":"https:\/\/www.ludwig-van.com\/montreal\/?p=91560"},"modified":"2026-01-26T13:00:02","modified_gmt":"2026-01-26T18:00:02","slug":"nouvelle-le-concours-cliburn-lance-un-concours-de-direction-dorchestre","status":"publish","type":"post","link":"https:\/\/www.ludwig-van.com\/montreal\/2026\/01\/23\/nouvelle-le-concours-cliburn-lance-un-concours-de-direction-dorchestre\/","title":{"rendered":"NOUVELLE | Le Cliburn lance un concours de direction d\u2019orchestre"},"content":{"rendered":"<p><img decoding=\"async\" loading=\"lazy\" class=\"aligncenter size-full wp-image-91561\" src=\"https:\/\/www.ludwig-van.com\/montreal\/wp-content\/uploads\/sites\/3\/2026\/01\/Copie-de-NOUVELLE12.jpg\" alt=\"\" width=\"1200\" height=\"628\" srcset=\"https:\/\/www.ludwig-van.com\/montreal\/wp-content\/uploads\/sites\/3\/2026\/01\/Copie-de-NOUVELLE12.jpg 1200w, https:\/\/www.ludwig-van.com\/montreal\/wp-content\/uploads\/sites\/3\/2026\/01\/Copie-de-NOUVELLE12-300x157.jpg 300w, https:\/\/www.ludwig-van.com\/montreal\/wp-content\/uploads\/sites\/3\/2026\/01\/Copie-de-NOUVELLE12-1024x536.jpg 1024w, https:\/\/www.ludwig-van.com\/montreal\/wp-content\/uploads\/sites\/3\/2026\/01\/Copie-de-NOUVELLE12-768x402.jpg 768w\" sizes=\"(max-width: 1200px) 100vw, 1200px\" \/><\/p>\n<p>\u00ab\u00a0<strong>Le Cliburn<\/strong>\u00a0\u00bb, l\u2019organisme nomm\u00e9 en l\u2019honneur du pianiste am\u00e9ricain Van Cliburn (1934-2013), annonce la cr\u00e9ation d\u2019un concours additionnel consacr\u00e9 \u00e0 la direction d\u2019orchestre, dont la premi\u00e8re \u00e9dition aura lieu en 2028 \u00e0 Houston, au Texas.<\/p>\n<p>Ouvert aux chef\u00b7fe\u00b7s \u00e2ge\u00b7e\u00b7s entre 21 et 35 ans, le <strong><em>Cliburn International Competition for Conductors<\/em><\/strong> devient le premier grand concours de direction d\u2019orchestre en Am\u00e9rique du Nord. La cheffe d\u2019orchestre de r\u00e9putation internationale <strong>Marin Alsop<\/strong> sera pr\u00e9sidente du jury et <strong>Kent Nagano<\/strong> fait partie des membres du Comit\u00e9 artistique consultatif, en compagnie de<strong> Robert Spano<\/strong> et de <strong>Xian Zhang<\/strong>, ainsi que des chefs d\u2019orchestre attitr\u00e9s des deux partenaires du Concours, <strong>Miguel Harth-Bedoya<\/strong> de la <strong>Shepherd School of Music<\/strong> (<strong>Rice University<\/strong>) et <strong>Juraj Val\u010duha<\/strong> du <strong>Houston Symphony<\/strong>.<\/p>\n<p>Pour <strong>Jacques Marquis<\/strong>, PDG du Cliburn depuis 2013, cet ajout d\u2019un volet consacr\u00e9 \u00e0 la direction d\u2019orchestre constitue un d\u00e9veloppement naturel compte tenu que le pianiste dont l\u2019organisme porte le nom a lui-m\u00eame \u00e0 l&rsquo;occasion combin\u00e9 jeu et direction.<\/p>\n<p>&nbsp;<\/p>\n<div class=\"jetpack-video-wrapper\"><span class=\"embed-youtube\" style=\"text-align:center; display: block;\"><iframe loading=\"lazy\" class=\"youtube-player\" width=\"640\" height=\"360\" src=\"https:\/\/www.youtube.com\/embed\/qTPtRf7tsYU?version=3&#038;rel=1&#038;showsearch=0&#038;showinfo=1&#038;iv_load_policy=1&#038;fs=1&#038;hl=fr-FR&#038;autohide=2&#038;wmode=transparent\" allowfullscreen=\"true\" style=\"border:0;\" sandbox=\"allow-scripts allow-same-origin allow-popups allow-presentation\"><\/iframe><\/span><\/div>\n<p>Le Concours attribuera un grand prix de 50 000 USD, accompagn\u00e9 d\u2019engagements professionnels et d\u2019un soutien publicitaire, tandis que les finalistes recevront des prix en argent de 20 000 USD.<\/p>\n<p>La p\u00e9riode d\u2019inscription sera ouverte d\u2019octobre 2026 \u00e0 novembre 2027, ensuite de quoi un premier jury s\u00e9lectionnera jusqu\u2019\u00e0 25 candidat\u00b7e\u00b7s \u00e0 partir des dossiers et vid\u00e9os soumis. Ceux-ci seront convoqu\u00e9\u00b7e\u00b7s \u00e0 une audition en personne qui se tiendra au d\u00e9but de l\u2019ann\u00e9e 2028 \u00e0 la Shepherd School of Music de la Rice University. Au terme de cette ronde d\u2019audition, 12 chef\u00b7fe\u00b7s seront invit\u00e9\u00b7e\u00b7s \u00e0 diriger le Houston Symphony lors du Concours officiel en juin 2028.<\/p>\n<p>Le cycle de quatre ans guidant les activit\u00e9s du Cliburn est red\u00e9fini comme suit\u00a0:<\/p>\n<ul>\n<li>An 1\u00a0: aucun \u00e9v\u00e9nement comp\u00e9titif tandis que l\u2019organisme se concentre sur la gestion de carri\u00e8re des gagnant\u00b7e\u00b7s pr\u00e9c\u00e9dent\u00b7e\u00b7s.<\/li>\n<li>An 2\u00a0: Concours international de piano Cliburn Junior, ouvert aux pianistes de 13 \u00e0 17 ans (Juin 2027)<\/li>\n<li>An 3\u00a0: Concours international Cliburn de direction d\u2019orchestre, ouvert aux chef\u00b7fe\u00b7s d\u2019orchestre de 21 \u00e0 35 ans (Juin 2028)<\/li>\n<li>An 4\u00a0: Concours international de piano Van Cliburn, ouvert aux pianistes de 18 \u00e0 30 ans (mai\/juin 2029)<\/li>\n<\/ul>\n<p>Le Concours international Cliburn pour pianistes amateurs, cr\u00e9\u00e9 en 1999, est aboli, les organisateurs consid\u00e9rant qu\u2019il a atteint sa mission de promouvoir le d\u00e9veloppement d\u2019une communaut\u00e9 prosp\u00e8re de pianistes non-professionnels.<\/p>\n<h2><em>Inscrivez-vous \u00e0 notre infolettre! La musique classique et l\u2019op\u00e9ra en 5 minutes, chaque jour<\/em> <a href=\"https:\/\/ludwig-van.us9.list-manage.com\/subscribe?u=4f785cb3f9058f2393ccad035&amp;id=b9b160c032\" target=\"_blank\" rel=\"noopener noreferrer\">ICI<\/a>.<\/h2>\n","protected":false},"excerpt":{"rendered":"<p>\u00ab\u00a0Le Cliburn\u00a0\u00bb, l\u2019organisme nomm\u00e9 en l\u2019honneur du pianiste am\u00e9ricain Van Cliburn (1934-2013), annonce la cr\u00e9ation d\u2019un concours additionnel consacr\u00e9 \u00e0 la direction d\u2019orchestre, dont la premi\u00e8re \u00e9dition aura lieu en 2028 \u00e0 Houston, au Texas.<\/p>\n","protected":false},"author":55,"featured_media":91561,"comment_status":"open","ping_status":"open","sticky":false,"template":"","format":"standard","meta":{"om_disable_all_campaigns":false,"jetpack_post_was_ever_published":false},"categories":[42368,10992],"tags":[42369,818],"yst_prominent_words":[10473,12254,19446,10290,24317,7299,16339],"acf":[],"jetpack_featured_media_url":"https:\/\/www.ludwig-van.com\/montreal\/wp-content\/uploads\/sites\/3\/2026\/01\/Copie-de-NOUVELLE12.jpg","jetpack_sharing_enabled":true,"jetpack_shortlink":"https:\/\/wp.me\/p9bdYt-nOM","amp_enabled":true,"_links":{"self":[{"href":"https:\/\/www.ludwig-van.com\/montreal\/wp-json\/wp\/v2\/posts\/91560"}],"collection":[{"href":"https:\/\/www.ludwig-van.com\/montreal\/wp-json\/wp\/v2\/posts"}],"about":[{"href":"https:\/\/www.ludwig-van.com\/montreal\/wp-json\/wp\/v2\/types\/post"}],"author":[{"embeddable":true,"href":"https:\/\/www.ludwig-van.com\/montreal\/wp-json\/wp\/v2\/users\/55"}],"replies":[{"embeddable":true,"href":"https:\/\/www.ludwig-van.com\/montreal\/wp-json\/wp\/v2\/comments?post=91560"}],"version-history":[{"count":26,"href":"https:\/\/www.ludwig-van.com\/montreal\/wp-json\/wp\/v2\/posts\/91560\/revisions"}],"predecessor-version":[{"id":91591,"href":"https:\/\/www.ludwig-van.com\/montreal\/wp-json\/wp\/v2\/posts\/91560\/revisions\/91591"}],"wp:featuredmedia":[{"embeddable":true,"href":"https:\/\/www.ludwig-van.com\/montreal\/wp-json\/wp\/v2\/media\/91561"}],"wp:attachment":[{"href":"https:\/\/www.ludwig-van.com\/montreal\/wp-json\/wp\/v2\/media?parent=91560"}],"wp:term":[{"taxonomy":"category","embeddable":true,"href":"https:\/\/www.ludwig-van.com\/montreal\/wp-json\/wp\/v2\/categories?post=91560"},{"taxonomy":"post_tag","embeddable":true,"href":"https:\/\/www.ludwig-van.com\/montreal\/wp-json\/wp\/v2\/tags?post=91560"},{"taxonomy":"yst_prominent_words","embeddable":true,"href":"https:\/\/www.ludwig-van.com\/montreal\/wp-json\/wp\/v2\/yst_prominent_words?post=91560"}],"curies":[{"name":"wp","href":"https:\/\/api.w.org\/{rel}","templated":true}]}}